{"id":798,"date":"2019-09-09T11:06:47","date_gmt":"2019-09-09T09:06:47","guid":{"rendered":"http:\/\/blog.vipealo.com\/?p=798"},"modified":"2021-05-21T11:20:57","modified_gmt":"2021-05-21T09:20:57","slug":"cual-es-la-mejor-manera-de-subir-al-teide","status":"publish","type":"post","link":"https:\/\/www.vipealo.com\/blog\/cual-es-la-mejor-manera-de-subir-al-teide\/","title":{"rendered":"Cu\u00e1l es la mejor manera de subir al Teide"},"content":{"rendered":"<p><span style=\"font-weight: 400;\">\u00a0<\/span><\/p>\n<p><span style=\"font-weight: 400;\">Ubicado en el centro de la isla de <\/span><strong>Tenerife<\/strong><span style=\"font-weight: 400;\">, en las <\/span><strong>Islas Canarias<\/strong><span style=\"font-weight: 400;\">, <\/span><strong>el Teide<\/strong><span style=\"font-weight: 400;\"> es un <\/span><strong>volc\u00e1n<\/strong><span style=\"font-weight: 400;\"> que constituye el <\/span><strong>pico m\u00e1s alto de Espa\u00f1a<\/strong><span style=\"font-weight: 400;\">, con 3.718 metros sobre el nivel del mar. Su altitud convierte a la isla que lo alberga en la d\u00e9cima isla m\u00e1s alta del planeta.<\/span><\/p>\n<p><span style=\"font-weight: 400;\">Parte del <\/span><strong>Parque Nacional del Teide<\/strong><span style=\"font-weight: 400;\">, ha sido declarado <\/span><strong>Monumento Natural<\/strong><span style=\"font-weight: 400;\"> y <\/span><strong>Patrimonio de la Humanidad<\/strong><span style=\"font-weight: 400;\">. Es tambi\u00e9n un punto tur\u00edstico de primer orden que ha convertido al parque del que forma parte en el m\u00e1s visitado de Espa\u00f1a y de Europa, y el segundo del mundo, con m\u00e1s de 4 millones de visitas.<\/span><\/p>\n<h2><span style=\"font-weight: 400;\">\u00bfC\u00f3mo llegar al Teide?<\/span><\/h2>\n<p><img loading=\"lazy\" decoding=\"async\" class=\"alignnone wp-image-805 size-full\" src=\"http:\/\/blog.vipealo.com\/wp-content\/uploads\/2019\/09\/TeideMontana.jpg\" alt=\"\" width=\"850\" height=\"565\" srcset=\"https:\/\/www.vipealo.com\/blog\/wp-content\/uploads\/2019\/09\/TeideMontana.jpg 850w, https:\/\/www.vipealo.com\/blog\/wp-content\/uploads\/2019\/09\/TeideMontana-300x199.jpg 300w, https:\/\/www.vipealo.com\/blog\/wp-content\/uploads\/2019\/09\/TeideMontana-768x510.jpg 768w, https:\/\/www.vipealo.com\/blog\/wp-content\/uploads\/2019\/09\/TeideMontana-561x373.jpg 561w, https:\/\/www.vipealo.com\/blog\/wp-content\/uploads\/2019\/09\/TeideMontana-364x242.jpg 364w, https:\/\/www.vipealo.com\/blog\/wp-content\/uploads\/2019\/09\/TeideMontana-758x504.jpg 758w, https:\/\/www.vipealo.com\/blog\/wp-content\/uploads\/2019\/09\/TeideMontana-608x404.jpg 608w\" sizes=\"auto, (max-width: 850px) 100vw, 850px\" \/><\/p>\n<p><span style=\"font-weight: 400;\">Para llegar al <\/span><strong>telef\u00e9rico del Teide<\/strong><span style=\"font-weight: 400;\"> en coche los principales accesos son:<\/span><\/p>\n<ol>\n<li style=\"font-weight: 400;\"><strong>Desde La Orotava<\/strong><span style=\"font-weight: 400;\">: 35 kil\u00f3metros por la TF-21, en un trayecto de una hora aproximadamente.<\/span><\/li>\n<li style=\"font-weight: 400;\"><strong>Desde La Laguna<\/strong><span style=\"font-weight: 400;\">: 55 kil\u00f3metros por la TF-24, en un trayecto aproximado de una hora y cuarto.<\/span><\/li>\n<li style=\"font-weight: 400;\"><strong>Desde Los Cristianos<\/strong><span style=\"font-weight: 400;\">: 44 kil\u00f3metros por la TF-21. En un trayecto de una hora aproximadamente.<\/span><\/li>\n<li style=\"font-weight: 400;\"><strong>Desde Los Gigantes<\/strong><span style=\"font-weight: 400;\">: 50 kil\u00f3metros por la TF-38, con buen asfalto y pocas curvas que puede realizarse en una hora m\u00e1s o menos.<\/span><\/li>\n<\/ol>\n<p><span style=\"font-weight: 400;\">Los <\/span><strong>autobuses<\/strong><span style=\"font-weight: 400;\"> que te llevan hasta <\/span><strong>El Teide<\/strong><span style=\"font-weight: 400;\">, o <\/span><strong>guaguas<\/strong><span style=\"font-weight: 400;\">, como se les llama en las islas, son los de la l\u00ednea 348 y la l\u00ednea 342.<\/span><\/p>\n<h2><span style=\"font-weight: 400;\">C\u00f3mo visitar el Teide<\/span><\/h2>\n<p><span style=\"font-weight: 400;\">Los <\/span><strong>Centros de Visitantes del Teide<\/strong><span style=\"font-weight: 400;\"> se encuentran abiertos desde las 09:00 hasta las 16:00 durante todos los d\u00edas del a\u00f1o, a excepci\u00f3n de los d\u00edas de Navidad y de A\u00f1o Nuevo. En estos centros puedes reservar visitas guiadas al parque, cuya duraci\u00f3n oscila entre las 2 y las 4 horas.<\/span><\/p>\n<p><span style=\"font-weight: 400;\">Para <\/span><strong>subir al Teide<\/strong><span style=\"font-weight: 400;\"> es necesario obtener un permiso en la <\/span><strong>web de Parques Nacionales<\/strong><span style=\"font-weight: 400;\">, en el que quedar\u00e1 constancia el d\u00eda y hora en el que se intentar\u00e1 la ascensi\u00f3n. Este permiso no es necesario si se hace noche en el <\/span><strong>Refugio Altavista<\/strong><span style=\"font-weight: 400;\"> y se realiza la subida al amanecer.<\/span><\/p>\n<p><span style=\"font-weight: 400;\">El Refugio Altavista est\u00e1 abierto durante todo el a\u00f1o, siempre que lo permitan las condiciones meteorol\u00f3gicas. La estancia m\u00e1xima en el mismo es de una noche y hay que reservar con antelaci\u00f3n.<\/span><\/p>\n<p><span style=\"font-weight: 400;\">El <\/span><strong>telef\u00e9rico del Teide<\/strong><span style=\"font-weight: 400;\"> salva el desnivel de m\u00e1s de 1.200 metros existente entre la <\/span><strong>Estaci\u00f3n Base<\/strong><span style=\"font-weight: 400;\"> y l<\/span><strong>a Rambleta,<\/strong><span style=\"font-weight: 400;\"> en un trayecto que dura unos 8 minutos. Si quieres evitar las colas de las taquillas puedes realizar la compra <\/span><em><span style=\"font-weight: 400;\">online<\/span><\/em><span style=\"font-weight: 400;\"> del billete.<\/span><\/p>\n<h2><span style=\"font-weight: 400;\">C\u00f3mo subir al Teide<\/span><\/h2>\n<p><span style=\"font-weight: 400;\">Al <\/span><strong>subir al Teide<\/strong><span style=\"font-weight: 400;\"> debes ir equipado como para cualquier <\/span><strong>excursi\u00f3n de alta monta\u00f1a<\/strong><span style=\"font-weight: 400;\">: alimentos energ\u00e9ticos, agua, calzado adecuado, protecci\u00f3n solar o ropa de abrigo si vas a subir en la temporada invernal.<\/span><\/p>\n<p><span style=\"font-weight: 400;\">Es recomendable que lleves tu <\/span><strong>tel\u00e9fono m\u00f3vil<\/strong><span style=\"font-weight: 400;\"> por si surge alg\u00fan imprevisto y debes pedir ayuda.<\/span><\/p>\n<p><span style=\"font-weight: 400;\">Recuerda que est\u00e1 terminantemente <\/span><strong>prohibido llevarse piedras volc\u00e1nicas<\/strong><span style=\"font-weight: 400;\"> del parque. Si quieres llevarte alg\u00fan recuerdo lo mejor es que lleves una buena c\u00e1mara fotogr\u00e1fica.<\/span><\/p>\n<h2><span style=\"font-weight: 400;\">Qu\u00e9 ver en El Teide<\/span><\/h2>\n<p><span style=\"font-weight: 400;\">Desde la <\/span><strong>Estaci\u00f3n Superior<\/strong><span style=\"font-weight: 400;\"> y hasta la cumbre tendr\u00e1s unas impresionantes <\/span><strong>vistas al norte de Tenerife y a las Ca\u00f1adas del Teide<\/strong><span style=\"font-weight: 400;\">, en las que se encuentran uno de los grandes atractivos del parque, los<\/span><strong> Roques de Garc\u00eda.<\/strong><\/p>\n<p><span style=\"font-weight: 400;\">Entre la flora que podr\u00e1s apreciar est\u00e1 el<\/span><strong> tajinaste rojo, el pino canario, el cedro, el rosalillo de cumbre, el alhel\u00ed del Teide y la retama.<\/strong><\/p>\n<p><span style=\"font-weight: 400;\">Dentro del <\/span><strong>Parque Nacional del Teide<\/strong><span style=\"font-weight: 400;\"> se encuentra el templo de mayor altitud de Espa\u00f1a, la <\/span><strong>Ermita de Nuestra Se\u00f1ora de las Nieves<\/strong><span style=\"font-weight: 400;\">, justo al lado del <\/span><strong>Parador Nacional.<\/strong><\/p>\n","protected":false},"excerpt":{"rendered":"<p>\u00a0 Ubicado en el centro de la isla de Tenerife, en las Islas Canarias, el Teide es un volc\u00e1n que constituye el pico m\u00e1s alto de Espa\u00f1a, con 3.718 metros sobre el nivel del mar. Su altitud convierte a la isla que lo alberga en la d\u00e9cima isla m\u00e1s alta del planeta. Parte del Parque &#8230; <a title=\"Cu\u00e1l es la mejor manera de subir al Teide\" class=\"read-more\" href=\"https:\/\/www.vipealo.com\/blog\/cual-es-la-mejor-manera-de-subir-al-teide\/\" aria-label=\"Read more about Cu\u00e1l es la mejor manera de subir al Teide\">Leer m\u00e1s<\/a><\/p>\n","protected":false},"author":1,"featured_media":797,"comment_status":"open","ping_status":"open","sticky":false,"template":"","format":"standard","meta":{"footnotes":""},"categories":[46,63],"tags":[121,120],"class_list":["post-798","post","type-post","status-publish","format-standard","has-post-thumbnail","hentry","category-espana","category-islas-canarias","tag-teide","tag-volcan"],"_links":{"self":[{"href":"https:\/\/www.vipealo.com\/blog\/wp-json\/wp\/v2\/posts\/798","targetHints":{"allow":["GET"]}}],"collection":[{"href":"https:\/\/www.vipealo.com\/blog\/wp-json\/wp\/v2\/posts"}],"about":[{"href":"https:\/\/www.vipealo.com\/blog\/wp-json\/wp\/v2\/types\/post"}],"author":[{"embeddable":true,"href":"https:\/\/www.vipealo.com\/blog\/wp-json\/wp\/v2\/users\/1"}],"replies":[{"embeddable":true,"href":"https:\/\/www.vipealo.com\/blog\/wp-json\/wp\/v2\/comments?post=798"}],"version-history":[{"count":3,"href":"https:\/\/www.vipealo.com\/blog\/wp-json\/wp\/v2\/posts\/798\/revisions"}],"predecessor-version":[{"id":833,"href":"https:\/\/www.vipealo.com\/blog\/wp-json\/wp\/v2\/posts\/798\/revisions\/833"}],"wp:featuredmedia":[{"embeddable":true,"href":"https:\/\/www.vipealo.com\/blog\/wp-json\/wp\/v2\/media\/797"}],"wp:attachment":[{"href":"https:\/\/www.vipealo.com\/blog\/wp-json\/wp\/v2\/media?parent=798"}],"wp:term":[{"taxonomy":"category","embeddable":true,"href":"https:\/\/www.vipealo.com\/blog\/wp-json\/wp\/v2\/categories?post=798"},{"taxonomy":"post_tag","embeddable":true,"href":"https:\/\/www.vipealo.com\/blog\/wp-json\/wp\/v2\/tags?post=798"}],"curies":[{"name":"wp","href":"https:\/\/api.w.org\/{rel}","templated":true}]}}