{"id":79,"date":"2019-08-25T10:29:01","date_gmt":"2019-08-25T08:29:01","guid":{"rendered":"http:\/\/blog.vipealo.com\/?p=79"},"modified":"2021-05-21T11:47:29","modified_gmt":"2021-05-21T09:47:29","slug":"playa-de-la-concha-un-recorrido-por-una-de-las-mejores-playas-del-mundo","status":"publish","type":"post","link":"https:\/\/www.vipealo.com\/blog\/playa-de-la-concha-un-recorrido-por-una-de-las-mejores-playas-del-mundo\/","title":{"rendered":"Playa de la Concha: un recorrido por una de las mejores playas del mundo"},"content":{"rendered":"<div class=\"page\">\n<div class=\"page-main\">\n<div class=\"my-3 my-md-5\">\n<div class=\"container\">\n<div class=\"row\">\n<div class=\"col-lg-9 col-md-12 col-sm-12\">\n<div class=\"card\">\n<div class=\"card-body articleview\">\n<p>&nbsp;<\/p>\n<p>La\u00a0<strong>Playa de la Concha<\/strong>\u00a0de\u00a0<strong>San Sebasti\u00e1n<\/strong>\u00a0no necesita de ninguna presentaci\u00f3n. Sus arenas son las m\u00e1s famosas de Espa\u00f1a y es indudablemente\u00a0<strong>una de las mejores playas del mundo.<\/strong><\/p>\n<p>Situada al oeste de donde desemboca el\u00a0<strong>r\u00edo Urumea,<\/strong>\u00a0tiene una longitud de unos 1400 metros y una anchura de unos 40 metros, de poca profundidad y sustrato arenoso.<\/p>\n<p>Con un masivo uso de ba\u00f1istas, desde el a\u00f1o 2007 es considerada uno de los\u00a0<strong>Doce Tesoros de Espa\u00f1a<\/strong>, junto a la Mezquita de C\u00f3rdoba, La Alhambra, las Cuevas de Altamira y otros monumentos hist\u00f3rico-art\u00edsticos de nuestro pa\u00eds.\u00a0<strong>La Concha<\/strong>\u00a0es m\u00e1s que una playa, es una<strong>\u00a0se\u00f1a de identidad donostiarra, vasca y espa\u00f1ola<\/strong>.<\/p>\n<p>En sus arenas ha tomado el sol la\u00a0<strong>realeza, nobleza y alta burgues\u00eda<\/strong>\u00a0de Espa\u00f1a y Europa desde el siglo XIX y las m\u00e1s rutilantes\u00a0<strong>estrellas del celuloide<\/strong>\u00a0y del mundo del espect\u00e1culo desde que empez\u00f3 a celebrarse el prestigioso\u00a0<strong>Festival de Cine de San Sebasti\u00e1n<\/strong>, en el ya lejano 1953.<\/p>\n<p><strong>La Concha<\/strong>\u00a0es puro glamour, solera y distinci\u00f3n, la aut\u00e9ntica\u00a0<strong>Rolls Royce de las playas<\/strong>.<\/p>\n<h2><strong>\u00bfPor qu\u00e9 es tan admirada la Playa de la Concha?<\/strong><\/h2>\n<p><strong><img loading=\"lazy\" decoding=\"async\" class=\"alignnone wp-image-338 size-full\" src=\"http:\/\/blog.vipealo.com\/wp-content\/uploads\/2019\/08\/Concha2.jpeg\" alt=\"\" width=\"850\" height=\"563\" srcset=\"https:\/\/www.vipealo.com\/blog\/wp-content\/uploads\/2019\/08\/Concha2.jpeg 850w, https:\/\/www.vipealo.com\/blog\/wp-content\/uploads\/2019\/08\/Concha2-300x199.jpeg 300w, https:\/\/www.vipealo.com\/blog\/wp-content\/uploads\/2019\/08\/Concha2-768x509.jpeg 768w, https:\/\/www.vipealo.com\/blog\/wp-content\/uploads\/2019\/08\/Concha2-561x372.jpeg 561w, https:\/\/www.vipealo.com\/blog\/wp-content\/uploads\/2019\/08\/Concha2-364x241.jpeg 364w, https:\/\/www.vipealo.com\/blog\/wp-content\/uploads\/2019\/08\/Concha2-758x502.jpeg 758w, https:\/\/www.vipealo.com\/blog\/wp-content\/uploads\/2019\/08\/Concha2-608x403.jpeg 608w\" sizes=\"auto, (max-width: 850px) 100vw, 850px\" \/><\/strong><\/p>\n<p>Es lo que tiene ser una perla dentro de otra perla.\u00a0<strong>La Concha<\/strong>\u00a0es hermosa porque est\u00e1 en el\u00a0<strong>marco incomparable de la capital donostiarra<\/strong>, ciudad cuyo paisaje est\u00e1 dominado por la propia\u00a0<strong>bah\u00eda de la Concha<\/strong>\u00a0y cuyo desarrollo urban\u00edstico se dio lugar en la segunda mitad del siglo XIX, con un\u00a0<strong>se\u00f1orial y elegante estilo<\/strong>\u00a0aburguesado y franc\u00e9s.<\/p>\n<p><strong>Donostia<\/strong>\u00a0nunca sufri\u00f3 los atentados urban\u00edsticos que se perpetraron durante el desarrollismo espa\u00f1ol de los a\u00f1os 60 y 70 y que tanto horror est\u00e9tico ha dejado en algunas de sus costas.<\/p>\n<h2><strong>Elementos arquitect\u00f3nicos de la Concha<\/strong><\/h2>\n<p>Los elementos arquitect\u00f3nicos de la\u00a0<strong>Playa de la Concha<\/strong>\u00a0son otro de sus inconfundibles atractivos. Su famosa\u00a0<strong>barandilla<\/strong>, dise\u00f1ada por\u00a0<strong>Juan Rafael Alday<\/strong>\u00a0hace m\u00e1s de 100 a\u00f1os, es u<strong>no de los s\u00edmbolos de la ciudad<\/strong>; y otro tanto se puede decir de sus ic\u00f3nicas\u00a0<strong>farolas<\/strong>: de dimensiones enormes, sus brazos engarzados en postes de formas onduladas y redondas pantallas aportan una\u00a0<strong>tenue y m\u00e1gica luz<\/strong>\u00a0que aumenta a\u00fan m\u00e1s el encanto, si es posible, de este privilegiado enclave cuando cae el sol.<\/p>\n<p>Desde la misma playa puedes sentirte como un aut\u00e9ntico rey admirando la elegancia infinita de\u00a0<strong>edificios emblem\u00e1ticos de San Sebasti\u00e1n<\/strong>\u00a0como\u00a0<strong>el Palacio Miramar, el Hotel de Londres o el Balneario de la Perla<\/strong>, que funciona en la actualidad como centro de talasoterapia.<\/p>\n<p>Definitivamente,\u00a0<strong>la Concha<\/strong>\u00a0se merece llevar ba\u00f1ador de etiqueta.<\/p>\n<h2><strong>Oferta gastron\u00f3mica de la Concha<\/strong><\/h2>\n<p>La\u00a0<strong>cocina vasca<\/strong>\u00a0tampoco necesita de ninguna presentaci\u00f3n. Posiblemente sea\u00a0<strong>la m\u00e1s admirada y respetada de Espa\u00f1a<\/strong>. Si hay alg\u00fan sitio en el que no haya alg\u00fan\u00a0<strong>restaurante vasco<\/strong>\u00a0posiblemente sea porque a\u00fan no ha llegado la civilizaci\u00f3n.<\/p>\n<p>Encontrar un<strong>\u00a0chef donostiarra\u00a0<\/strong>que cocine mal es tan complicado como cazar gamusinos, as\u00ed que la oferta de<strong>\u00a0restaurantes de la Concha\u00a0<\/strong>es excelente de cabo a rabo. Por mencionar algunos:\u00a0<strong>el Bokado, La Perla y el Narru<\/strong>.<\/p>\n<p>Por \u00faltimo, cuando visites\u00a0<strong>la Concha de San Sebasti\u00e1n<\/strong>\u00a0no dejes de visitar la\u00a0<strong>Isla de Santa Clara<\/strong>, en el centro de la bah\u00eda. Es como la aceituna de un Martini de James Bond: pura clase.<\/p>\n<\/div>\n<\/div>\n<\/div>\n<\/div>\n<\/div>\n<\/div>\n<\/div>\n<\/div>\n<footer class=\"footer\">\n<div class=\"container\">\n<div class=\"row align-items-center flex-row-reverse\"><\/div>\n<\/div>\n<\/footer>\n","protected":false},"excerpt":{"rendered":"<p>&nbsp; La\u00a0Playa de la Concha\u00a0de\u00a0San Sebasti\u00e1n\u00a0no necesita de ninguna presentaci\u00f3n. Sus arenas son las m\u00e1s famosas de Espa\u00f1a y es indudablemente\u00a0una de las mejores playas del mundo. Situada al oeste de donde desemboca el\u00a0r\u00edo Urumea,\u00a0tiene una longitud de unos 1400 metros y una anchura de unos 40 metros, de poca profundidad y sustrato arenoso. Con &#8230; <a title=\"Playa de la Concha: un recorrido por una de las mejores playas del mundo\" class=\"read-more\" href=\"https:\/\/www.vipealo.com\/blog\/playa-de-la-concha-un-recorrido-por-una-de-las-mejores-playas-del-mundo\/\" aria-label=\"Read more about Playa de la Concha: un recorrido por una de las mejores playas del mundo\">Leer m\u00e1s<\/a><\/p>\n","protected":false},"author":1,"featured_media":337,"comment_status":"closed","ping_status":"open","sticky":false,"template":"","format":"standard","meta":{"footnotes":""},"categories":[46,61],"tags":[337,10,336],"class_list":["post-79","post","type-post","status-publish","format-standard","has-post-thumbnail","hentry","category-espana","category-pais-vasco","tag-guipuzcoa","tag-playa","tag-playa-de-la-concha"],"_links":{"self":[{"href":"https:\/\/www.vipealo.com\/blog\/wp-json\/wp\/v2\/posts\/79","targetHints":{"allow":["GET"]}}],"collection":[{"href":"https:\/\/www.vipealo.com\/blog\/wp-json\/wp\/v2\/posts"}],"about":[{"href":"https:\/\/www.vipealo.com\/blog\/wp-json\/wp\/v2\/types\/post"}],"author":[{"embeddable":true,"href":"https:\/\/www.vipealo.com\/blog\/wp-json\/wp\/v2\/users\/1"}],"replies":[{"embeddable":true,"href":"https:\/\/www.vipealo.com\/blog\/wp-json\/wp\/v2\/comments?post=79"}],"version-history":[{"count":3,"href":"https:\/\/www.vipealo.com\/blog\/wp-json\/wp\/v2\/posts\/79\/revisions"}],"predecessor-version":[{"id":339,"href":"https:\/\/www.vipealo.com\/blog\/wp-json\/wp\/v2\/posts\/79\/revisions\/339"}],"wp:featuredmedia":[{"embeddable":true,"href":"https:\/\/www.vipealo.com\/blog\/wp-json\/wp\/v2\/media\/337"}],"wp:attachment":[{"href":"https:\/\/www.vipealo.com\/blog\/wp-json\/wp\/v2\/media?parent=79"}],"wp:term":[{"taxonomy":"category","embeddable":true,"href":"https:\/\/www.vipealo.com\/blog\/wp-json\/wp\/v2\/categories?post=79"},{"taxonomy":"post_tag","embeddable":true,"href":"https:\/\/www.vipealo.com\/blog\/wp-json\/wp\/v2\/tags?post=79"}],"curies":[{"name":"wp","href":"https:\/\/api.w.org\/{rel}","templated":true}]}}