{"id":788,"date":"2019-09-09T11:22:04","date_gmt":"2019-09-09T09:22:04","guid":{"rendered":"http:\/\/blog.vipealo.com\/?p=788"},"modified":"2021-05-21T11:19:37","modified_gmt":"2021-05-21T09:19:37","slug":"cadiz-la-tacita-de-plata","status":"publish","type":"post","link":"https:\/\/www.vipealo.com\/blog\/cadiz-la-tacita-de-plata\/","title":{"rendered":"C\u00e1diz: la tacita de plata"},"content":{"rendered":"<p><span style=\"font-weight: 400;\">\u00a0<\/span><\/p>\n<p><span style=\"font-weight: 400;\">Ubicada en el coraz\u00f3n del <\/span><strong>Parque Natural de la Bah\u00eda de C\u00e1diz<\/strong><span style=\"font-weight: 400;\">, frente al estuario del <\/span><strong>r\u00edo Guadalete<\/strong><span style=\"font-weight: 400;\">, <\/span><strong>C\u00e1diz <\/strong><span style=\"font-weight: 400;\">es una de las ciudades m\u00e1s antiguas de occidente, habiendo sido fundada por los fenicios en el siglo XII antes de Cristo. Considerada como una de las localidades m\u00e1s bellas de toda <\/span><strong>Andaluc\u00eda<\/strong><span style=\"font-weight: 400;\">, es un <\/span><strong>centro tur\u00edstico<\/strong><span style=\"font-weight: 400;\"> de primer orden por la belleza de su entorno, sus excelentes<\/span><strong> playas<\/strong><span style=\"font-weight: 400;\"> y un<\/span><strong> patrimonio cultural <\/strong><span style=\"font-weight: 400;\">inconmensurable, fruto de sus m\u00e1s de 3.000 a\u00f1os de historia. Sus <\/span><strong>carnavales<\/strong><span style=\"font-weight: 400;\"> son los m\u00e1s importantes de Espa\u00f1a y unos de los m\u00e1s conocidos del mundo.<\/span><\/p>\n<h2><span style=\"font-weight: 400;\">Tacita de Plata y Sirena del Oc\u00e9ano<\/span><\/h2>\n<p><img loading=\"lazy\" decoding=\"async\" class=\"alignnone wp-image-816 size-full\" src=\"http:\/\/blog.vipealo.com\/wp-content\/uploads\/2019\/09\/CadizTacita.jpg\" alt=\"\" width=\"850\" height=\"581\" srcset=\"https:\/\/www.vipealo.com\/blog\/wp-content\/uploads\/2019\/09\/CadizTacita.jpg 850w, https:\/\/www.vipealo.com\/blog\/wp-content\/uploads\/2019\/09\/CadizTacita-300x205.jpg 300w, https:\/\/www.vipealo.com\/blog\/wp-content\/uploads\/2019\/09\/CadizTacita-768x525.jpg 768w, https:\/\/www.vipealo.com\/blog\/wp-content\/uploads\/2019\/09\/CadizTacita-561x383.jpg 561w, https:\/\/www.vipealo.com\/blog\/wp-content\/uploads\/2019\/09\/CadizTacita-364x249.jpg 364w, https:\/\/www.vipealo.com\/blog\/wp-content\/uploads\/2019\/09\/CadizTacita-758x518.jpg 758w, https:\/\/www.vipealo.com\/blog\/wp-content\/uploads\/2019\/09\/CadizTacita-608x416.jpg 608w\" sizes=\"auto, (max-width: 850px) 100vw, 850px\" \/><\/p>\n<p><strong>C\u00e1diz<\/strong><span style=\"font-weight: 400;\"> es conocida popularmente como la <\/span><strong>Tacita de Plata,<\/strong><span style=\"font-weight: 400;\"> sobrenombre que tiene su origen en la palabra \u201ckado\u201d-de ah\u00ed el nombre de <\/span><strong>C\u00e1diz<\/strong><span style=\"font-weight: 400;\">-, que en la lengua de los primitivos \u00edberos significaba \u201cvasito\u201d o \u201ctacita\u201d. La procedencia del complemento \u201cde plata\u201d presenta diferentes teor\u00edas:<\/span><\/p>\n<ul>\n<li style=\"font-weight: 400;\"><span style=\"font-weight: 400;\">Las <\/span><strong>Columnas de H\u00e9rcules<\/strong><span style=\"font-weight: 400;\">, como se llamaba al estrecho de Gibraltar en la Antig\u00fcedad, cerca del que se sit\u00faa la ciudad, estaban supuestamente construidas en ese metal.<\/span><\/li>\n<li style=\"font-weight: 400;\"><span style=\"font-weight: 400;\">El <\/span><strong>brillo plateado<\/strong><span style=\"font-weight: 400;\"> que parece tener <\/span><strong>C\u00e1diz <\/strong><span style=\"font-weight: 400;\">como consecuencia del reflejo del sol.<\/span><\/li>\n<li style=\"font-weight: 400;\"><span style=\"font-weight: 400;\">La <\/span><strong>plata que llegaba de Am\u00e9rica<\/strong><span style=\"font-weight: 400;\"> durante el siglo XVIII, cuando Felipe V traslad\u00f3 a la ciudad la <\/span><strong>Casa de Contrataci\u00f3n<\/strong><span style=\"font-weight: 400;\"> que gestionaba el comercio con el nuevo continente.<\/span><\/li>\n<\/ul>\n<p><strong>C\u00e1diz <\/strong><span style=\"font-weight: 400;\">tambi\u00e9n recibe el sobrenombre de <\/span><strong>Sirena del Oc\u00e9ano<\/strong><span style=\"font-weight: 400;\">, como la bautiz\u00f3 el poeta rom\u00e1ntico ingl\u00e9s <\/span><strong>Lord Byron<\/strong><span style=\"font-weight: 400;\">. Enamorado de la ciudad andaluza, lleg\u00f3 a componer un conocido poema titulado <\/span><em><span style=\"font-weight: 400;\">\u201cThe girl of C\u00e1diz\u201d<\/span><\/em><span style=\"font-weight: 400;\">.<\/span><\/p>\n<h2><span style=\"font-weight: 400;\">Qu\u00e9 ver en C\u00e1diz<\/span><\/h2>\n<p><span style=\"font-weight: 400;\">Son innumerables rincones llenos de historia y encanto que hay <\/span><strong>que ver en C\u00e1diz capital<\/strong><span style=\"font-weight: 400;\">, siendo los siguientes algunos de los m\u00e1s importantes.<\/span><\/p>\n<h3><span style=\"font-weight: 400;\">Plaza de Espa\u00f1a<\/span><\/h3>\n<p><span style=\"font-weight: 400;\">Una de las principales plazas de la ciudad, destaca su <\/span><strong>Monumento a la Constituci\u00f3n de 1812.<\/strong><\/p>\n<h3><span style=\"font-weight: 400;\">Torre Tavira<\/span><\/h3>\n<p><span style=\"font-weight: 400;\">Esta barroca torre vigia del siglo XVIII ofrece las mejores vistas de la <\/span><strong>bah\u00eda de C\u00e1diz.<\/strong><\/p>\n<h3><span style=\"font-weight: 400;\">Plaza de las Flores<\/span><\/h3>\n<p><span style=\"font-weight: 400;\">Un placer para los sentidos con sus coloristas y fragrantes puestos de venta de flores. Muy cerca se encuentra la <\/span><strong>Plaza de la Libertad<\/strong><span style=\"font-weight: 400;\">, uno de los centros neur\u00e1lgicos de los carnavales.<\/span><\/p>\n<h3><span style=\"font-weight: 400;\">Catedral de C\u00e1diz<\/span><\/h3>\n<p><span style=\"font-weight: 400;\">Con caracter\u00edsticas neocl\u00e1sicas y barrocas, su construcci\u00f3n data de entre los a\u00f1os 1772 y 1838. Ubicada en el <\/span><strong>casco antiguo<\/strong><span style=\"font-weight: 400;\"> de la ciudad, desde la propia catedral podr\u00e1s acceder a la<\/span><strong> Torre del Reloj.<\/strong><\/p>\n<h3><span style=\"font-weight: 400;\">Castillo de Santa Catalina<\/span><\/h3>\n<p><span style=\"font-weight: 400;\">Bien de Inter\u00e9s Cultural construido en el siglo XVI, es utilizado durante la temporada veraniega para distintas actividades y eventos culturales.<\/span><\/p>\n<h3><span style=\"font-weight: 400;\">Playas de C\u00e1diz<\/span><\/h3>\n<p><img loading=\"lazy\" decoding=\"async\" class=\"alignnone wp-image-2063 size-full\" src=\"https:\/\/www.vipealo.com\/blog\/wp-content\/uploads\/2019\/09\/AdobeStock_142394304.jpeg\" alt=\"\" width=\"1350\" height=\"901\" srcset=\"https:\/\/www.vipealo.com\/blog\/wp-content\/uploads\/2019\/09\/AdobeStock_142394304.jpeg 1350w, https:\/\/www.vipealo.com\/blog\/wp-content\/uploads\/2019\/09\/AdobeStock_142394304-300x200.jpeg 300w, https:\/\/www.vipealo.com\/blog\/wp-content\/uploads\/2019\/09\/AdobeStock_142394304-1024x683.jpeg 1024w, https:\/\/www.vipealo.com\/blog\/wp-content\/uploads\/2019\/09\/AdobeStock_142394304-768x513.jpeg 768w, https:\/\/www.vipealo.com\/blog\/wp-content\/uploads\/2019\/09\/AdobeStock_142394304-561x374.jpeg 561w, https:\/\/www.vipealo.com\/blog\/wp-content\/uploads\/2019\/09\/AdobeStock_142394304-1122x749.jpeg 1122w, https:\/\/www.vipealo.com\/blog\/wp-content\/uploads\/2019\/09\/AdobeStock_142394304-364x243.jpeg 364w, https:\/\/www.vipealo.com\/blog\/wp-content\/uploads\/2019\/09\/AdobeStock_142394304-758x506.jpeg 758w, https:\/\/www.vipealo.com\/blog\/wp-content\/uploads\/2019\/09\/AdobeStock_142394304-608x406.jpeg 608w, https:\/\/www.vipealo.com\/blog\/wp-content\/uploads\/2019\/09\/AdobeStock_142394304-1152x769.jpeg 1152w\" sizes=\"auto, (max-width: 1350px) 100vw, 1350px\" \/><\/p>\n<p><span style=\"font-weight: 400;\">No vamos a terminar este peque\u00f1o paseo por la Tacita de Plata sin hacer referencia a sus maravillosas playas. Las m\u00e1s cl\u00e1sicas son las de<\/span><strong> la Cortadura, Santa Mar\u00eda del Mar y la Caleta.<\/strong><\/p>\n<h2><span style=\"font-weight: 400;\">D\u00f3nde comer en C\u00e1diz<\/span><\/h2>\n<p><span style=\"font-weight: 400;\">En la <\/span><strong>gastronom\u00eda gaditana<\/strong><span style=\"font-weight: 400;\"> destacan los <\/span><strong>productos del mar<\/strong><span style=\"font-weight: 400;\">, tanto mariscos como pescados, destacando como platos sus <\/span><strong>pescaitos fritos, el bienmesabe, la tortilla de camarones y el at\u00fan encebollado<\/strong><span style=\"font-weight: 400;\">, entre otros. Entre su reposter\u00eda no puedes perderte su <\/span><strong>tocino de cielo, el pan de C\u00e1diz y las panizas<\/strong><span style=\"font-weight: 400;\">. Entre las muchas cosas <\/span><strong>que hacer en C\u00e1diz<\/strong><span style=\"font-weight: 400;\">, disfrutar de su arte culinario en alguno de sus incontables restaurantes, tanto para ir de tapeo como para comer de mantel, es una de las principales:<\/span><\/p>\n<h3><span style=\"font-weight: 400;\">El Faro de C\u00e1diz<\/span><\/h3>\n<p><span style=\"font-weight: 400;\">En la calle San F\u00e9lix, tienen como especialidades las ortiguillas, las tortillitas de camarones, el tartar de at\u00fan rojo y las alb\u00f3ndigas de sepia.<\/span><\/p>\n<h3><span style=\"font-weight: 400;\">La Tabernita<\/span><\/h3>\n<p><span style=\"font-weight: 400;\">Cerca de la playa de la Caleta, y con una estupenda relaci\u00f3n calidad\/precio, es un sitio ideal para ir de tapas, entre las que destacan las de bolitas de gallo, las de pisto y las de ensaladilla de pulpo.<\/span><\/p>\n<h3><span style=\"font-weight: 400;\">Mes\u00f3n Cumbres Mayores<\/span><\/h3>\n<p><span style=\"font-weight: 400;\">No todo va a ser pescados en la Sirena del Oc\u00e9ano. En este local de la calle Zorrilla ponen las mejores carnes de la bah\u00eda, con unos excelentes ib\u00e9ricos: panceta, carrillada, morros, etc.<\/span><\/p>\n<h3>No te pierdas nuestro <a href=\"https:\/\/www.vipealo.com\/espana\/cadiz\/free-tour-por-cadiz\">tour gratis por C\u00e1diz<\/a><\/h3>\n","protected":false},"excerpt":{"rendered":"<p>\u00a0 Ubicada en el coraz\u00f3n del Parque Natural de la Bah\u00eda de C\u00e1diz, frente al estuario del r\u00edo Guadalete, C\u00e1diz es una de las ciudades m\u00e1s antiguas de occidente, habiendo sido fundada por los fenicios en el siglo XII antes de Cristo. Considerada como una de las localidades m\u00e1s bellas de toda Andaluc\u00eda, es un &#8230; <a title=\"C\u00e1diz: la tacita de plata\" class=\"read-more\" href=\"https:\/\/www.vipealo.com\/blog\/cadiz-la-tacita-de-plata\/\" aria-label=\"Read more about C\u00e1diz: la tacita de plata\">Leer m\u00e1s<\/a><\/p>\n","protected":false},"author":1,"featured_media":787,"comment_status":"open","ping_status":"open","sticky":false,"template":"","format":"standard","meta":{"footnotes":""},"categories":[51,46],"tags":[78],"class_list":["post-788","post","type-post","status-publish","format-standard","has-post-thumbnail","hentry","category-andalucia","category-espana","tag-cadiz"],"_links":{"self":[{"href":"https:\/\/www.vipealo.com\/blog\/wp-json\/wp\/v2\/posts\/788","targetHints":{"allow":["GET"]}}],"collection":[{"href":"https:\/\/www.vipealo.com\/blog\/wp-json\/wp\/v2\/posts"}],"about":[{"href":"https:\/\/www.vipealo.com\/blog\/wp-json\/wp\/v2\/types\/post"}],"author":[{"embeddable":true,"href":"https:\/\/www.vipealo.com\/blog\/wp-json\/wp\/v2\/users\/1"}],"replies":[{"embeddable":true,"href":"https:\/\/www.vipealo.com\/blog\/wp-json\/wp\/v2\/comments?post=788"}],"version-history":[{"count":7,"href":"https:\/\/www.vipealo.com\/blog\/wp-json\/wp\/v2\/posts\/788\/revisions"}],"predecessor-version":[{"id":2172,"href":"https:\/\/www.vipealo.com\/blog\/wp-json\/wp\/v2\/posts\/788\/revisions\/2172"}],"wp:featuredmedia":[{"embeddable":true,"href":"https:\/\/www.vipealo.com\/blog\/wp-json\/wp\/v2\/media\/787"}],"wp:attachment":[{"href":"https:\/\/www.vipealo.com\/blog\/wp-json\/wp\/v2\/media?parent=788"}],"wp:term":[{"taxonomy":"category","embeddable":true,"href":"https:\/\/www.vipealo.com\/blog\/wp-json\/wp\/v2\/categories?post=788"},{"taxonomy":"post_tag","embeddable":true,"href":"https:\/\/www.vipealo.com\/blog\/wp-json\/wp\/v2\/tags?post=788"}],"curies":[{"name":"wp","href":"https:\/\/api.w.org\/{rel}","templated":true}]}}