{"id":778,"date":"2019-09-09T11:41:00","date_gmt":"2019-09-09T09:41:00","guid":{"rendered":"http:\/\/blog.vipealo.com\/?p=778"},"modified":"2021-05-21T11:18:22","modified_gmt":"2021-05-21T09:18:22","slug":"que-ver-y-que-hacer-en-conil-de-la-frontera","status":"publish","type":"post","link":"https:\/\/www.vipealo.com\/blog\/que-ver-y-que-hacer-en-conil-de-la-frontera\/","title":{"rendered":"Qu\u00e9 ver y qu\u00e9 hacer en Conil de la Frontera"},"content":{"rendered":"<p><strong>\u00a0<\/strong><\/p>\n<p><strong>Conil de la Frontera<\/strong><span style=\"font-weight: 400;\"> es uno de los pueblos m\u00e1s tur\u00edsticos de la <\/span><strong>Costa de la Luz<\/strong><span style=\"font-weight: 400;\">, con una poblaci\u00f3n de unos 23.000 habitantes que supera los 100.000 en la temporada estival.<\/span><strong> La belleza de sus playas y de su entorno natural<\/strong><span style=\"font-weight: 400;\">, y la pintoresca arquitectura de casas blancas de estilo marinero, unido a sus excelentes servicios, hacen de <\/span><strong>Conil de la Frontera<\/strong><span style=\"font-weight: 400;\"> un centro tur\u00edstico de primer orden en la provincia de <\/span><strong>C\u00e1diz.<\/strong><\/p>\n<h2><span style=\"font-weight: 400;\">Qu\u00e9 ver en Conil de la Frontera<\/span><\/h2>\n<p><span style=\"font-weight: 400;\">Entre los lugares <\/span><strong>que visitar en Conil de la Frontera<\/strong><span style=\"font-weight: 400;\"> que no puedes perderte, est\u00e1n:<\/span><\/p>\n<h3><span style=\"font-weight: 400;\">Centro hist\u00f3rico<\/span><\/h3>\n<p><span style=\"font-weight: 400;\">Sus estrechas calles con blancas casas recubiertas de buganvillas, claveles y geranios, hacen que pasear por el casco viejo de <\/span><strong>Conil de la Frontera<\/strong><span style=\"font-weight: 400;\"> sea un aut\u00e9ntico placer. Entre los monumentos que no debes perderte est\u00e1n <\/span><strong>la Torre de Guzm\u00e1n y la Iglesia de Santa Catalina.<\/strong><\/p>\n<h3><span style=\"font-weight: 400;\">Plaza de Espa\u00f1a<\/span><\/h3>\n<p><span style=\"font-weight: 400;\">Uno de los mejores puntos de <\/span><strong>Conil de la Frontera<\/strong><span style=\"font-weight: 400;\"> para disfrutar de su animado ambiente sentado en alguna de sus<\/span><strong> terrazas<\/strong><span style=\"font-weight: 400;\">, donde podr\u00e1s saborear la <\/span><strong>deliciosa gastronom\u00eda<\/strong><span style=\"font-weight: 400;\"> de la zona. Destaca la <\/span><strong>estatua de Jos\u00e9 Saramago<\/strong><span style=\"font-weight: 400;\">, homenaje del pueblo al insigne escritor portugu\u00e9s.<\/span><\/p>\n<h3><span style=\"font-weight: 400;\">El parque de la Atalaya<\/span><\/h3>\n<p><span style=\"font-weight: 400;\">El parque de mayor extensi\u00f3n de este pueblo gaditano. Desde su <\/span><strong>mirador<\/strong><span style=\"font-weight: 400;\">, situado sobre un acantilado, tendr\u00e1s unas extraordinarias vistas de las <\/span><strong>playas de Conil,<\/strong><span style=\"font-weight: 400;\"> incluyendo las del famoso<\/span><strong> Faro de Cabo Roche<\/strong><span style=\"font-weight: 400;\">.<\/span><\/p>\n<h3><span style=\"font-weight: 400;\">Museo de ra\u00edces conile\u00f1as<\/span><\/h3>\n<p><strong>Museo etnogr\u00e1fico<\/strong><span style=\"font-weight: 400;\"> que muestra las costumbres y tradiciones de la poblaci\u00f3n, tanto de su pasado agr\u00edcola y marinero como de su vida cotidiana.<\/span><\/p>\n<h3><span style=\"font-weight: 400;\">Playas de Conil de la Frontera<\/span><\/h3>\n<p><img loading=\"lazy\" decoding=\"async\" class=\"alignnone wp-image-836 size-full\" src=\"http:\/\/blog.vipealo.com\/wp-content\/uploads\/2019\/09\/ConilFra.jpg\" alt=\"\" width=\"850\" height=\"561\" srcset=\"https:\/\/www.vipealo.com\/blog\/wp-content\/uploads\/2019\/09\/ConilFra.jpg 850w, https:\/\/www.vipealo.com\/blog\/wp-content\/uploads\/2019\/09\/ConilFra-300x198.jpg 300w, https:\/\/www.vipealo.com\/blog\/wp-content\/uploads\/2019\/09\/ConilFra-768x507.jpg 768w, https:\/\/www.vipealo.com\/blog\/wp-content\/uploads\/2019\/09\/ConilFra-561x370.jpg 561w, https:\/\/www.vipealo.com\/blog\/wp-content\/uploads\/2019\/09\/ConilFra-364x240.jpg 364w, https:\/\/www.vipealo.com\/blog\/wp-content\/uploads\/2019\/09\/ConilFra-758x500.jpg 758w, https:\/\/www.vipealo.com\/blog\/wp-content\/uploads\/2019\/09\/ConilFra-608x401.jpg 608w\" sizes=\"auto, (max-width: 850px) 100vw, 850px\" \/><\/p>\n<p><span style=\"font-weight: 400;\">El municipio de Conil alberga 6 playas de<\/span><strong> arenas doradas y finas<\/strong><span style=\"font-weight: 400;\">, con unas aguas cristalinas que no cubren demasiado, por lo que son ideales para ir con ni\u00f1os.<\/span><\/p>\n<ul>\n<li style=\"font-weight: 400;\"><strong>Playa de la Fontanilla<\/strong><span style=\"font-weight: 400;\">. Con una gran longitud y anchura y equipada con todos los servicios: dichas, pasarelas, chiringuitos&#8230; es una de las playas preferidas por los turistas y de las m\u00e1s populares de toda la provincia.<\/span><\/li>\n<li style=\"font-weight: 400;\"><strong>Fuente del Gallo<\/strong><span style=\"font-weight: 400;\">. Estupenda para la pr\u00e1ctica del surf y con unos atardeceres de aut\u00e9ntica postal.<\/span><\/li>\n<li style=\"font-weight: 400;\"><strong>Cala del Aceite<\/strong><span style=\"font-weight: 400;\">. No muy grande, pero con un chiringuito en el que poder refrescarte cuando apriete el calor.<\/span><\/li>\n<li style=\"font-weight: 400;\"><strong>Cala del Roche.<\/strong><span style=\"font-weight: 400;\"> Junto a la urbanizaci\u00f3n del mismo nombre, es poco frecuentada y muy apropiada para la pr\u00e1ctica del nudismo alejado de miradas indiscretas.<\/span><\/li>\n<li style=\"font-weight: 400;\"><strong>Playa de los Bateles<\/strong><span style=\"font-weight: 400;\">. De menos de 1 kil\u00f3metro de longitud, tiene un moderado oleaje y se discurre junto al centro del pueblo.<\/span><\/li>\n<li style=\"font-weight: 400;\"><strong>Playa El Palmar<\/strong><span style=\"font-weight: 400;\">. La m\u00e1s meridional de todas, es muy tranquila e ideal para pasar un d\u00eda con la familia.<\/span><\/li>\n<\/ul>\n<h2><span style=\"font-weight: 400;\">Qu\u00e9 hacer en Conil de la Frontera<\/span><\/h2>\n<p><span style=\"font-weight: 400;\">Son muchas las actividades que puedes realizar en<\/span><strong> Conil de la Frontera<\/strong><span style=\"font-weight: 400;\">, tanto de d\u00eda como de noche, siendo uno de los destinos tur\u00edsticos m\u00e1s divertidos del sur de Espa\u00f1a.<\/span><\/p>\n<h3><span style=\"font-weight: 400;\">Degustar su rica gastronom\u00eda<\/span><\/h3>\n<p><span style=\"font-weight: 400;\">El <\/span><strong>at\u00fan rojo <\/strong><span style=\"font-weight: 400;\">es el producto estrella de la zona, y puedes degustarlo con las m\u00e1s variadas elaboraciones, todas ellas para chuparte los dedos. Buenos<\/span><strong> restaurantes<\/strong><span style=\"font-weight: 400;\"> en los que comer at\u00fan son <\/span><strong>el Beach Club de Fuerte Conil y el Francisco Fontanilla<\/strong><span style=\"font-weight: 400;\">.<\/span><\/p>\n<h3><span style=\"font-weight: 400;\">Turismo activo<\/span><\/h3>\n<p><span style=\"font-weight: 400;\">Si te gusta el<\/span><strong> turismo de aventura, Conil de la Frontera<\/strong><span style=\"font-weight: 400;\"> es tu sitio. Son infinidad las actividades que podr\u00e1s realizar tanto en tierra como en el mar.<\/span><\/p>\n<p><span style=\"font-weight: 400;\">Por los alrededores del pueblo podr\u00e1s realizar un gran n\u00famero de <\/span><strong>rutas senderistas y ciclistas<\/strong><span style=\"font-weight: 400;\">, as\u00ed como <\/span><strong>rutas a caballo<\/strong><span style=\"font-weight: 400;\"> ofertadas por varios centros h\u00edpicos de la zona.<\/span><\/p>\n<p><span style=\"font-weight: 400;\">Entre las actividades acu\u00e1ticas m\u00e1s populares est\u00e1 el<\/span><strong> surf<\/strong><span style=\"font-weight: 400;\">, en todas su variantes , el <\/span><strong>submarinismo<\/strong><span style=\"font-weight: 400;\">, con el que podr\u00e1s apreciar la rica biodiversidad marina de la zona, con la flora de sus arrecifes y una fauna que incluye delfines y peces lim\u00f3n. Tambi\u00e9n existen diferentes centros en lo que alquilar <\/span><strong>kayaks, piraguas, motos de agua<\/strong><span style=\"font-weight: 400;\">, etc.<\/span><\/p>\n<h3><span style=\"font-weight: 400;\">Diversi\u00f3n nocturna en Conil de la Frontera<\/span><\/h3>\n<p><span style=\"font-weight: 400;\">Despu\u00e9s de cenar en alguno de los magn\u00edficos restaurantes de la zona, puedes tomarte un digestivo en forma de mojito en alg\u00fan local (el <\/span><strong>Jacaranda<\/strong><span style=\"font-weight: 400;\"> es ya todo un cl\u00e1sico), antes de lanzarte al asalto de la noche, donde podr\u00e1s bailar hasta que salga el sol en <\/span><strong>el Chsss Conil, el Mojito o el Vintage.<\/strong><\/p>\n<p>&nbsp;<\/p>\n","protected":false},"excerpt":{"rendered":"<p>\u00a0 Conil de la Frontera es uno de los pueblos m\u00e1s tur\u00edsticos de la Costa de la Luz, con una poblaci\u00f3n de unos 23.000 habitantes que supera los 100.000 en la temporada estival. La belleza de sus playas y de su entorno natural, y la pintoresca arquitectura de casas blancas de estilo marinero, unido a &#8230; <a title=\"Qu\u00e9 ver y qu\u00e9 hacer en Conil de la Frontera\" class=\"read-more\" href=\"https:\/\/www.vipealo.com\/blog\/que-ver-y-que-hacer-en-conil-de-la-frontera\/\" aria-label=\"Read more about Qu\u00e9 ver y qu\u00e9 hacer en Conil de la Frontera\">Leer m\u00e1s<\/a><\/p>\n","protected":false},"author":1,"featured_media":777,"comment_status":"open","ping_status":"open","sticky":false,"template":"","format":"standard","meta":{"footnotes":""},"categories":[51,46],"tags":[78,276],"class_list":["post-778","post","type-post","status-publish","format-standard","has-post-thumbnail","hentry","category-andalucia","category-espana","tag-cadiz","tag-conil-de-la-frontera"],"_links":{"self":[{"href":"https:\/\/www.vipealo.com\/blog\/wp-json\/wp\/v2\/posts\/778","targetHints":{"allow":["GET"]}}],"collection":[{"href":"https:\/\/www.vipealo.com\/blog\/wp-json\/wp\/v2\/posts"}],"about":[{"href":"https:\/\/www.vipealo.com\/blog\/wp-json\/wp\/v2\/types\/post"}],"author":[{"embeddable":true,"href":"https:\/\/www.vipealo.com\/blog\/wp-json\/wp\/v2\/users\/1"}],"replies":[{"embeddable":true,"href":"https:\/\/www.vipealo.com\/blog\/wp-json\/wp\/v2\/comments?post=778"}],"version-history":[{"count":1,"href":"https:\/\/www.vipealo.com\/blog\/wp-json\/wp\/v2\/posts\/778\/revisions"}],"predecessor-version":[{"id":837,"href":"https:\/\/www.vipealo.com\/blog\/wp-json\/wp\/v2\/posts\/778\/revisions\/837"}],"wp:featuredmedia":[{"embeddable":true,"href":"https:\/\/www.vipealo.com\/blog\/wp-json\/wp\/v2\/media\/777"}],"wp:attachment":[{"href":"https:\/\/www.vipealo.com\/blog\/wp-json\/wp\/v2\/media?parent=778"}],"wp:term":[{"taxonomy":"category","embeddable":true,"href":"https:\/\/www.vipealo.com\/blog\/wp-json\/wp\/v2\/categories?post=778"},{"taxonomy":"post_tag","embeddable":true,"href":"https:\/\/www.vipealo.com\/blog\/wp-json\/wp\/v2\/tags?post=778"}],"curies":[{"name":"wp","href":"https:\/\/api.w.org\/{rel}","templated":true}]}}