{"id":774,"date":"2019-09-09T11:45:24","date_gmt":"2019-09-09T09:45:24","guid":{"rendered":"http:\/\/blog.vipealo.com\/?p=774"},"modified":"2021-05-21T11:17:50","modified_gmt":"2021-05-21T09:17:50","slug":"cabo-de-palos-y-la-playa-de-calblanque","status":"publish","type":"post","link":"https:\/\/www.vipealo.com\/blog\/cabo-de-palos-y-la-playa-de-calblanque\/","title":{"rendered":"Cabo de Palos y la playa de Calblanque"},"content":{"rendered":"<p><strong>Cabo de Palos <\/strong><span style=\"font-weight: 400;\">es una poblaci\u00f3n (y un cabo, como su nombre indica) situado en el municipio de<\/span><strong> Cartagena<\/strong><span style=\"font-weight: 400;\">. Esta zona de tradici\u00f3n marinera es en la actualidad es uno destinos tur\u00edstico m\u00e1s demandados. Los turistas vienen por la belleza de su entorno y de sus fondos marinos, su excelente gastronom\u00eda y por la que es considerada como una de las<\/span><strong> mejores playas de Murcia<\/strong><span style=\"font-weight: 400;\">: la<\/span><strong> playa de Calblanque.<\/strong><\/p>\n<p><span style=\"font-weight: 400;\">A s\u00f3lo 35 kil\u00f3metros del centro de Cartagena y a 75 de Murcia, es un excelente lugar para hacer una<\/span><strong> escapada<\/strong><span style=\"font-weight: 400;\"> y disfrutar de sus muchos <\/span><strong>atractivos<\/strong><span style=\"font-weight: 400;\">.<\/span><\/p>\n<p>&nbsp;<\/p>\n<h2><span style=\"font-weight: 400;\">Playa del Calblanque<\/span><\/h2>\n<p><span style=\"font-weight: 400;\">Integrada en el <\/span><strong>Espacio Natural Protegido del Parque de Calblanque<\/strong><span style=\"font-weight: 400;\">, es un peque\u00f1o arenal salvaje y virgen con unos 30 metros de ancho y 300 de largo. Se caracteriza por sus finas y doradas arenas y por la poca profundidad de sus tranquilas aguas.<\/span><\/p>\n<p><img loading=\"lazy\" decoding=\"async\" class=\"alignnone wp-image-2047 size-full\" src=\"https:\/\/www.vipealo.com\/blog\/wp-content\/uploads\/2019\/09\/AdobeStock_357855961.jpeg\" alt=\"\" width=\"1350\" height=\"900\" srcset=\"https:\/\/www.vipealo.com\/blog\/wp-content\/uploads\/2019\/09\/AdobeStock_357855961.jpeg 1350w, https:\/\/www.vipealo.com\/blog\/wp-content\/uploads\/2019\/09\/AdobeStock_357855961-300x200.jpeg 300w, https:\/\/www.vipealo.com\/blog\/wp-content\/uploads\/2019\/09\/AdobeStock_357855961-1024x683.jpeg 1024w, https:\/\/www.vipealo.com\/blog\/wp-content\/uploads\/2019\/09\/AdobeStock_357855961-768x512.jpeg 768w, https:\/\/www.vipealo.com\/blog\/wp-content\/uploads\/2019\/09\/AdobeStock_357855961-561x374.jpeg 561w, https:\/\/www.vipealo.com\/blog\/wp-content\/uploads\/2019\/09\/AdobeStock_357855961-1122x748.jpeg 1122w, https:\/\/www.vipealo.com\/blog\/wp-content\/uploads\/2019\/09\/AdobeStock_357855961-364x243.jpeg 364w, https:\/\/www.vipealo.com\/blog\/wp-content\/uploads\/2019\/09\/AdobeStock_357855961-758x505.jpeg 758w, https:\/\/www.vipealo.com\/blog\/wp-content\/uploads\/2019\/09\/AdobeStock_357855961-608x405.jpeg 608w, https:\/\/www.vipealo.com\/blog\/wp-content\/uploads\/2019\/09\/AdobeStock_357855961-1152x768.jpeg 1152w\" sizes=\"auto, (max-width: 1350px) 100vw, 1350px\" \/><\/p>\n<p><span style=\"font-weight: 400;\">La playa est\u00e1 rodeada de otras peque\u00f1as y solitarias calas de <\/span><strong>gran valor paisaj\u00edstico<\/strong><span style=\"font-weight: 400;\"> que en conjunto constituyen uno de los espacios naturales mejor conservados de toda la regi\u00f3n murciana.<\/span><\/p>\n<p><span style=\"font-weight: 400;\">Los \u00fanicos servicios que encontrar\u00e1s en la <\/span><strong>playa de Calblanque<\/strong><span style=\"font-weight: 400;\"> son unas <\/span><strong>papeleras<\/strong><span style=\"font-weight: 400;\"> y unas <\/span><strong>pasarelas de acceso<\/strong><span style=\"font-weight: 400;\">. No son arenales para ir de chiringuitos, sino para disfrutar de una naturaleza que a\u00fan se mantiene en estado puro. Su entorno te brinda la oportunidad de disfrutar de la bien conservada<\/span><strong> flora y fauna aut\u00f3ctona<\/strong><span style=\"font-weight: 400;\"> a trav\u00e9s de diversas <\/span><strong>rutas de senderismo<\/strong><span style=\"font-weight: 400;\">: palmeras, plantas arom\u00e1ticas, cig\u00fce\u00f1as, correlimos, garcetas, gaviotas&#8230;<\/span><\/p>\n<p><span style=\"font-weight: 400;\">Tanto en la <\/span><strong>playa de Calblanque<\/strong><span style=\"font-weight: 400;\"> como en las vecinas de <\/span><strong>Negrete y Pedre\u00f1o<\/strong><span style=\"font-weight: 400;\"> se puede practicar el <\/span><strong>nudismo<\/strong><span style=\"font-weight: 400;\"> sin ning\u00fan problema.<\/span><\/p>\n<h3><span style=\"font-weight: 400;\">Acceso a la playa de Calblanque<\/span><\/h3>\n<p><span style=\"font-weight: 400;\">La mejor forma de llegar a la<\/span><strong> playa de Calblanque<\/strong><span style=\"font-weight: 400;\"> es por la <\/span><strong>A-7, Alicante &#8211; Cartagena<\/strong><span style=\"font-weight: 400;\">, cogiendo la salida que hay junto a <\/span><strong>Los Belones<\/strong><span style=\"font-weight: 400;\">, con direcci\u00f3n a <\/span><strong>Calblanque<\/strong><span style=\"font-weight: 400;\">.<\/span><\/p>\n<p><span style=\"font-weight: 400;\">Durante el verano, de mediados del mes de junio a principios del mes de septiembre, el acceso de veh\u00edculos a la playa est\u00e1 restringido entre las 9:30 y las 20:30 horas, a excepci\u00f3n de trabajadores del parque natural, residentes en el pueblo y personas con discapacidad acreditada.<\/span><\/p>\n<h2><span style=\"font-weight: 400;\">Faro de Cabo de Palos<\/span><\/h2>\n<p><span style=\"font-weight: 400;\">Junto a las playas, el<\/span><strong> faro<\/strong><span style=\"font-weight: 400;\"> es el punto m\u00e1s visitado por los turistas. <\/span><strong>Lugar emblem\u00e1tico de la costa murciana<\/strong><span style=\"font-weight: 400;\">, comenz\u00f3 a funcionar en el a\u00f1o 1865. Desde la colina en la que est\u00e1 enclavado puedes disfrutar de unas<\/span><strong> vistas espectaculares<\/strong><span style=\"font-weight: 400;\">.<\/span><\/p>\n<p><img loading=\"lazy\" decoding=\"async\" class=\"alignnone wp-image-2049 size-full\" src=\"https:\/\/www.vipealo.com\/blog\/wp-content\/uploads\/2019\/09\/AdobeStock_217159425.jpeg\" alt=\"\" width=\"1350\" height=\"1011\" srcset=\"https:\/\/www.vipealo.com\/blog\/wp-content\/uploads\/2019\/09\/AdobeStock_217159425.jpeg 1350w, https:\/\/www.vipealo.com\/blog\/wp-content\/uploads\/2019\/09\/AdobeStock_217159425-300x225.jpeg 300w, https:\/\/www.vipealo.com\/blog\/wp-content\/uploads\/2019\/09\/AdobeStock_217159425-1024x767.jpeg 1024w, https:\/\/www.vipealo.com\/blog\/wp-content\/uploads\/2019\/09\/AdobeStock_217159425-768x575.jpeg 768w, https:\/\/www.vipealo.com\/blog\/wp-content\/uploads\/2019\/09\/AdobeStock_217159425-192x144.jpeg 192w, https:\/\/www.vipealo.com\/blog\/wp-content\/uploads\/2019\/09\/AdobeStock_217159425-384x288.jpeg 384w, https:\/\/www.vipealo.com\/blog\/wp-content\/uploads\/2019\/09\/AdobeStock_217159425-90x68.jpeg 90w, https:\/\/www.vipealo.com\/blog\/wp-content\/uploads\/2019\/09\/AdobeStock_217159425-180x135.jpeg 180w, https:\/\/www.vipealo.com\/blog\/wp-content\/uploads\/2019\/09\/AdobeStock_217159425-561x420.jpeg 561w, https:\/\/www.vipealo.com\/blog\/wp-content\/uploads\/2019\/09\/AdobeStock_217159425-1122x840.jpeg 1122w, https:\/\/www.vipealo.com\/blog\/wp-content\/uploads\/2019\/09\/AdobeStock_217159425-364x273.jpeg 364w, https:\/\/www.vipealo.com\/blog\/wp-content\/uploads\/2019\/09\/AdobeStock_217159425-758x568.jpeg 758w, https:\/\/www.vipealo.com\/blog\/wp-content\/uploads\/2019\/09\/AdobeStock_217159425-608x455.jpeg 608w, https:\/\/www.vipealo.com\/blog\/wp-content\/uploads\/2019\/09\/AdobeStock_217159425-1152x863.jpeg 1152w\" sizes=\"auto, (max-width: 1350px) 100vw, 1350px\" \/><\/p>\n<h2><span style=\"font-weight: 400;\">Puerto de Cabo de Palos y Paseo de la Barra<\/span><\/h2>\n<p><span style=\"font-weight: 400;\">En el precioso <\/span><strong>puerto<\/strong><span style=\"font-weight: 400;\"> de la localidad est\u00e1n fondeados barcos de pescadores y embarcaciones que organizan <\/span><strong>excursiones de submarinismo<\/strong><span style=\"font-weight: 400;\">, una de las actividades m\u00e1s populares de la zona, especialmente las que tienen como destino las <\/span><strong>islas Hormigas.<\/strong><\/p>\n<p><span style=\"font-weight: 400;\">En el <\/span><a href=\"https:\/\/goo.gl\/maps\/rJMTZzqfqbe61W4e7\" target=\"_blank\" rel=\"noopener noreferrer\"><strong>Paseo de la Barra<\/strong><\/a><span style=\"font-weight: 400;\"> podr\u00e1s disfrutar de unos excelentes <\/span><strong>restaurantes<\/strong><span style=\"font-weight: 400;\"> con unas acogedoras<\/span><strong> terrazas con vistas al mar.<\/strong><span style=\"font-weight: 400;\"> La gastronom\u00eda local se basa en el <\/span><strong>pescado<\/strong><span style=\"font-weight: 400;\">, como no pod\u00eda ser de otra forma, y tiene como plato estrella el <\/span><strong>arroz al caldero<\/strong><span style=\"font-weight: 400;\">, elaborado con distintos productos del mar.<\/span><\/p>\n<h2><span style=\"font-weight: 400;\">La Plaza de la Virgen del Mar<\/span><\/h2>\n<p><span style=\"font-weight: 400;\">El mejor lugar para sentarte en sus <\/span><strong>terrazas <\/strong><span style=\"font-weight: 400;\">cuando caiga la noche, y disfrutar de un aut\u00e9ntico <\/span><strong>ambiente mediterr\u00e1neo<\/strong><span style=\"font-weight: 400;\"> a la luz de los farolillos.<\/span><\/p>\n<p>&nbsp;<\/p>\n","protected":false},"excerpt":{"rendered":"<p>Cabo de Palos es una poblaci\u00f3n (y un cabo, como su nombre indica) situado en el municipio de Cartagena. Esta zona de tradici\u00f3n marinera es en la actualidad es uno destinos tur\u00edstico m\u00e1s demandados. Los turistas vienen por la belleza de su entorno y de sus fondos marinos, su excelente gastronom\u00eda y por la que &#8230; <a title=\"Cabo de Palos y la playa de Calblanque\" class=\"read-more\" href=\"https:\/\/www.vipealo.com\/blog\/cabo-de-palos-y-la-playa-de-calblanque\/\" aria-label=\"Read more about Cabo de Palos y la playa de Calblanque\">Leer m\u00e1s<\/a><\/p>\n","protected":false},"author":1,"featured_media":2048,"comment_status":"open","ping_status":"open","sticky":false,"template":"","format":"standard","meta":{"footnotes":""},"categories":[46,53],"tags":[274,273],"class_list":["post-774","post","type-post","status-publish","format-standard","has-post-thumbnail","hentry","category-espana","category-murcia","tag-cabo-de-palos","tag-playa-calblanque"],"_links":{"self":[{"href":"https:\/\/www.vipealo.com\/blog\/wp-json\/wp\/v2\/posts\/774","targetHints":{"allow":["GET"]}}],"collection":[{"href":"https:\/\/www.vipealo.com\/blog\/wp-json\/wp\/v2\/posts"}],"about":[{"href":"https:\/\/www.vipealo.com\/blog\/wp-json\/wp\/v2\/types\/post"}],"author":[{"embeddable":true,"href":"https:\/\/www.vipealo.com\/blog\/wp-json\/wp\/v2\/users\/1"}],"replies":[{"embeddable":true,"href":"https:\/\/www.vipealo.com\/blog\/wp-json\/wp\/v2\/comments?post=774"}],"version-history":[{"count":4,"href":"https:\/\/www.vipealo.com\/blog\/wp-json\/wp\/v2\/posts\/774\/revisions"}],"predecessor-version":[{"id":2051,"href":"https:\/\/www.vipealo.com\/blog\/wp-json\/wp\/v2\/posts\/774\/revisions\/2051"}],"wp:featuredmedia":[{"embeddable":true,"href":"https:\/\/www.vipealo.com\/blog\/wp-json\/wp\/v2\/media\/2048"}],"wp:attachment":[{"href":"https:\/\/www.vipealo.com\/blog\/wp-json\/wp\/v2\/media?parent=774"}],"wp:term":[{"taxonomy":"category","embeddable":true,"href":"https:\/\/www.vipealo.com\/blog\/wp-json\/wp\/v2\/categories?post=774"},{"taxonomy":"post_tag","embeddable":true,"href":"https:\/\/www.vipealo.com\/blog\/wp-json\/wp\/v2\/tags?post=774"}],"curies":[{"name":"wp","href":"https:\/\/api.w.org\/{rel}","templated":true}]}}