{"id":533,"date":"2019-08-28T08:06:00","date_gmt":"2019-08-28T06:06:00","guid":{"rendered":"http:\/\/blog.vipealo.com\/?p=533"},"modified":"2021-05-21T11:21:23","modified_gmt":"2021-05-21T09:21:23","slug":"como-visitar-el-parque-de-cabarceno","status":"publish","type":"post","link":"https:\/\/www.vipealo.com\/blog\/como-visitar-el-parque-de-cabarceno\/","title":{"rendered":"C\u00f3mo visitar el parque de Cab\u00e1rceno"},"content":{"rendered":"<p><strong>\u00a0<\/strong><\/p>\n<p><strong>Cab\u00e1rceno<\/strong>\u00a0es un peque\u00f1o pueblo de menos de 200 habitantes ubicado en el municipio de\u00a0<strong>Penagos<\/strong>, en\u00a0<strong>Cantabria<\/strong>. A pesar de su peque\u00f1o tama\u00f1o tiene mucha actividad tur\u00edstica gracias al\u00a0<strong>Parque de la Naturaleza de Cab\u00e1rceno.<\/strong><\/p>\n<p>El actual\u00a0<strong>Parque de Cab\u00e1rceno<\/strong>\u00a0fue durante miles de a\u00f1os una mina de hierro, algo que a\u00fan se nota por los tonos rojizos de sus rocas. Su conversi\u00f3n en parque de la naturaleza requiri\u00f3 de una inmensa labor de repoblaci\u00f3n vegetal. Fue inaugurado en el a\u00f1o 1989.<\/p>\n<p>Es sin duda una de los lugares m\u00e1s interesantes para los amantes de la naturaleza\u00a0<strong>qu\u00e9 ver en Cantabria.<\/strong><\/p>\n<h2>Qu\u00e9 ver y qu\u00e9 hacer en el Parque de Cab\u00e1rceno<\/h2>\n<p><img loading=\"lazy\" decoding=\"async\" class=\"alignnone wp-image-536 size-full\" src=\"http:\/\/blog.vipealo.com\/wp-content\/uploads\/2019\/08\/Cabarceno2b.jpg\" alt=\"\" width=\"850\" height=\"566\" srcset=\"https:\/\/www.vipealo.com\/blog\/wp-content\/uploads\/2019\/08\/Cabarceno2b.jpg 850w, https:\/\/www.vipealo.com\/blog\/wp-content\/uploads\/2019\/08\/Cabarceno2b-300x200.jpg 300w, https:\/\/www.vipealo.com\/blog\/wp-content\/uploads\/2019\/08\/Cabarceno2b-768x511.jpg 768w, https:\/\/www.vipealo.com\/blog\/wp-content\/uploads\/2019\/08\/Cabarceno2b-561x374.jpg 561w, https:\/\/www.vipealo.com\/blog\/wp-content\/uploads\/2019\/08\/Cabarceno2b-364x242.jpg 364w, https:\/\/www.vipealo.com\/blog\/wp-content\/uploads\/2019\/08\/Cabarceno2b-758x505.jpg 758w, https:\/\/www.vipealo.com\/blog\/wp-content\/uploads\/2019\/08\/Cabarceno2b-608x405.jpg 608w\" sizes=\"auto, (max-width: 850px) 100vw, 850px\" \/><\/p>\n<p>Con una extensi\u00f3n de m\u00e1s de\u00a0<strong>750 hect\u00e1reas<\/strong>, alberga en su interior 20 kil\u00f3metros de carreteras.<\/p>\n<p>Alberga cerca de\u00a0<strong>1000 animales de 100 especies\u00a0<\/strong>diferentes, procedentes de todos los rincones de la Tierra, entre ellos<strong>\u00a0leones, elefantes y jirafas<\/strong>, que pueden ser vistos en libertad.<\/p>\n<p>Estas son algunas de las\u00a0<strong>actividades y espect\u00e1culos<\/strong>\u00a0de los que podr\u00e1s disfrutar en el\u00a0<strong>Parque de Cab\u00e1rceno.<\/strong><\/p>\n<h3>Visita Salvaje en Cab\u00e1rceno<\/h3>\n<p>Incluye una comida en el<strong>\u00a0Restaurante Los Osos\u00a0<\/strong>y te ocupar\u00e1 pr\u00e1cticamente todo el d\u00eda, desde las 10 de la ma\u00f1ana hasta las 17:00.<\/p>\n<p>Te dar\u00e1 la oportunidad de\u00a0<strong>ver de cerca<\/strong>, desde un\u00a0<strong>todo terreno<\/strong>, naturalmente, y acompa\u00f1ado de personal especializado, a la incre\u00edble\u00a0<strong>fauna salvaje<\/strong>\u00a0del recinto, sus m\u00e1s de 80\u00a0<strong>osos pardos, gorilas, rinocerontes<\/strong>&#8230;<\/p>\n<h3>Exhibici\u00f3n de aves rapaces en Cab\u00e1rceno<\/h3>\n<p>Demostraci\u00f3n de\u00a0<strong>cetrer\u00eda<\/strong>\u00a0en la que aves rapaces son adiestradas en la caza de animales peque\u00f1os. La exhibici\u00f3n es acompa\u00f1ada de una explicaci\u00f3n sobre las caracter\u00edsticas y habilidades de las distintas aves, procedentes de los cinco continentes:\u00a0<strong>\u00e1guilas, buitres, halcones, alimoches, milanos&#8230;.<\/strong><\/p>\n<p>Las exhibiciones de aves rapaces se realizan a diario en los meses de julio y agosto, y en Semana Santa, a las 12, 15:30 y 17:30 horas.<\/p>\n<h3>Demostraci\u00f3n con leones marinos<\/h3>\n<p>Un espect\u00e1culo muy divertido tanto para ni\u00f1os como para adultos, con\u00a0<strong>juegos, bailes, saltos y trucos<\/strong>\u00a0de estos mam\u00edferos perfectamente adiestrados.<\/p>\n<p>Con diferentes horarios que podr\u00e1s ver en la web del\u00a0<strong>Parque de Cab\u00e1rceno.<\/strong><\/p>\n<h3>Subir al Telecabina del Parque de Cab\u00e1rceno<\/h3>\n<p>Otra fant\u00e1stica actividad que te permitir\u00e1 contemplar toda\u00a0<strong>la belleza del parque a vista de p\u00e1jaro<\/strong>. Su horario de verano es de 10 a 19 horas y el de invierno de 11 a 17 horas.<\/p>\n<h2>Horarios y precios del Parque Cab\u00e1rceno<\/h2>\n<p><img loading=\"lazy\" decoding=\"async\" class=\"alignnone wp-image-2068 size-full\" src=\"https:\/\/www.vipealo.com\/blog\/wp-content\/uploads\/2019\/08\/AdobeStock_295051461.jpeg\" alt=\"\" width=\"1350\" height=\"882\" srcset=\"https:\/\/www.vipealo.com\/blog\/wp-content\/uploads\/2019\/08\/AdobeStock_295051461.jpeg 1350w, https:\/\/www.vipealo.com\/blog\/wp-content\/uploads\/2019\/08\/AdobeStock_295051461-300x196.jpeg 300w, https:\/\/www.vipealo.com\/blog\/wp-content\/uploads\/2019\/08\/AdobeStock_295051461-1024x669.jpeg 1024w, https:\/\/www.vipealo.com\/blog\/wp-content\/uploads\/2019\/08\/AdobeStock_295051461-768x502.jpeg 768w, https:\/\/www.vipealo.com\/blog\/wp-content\/uploads\/2019\/08\/AdobeStock_295051461-561x367.jpeg 561w, https:\/\/www.vipealo.com\/blog\/wp-content\/uploads\/2019\/08\/AdobeStock_295051461-1122x733.jpeg 1122w, https:\/\/www.vipealo.com\/blog\/wp-content\/uploads\/2019\/08\/AdobeStock_295051461-364x238.jpeg 364w, https:\/\/www.vipealo.com\/blog\/wp-content\/uploads\/2019\/08\/AdobeStock_295051461-758x495.jpeg 758w, https:\/\/www.vipealo.com\/blog\/wp-content\/uploads\/2019\/08\/AdobeStock_295051461-608x397.jpeg 608w, https:\/\/www.vipealo.com\/blog\/wp-content\/uploads\/2019\/08\/AdobeStock_295051461-1152x753.jpeg 1152w\" sizes=\"auto, (max-width: 1350px) 100vw, 1350px\" \/><\/p>\n<h3>Temporada alta<\/h3>\n<p>De marzo a noviembre el las taquillas abren a las 9 de la ma\u00f1ana y cierran a las 18:00, aunque podr\u00e1s seguir en el parque hasta las 19:00 horas.<\/p>\n<p>Los precios son de 30 euros para adultos y de 17 para menores de 4 a 12 a\u00f1os. (A\u00f1o 2019).<\/p>\n<h3>Temporada baja<\/h3>\n<p>De noviembre a marzo el parque abre de 10 a 17 horas entre semana y de 10 a 18 horas en festivos y fines de semana. El precio es de 23 euros para los adultos y de 14 para los ni\u00f1os. Si entras a partir de las 15:30 el precio se reduce a 16 y 9 euros, respectivamente.<\/p>\n<h2>C\u00f3mo llegar al Parque de Cab\u00e1rceno<\/h2>\n<p>Situado\u00a0<strong>a 18 kil\u00f3metros de Santander<\/strong>, puede llegarse por\u00a0<strong>carretera<\/strong>\u00a0desde los pueblos de\u00a0<strong>Cab\u00e1rceno<\/strong>\u00a0y de\u00a0<strong>Obreg\u00f3n<\/strong>.<\/p>\n<p>Hay l\u00edneas de\u00a0<strong>autob\u00fas\u00a0<\/strong>que te llevar\u00e1n al parque desde la estaci\u00f3n de autobuses de la capital c\u00e1ntabra, de las compa\u00f1\u00edas<strong>\u00a0Alsa y Scapha.<\/strong><\/p>\n<h2>D\u00f3nde alojarse en el Parque de Cab\u00e1rceno<\/h2>\n<p>La zona es ideal tanto para hacer una visita en el d\u00eda como para cogerte unos d\u00edas para practicar el\u00a0<strong>turismo rural<\/strong>. Un plan perfecto para alojarte en el parque lo ofrecen las\u00a0<strong>Caba\u00f1as de Cab\u00e1rceno<\/strong>, un completo tur\u00edstico muy confortable, con unas preciosas caba\u00f1as con una capacidad que va de las 2 a las 10 personas perfectamente equipadas con todas las comodidades. Con\u00a0<strong>zona de barbacoas y alquiler de bicicletas<\/strong>, te ofrece adem\u00e1s toda la informaci\u00f3n que necesites sobre el\u00a0<strong>Parque de Cab\u00e1rceno.<\/strong><\/p>\n","protected":false},"excerpt":{"rendered":"<p>\u00a0 Cab\u00e1rceno\u00a0es un peque\u00f1o pueblo de menos de 200 habitantes ubicado en el municipio de\u00a0Penagos, en\u00a0Cantabria. A pesar de su peque\u00f1o tama\u00f1o tiene mucha actividad tur\u00edstica gracias al\u00a0Parque de la Naturaleza de Cab\u00e1rceno. El actual\u00a0Parque de Cab\u00e1rceno\u00a0fue durante miles de a\u00f1os una mina de hierro, algo que a\u00fan se nota por los tonos rojizos de &#8230; <a title=\"C\u00f3mo visitar el parque de Cab\u00e1rceno\" class=\"read-more\" href=\"https:\/\/www.vipealo.com\/blog\/como-visitar-el-parque-de-cabarceno\/\" aria-label=\"Read more about C\u00f3mo visitar el parque de Cab\u00e1rceno\">Leer m\u00e1s<\/a><\/p>\n","protected":false},"author":1,"featured_media":535,"comment_status":"open","ping_status":"open","sticky":false,"template":"","format":"standard","meta":{"footnotes":""},"categories":[59,46],"tags":[152,289,23,278],"class_list":["post-533","post","type-post","status-publish","format-standard","has-post-thumbnail","hentry","category-cantabria","category-espana","tag-animales","tag-cabarceno","tag-parque","tag-zoo"],"_links":{"self":[{"href":"https:\/\/www.vipealo.com\/blog\/wp-json\/wp\/v2\/posts\/533","targetHints":{"allow":["GET"]}}],"collection":[{"href":"https:\/\/www.vipealo.com\/blog\/wp-json\/wp\/v2\/posts"}],"about":[{"href":"https:\/\/www.vipealo.com\/blog\/wp-json\/wp\/v2\/types\/post"}],"author":[{"embeddable":true,"href":"https:\/\/www.vipealo.com\/blog\/wp-json\/wp\/v2\/users\/1"}],"replies":[{"embeddable":true,"href":"https:\/\/www.vipealo.com\/blog\/wp-json\/wp\/v2\/comments?post=533"}],"version-history":[{"count":4,"href":"https:\/\/www.vipealo.com\/blog\/wp-json\/wp\/v2\/posts\/533\/revisions"}],"predecessor-version":[{"id":2069,"href":"https:\/\/www.vipealo.com\/blog\/wp-json\/wp\/v2\/posts\/533\/revisions\/2069"}],"wp:featuredmedia":[{"embeddable":true,"href":"https:\/\/www.vipealo.com\/blog\/wp-json\/wp\/v2\/media\/535"}],"wp:attachment":[{"href":"https:\/\/www.vipealo.com\/blog\/wp-json\/wp\/v2\/media?parent=533"}],"wp:term":[{"taxonomy":"category","embeddable":true,"href":"https:\/\/www.vipealo.com\/blog\/wp-json\/wp\/v2\/categories?post=533"},{"taxonomy":"post_tag","embeddable":true,"href":"https:\/\/www.vipealo.com\/blog\/wp-json\/wp\/v2\/tags?post=533"}],"curies":[{"name":"wp","href":"https:\/\/api.w.org\/{rel}","templated":true}]}}