{"id":47,"date":"2019-08-25T10:29:19","date_gmt":"2019-08-25T08:29:19","guid":{"rendered":"http:\/\/blog.vipealo.com\/?p=47"},"modified":"2021-05-21T11:27:26","modified_gmt":"2021-05-21T09:27:26","slug":"visitar-foz-y-la-playa-de-las-catedrales-sin-morir-en-el-intento","status":"publish","type":"post","link":"https:\/\/www.vipealo.com\/blog\/visitar-foz-y-la-playa-de-las-catedrales-sin-morir-en-el-intento\/","title":{"rendered":"Visitar Foz y la Playa de las Catedrales sin morir en el intento"},"content":{"rendered":"<div class=\"page\">\n<div class=\"page-main\">\n<div class=\"my-3 my-md-5\">\n<div class=\"container\">\n<div class=\"row\">\n<div class=\"col-lg-9 col-md-12 col-sm-12\">\n<div class=\"card\">\n<div class=\"card-body articleview\">\n<p><strong>\u00a0<\/strong><\/p>\n<p><strong>Foz<\/strong>\u00a0es una preciosa\u00a0<strong>villa costera<\/strong>\u00a0de la provincia de\u00a0<strong>Lugo<\/strong>\u00a0que a lo largo de los a\u00f1os ha pasado de ser esencialmente un pueblo marinero a ser un una\u00a0<strong>localidad tur\u00edstica<\/strong>\u00a0que atrae a miles de visitantes cada a\u00f1o.<\/p>\n<p>Sus\u00a0<strong>actividades art\u00edsticas, culturales, gastron\u00f3micas y naturales\u00a0<\/strong>lo convierten en un destino ideal para quienes gustan de disfrutar del verano sin sufrir el t\u00f3rrido calor que caracteriza a las zonas interiores y sure\u00f1as de Espa\u00f1a. Entre sus atractivos puedes encontrar sus numerosas\u00a0<strong>celebraciones veraniegas, como la de El Carmen, la Romer\u00eda de O Santo o su popular Fiesta Normanda<\/strong>, adem\u00e1s de monumentos hist\u00f3ricos como la<strong>\u00a0bas\u00edlica de San Marti\u00f1o<\/strong>; pero sin duda son sus\u00a0<strong>limpias playas<\/strong>, todas con bandera azul, las que hacen las delicias de los turistas.<\/p>\n<p>Muy cerca de\u00a0<strong>Foz<\/strong>, \u00fanicamente a un\u00a0<strong>cuarto de hora en coche<\/strong>, se encuentra la\u00a0<strong>Playa de las Catedrales<\/strong>, un aut\u00e9ntico monumento natural considerada como una de las mejores del mundo y que es visitada todos los a\u00f1os por miles de turistas.<\/p>\n<h2><strong>Playa de las Catedrales<\/strong><\/h2>\n<p>En realidad el nombre de esta espectacular playa es\u00a0<strong>Augas Santas<\/strong>, aunque las\u00a0<strong>formas catedralicias<\/strong>\u00a0que el agua y el viento han ido dando a sus rocas durante eones le ha valido el sobrenombre de las Catedrales.<\/p>\n<p>Sus\u00a0<strong>cuevas y grietas marinas<\/strong>\u00a0son un espect\u00e1culo visual que hipnotizan a cuantos tienen el privilegio de contemplarlas, hasta el punto de que incluso en invierno es muy visitada. Recorrer su kil\u00f3metro y medio de longitud entre sus\u00a0<strong>pasillos de blancas y finas arenas, sus pozos de agua<\/strong>\u00a0y esas incre\u00edbles formas de sus rocas es tomar conciencia de que la Naturaleza es una artista insuperable.<\/p>\n<h2><strong>Servicios de la Playa de Las Catedrales<\/strong><\/h2>\n<p>La\u00a0<strong>Playa de las Catedrales<\/strong>\u00a0est\u00e1 perfectamente habilitada para los visitantes, con servicios de\u00a0<strong>socorrismo, restaurante, merendero, ba\u00f1os p\u00fablicos y un paseo costero<\/strong>\u00a0desde el que admirar la flora del lugar.<\/p>\n<p>Tambi\u00e9n posee un\u00a0<strong>servicio de vigilancia<\/strong>, ya que tiene algunas zonas restringidas.<\/p>\n<p>Es importante que antes de visitar esta preciosa playa de la provincia de Lugo te informes sobre las mareas;\u00a0<strong>es recomendable que vayas en horario de bajamar<\/strong>\u00a0si no quieres encontrarte con que no puedes bajar a la arena o, lo que es peor, que te quedes atrapado en medio del agua.<\/p>\n<h2><strong>C\u00f3mo conseguir reserva para visitar la Playa de las Catedrales<\/strong><\/h2>\n<p><strong><img loading=\"lazy\" decoding=\"async\" class=\"alignnone wp-image-273 size-full\" src=\"http:\/\/blog.vipealo.com\/wp-content\/uploads\/2019\/08\/Catedrales2.jpg\" alt=\"\" width=\"850\" height=\"568\" srcset=\"https:\/\/www.vipealo.com\/blog\/wp-content\/uploads\/2019\/08\/Catedrales2.jpg 850w, https:\/\/www.vipealo.com\/blog\/wp-content\/uploads\/2019\/08\/Catedrales2-300x200.jpg 300w, https:\/\/www.vipealo.com\/blog\/wp-content\/uploads\/2019\/08\/Catedrales2-768x513.jpg 768w, https:\/\/www.vipealo.com\/blog\/wp-content\/uploads\/2019\/08\/Catedrales2-561x375.jpg 561w, https:\/\/www.vipealo.com\/blog\/wp-content\/uploads\/2019\/08\/Catedrales2-364x243.jpg 364w, https:\/\/www.vipealo.com\/blog\/wp-content\/uploads\/2019\/08\/Catedrales2-758x507.jpg 758w, https:\/\/www.vipealo.com\/blog\/wp-content\/uploads\/2019\/08\/Catedrales2-608x406.jpg 608w\" sizes=\"auto, (max-width: 850px) 100vw, 850px\" \/><\/strong><\/p>\n<p>Es tal la popularidad de la\u00a0<strong>Playa de las Catedrales\u00a0<\/strong>que desde hace un tiempo la\u00a0<strong>Xunta de Galicia ha limitado su acceso\u00a0<\/strong>para preservarla durante los meses de verano y en Semana Santa.<\/p>\n<p>Si quieres conseguir una reserva para ir a la playa, el entorno no est\u00e1 limitado, s\u00f3lo tienes que solicitarla en la\u00a0<strong>web de la Conseller\u00eda de Medio Ambiente de la Xunta<\/strong>. Hay que hacerlo con\u00a0<strong>15 d\u00edas de antelaci\u00f3n<\/strong>\u00a0y puedes reservar hasta\u00a0<strong>30 plazas<\/strong>. Vamos, que puedes ir con toda la familia, incluso la pol\u00edtica. A tu llegada s\u00f3lo tendr\u00e1s que presentar tu pasaporte o DNI y la autorizaci\u00f3n a los encargados del acceso.<\/p>\n<p>As\u00ed que ya sabes, si est\u00e1s preparando una escapada a\u00a0<strong>Foz<\/strong>\u00a0no puedes dejar de visitar la\u00a0<strong>Playa de las Catedrales<\/strong>, pero no olvides que tienes que planificar la visita con antelaci\u00f3n, o de lo contrario, morir\u00e1s en el intento.<\/p>\n<p>&nbsp;<\/p>\n<\/div>\n<\/div>\n<\/div>\n<\/div>\n<\/div>\n<\/div>\n<\/div>\n<\/div>\n<footer class=\"footer\">\n<div class=\"container\">\n<div class=\"row align-items-center flex-row-reverse\"><\/div>\n<\/div>\n<\/footer>\n","protected":false},"excerpt":{"rendered":"<p>\u00a0 Foz\u00a0es una preciosa\u00a0villa costera\u00a0de la provincia de\u00a0Lugo\u00a0que a lo largo de los a\u00f1os ha pasado de ser esencialmente un pueblo marinero a ser un una\u00a0localidad tur\u00edstica\u00a0que atrae a miles de visitantes cada a\u00f1o. Sus\u00a0actividades art\u00edsticas, culturales, gastron\u00f3micas y naturales\u00a0lo convierten en un destino ideal para quienes gustan de disfrutar del verano sin sufrir el &#8230; <a title=\"Visitar Foz y la Playa de las Catedrales sin morir en el intento\" class=\"read-more\" href=\"https:\/\/www.vipealo.com\/blog\/visitar-foz-y-la-playa-de-las-catedrales-sin-morir-en-el-intento\/\" aria-label=\"Read more about Visitar Foz y la Playa de las Catedrales sin morir en el intento\">Leer m\u00e1s<\/a><\/p>\n","protected":false},"author":1,"featured_media":272,"comment_status":"closed","ping_status":"open","sticky":false,"template":"","format":"standard","meta":{"footnotes":""},"categories":[46,50],"tags":[319,321,185,320],"class_list":["post-47","post","type-post","status-publish","format-standard","has-post-thumbnail","hentry","category-espana","category-galicia","tag-foz","tag-la-marina","tag-lugo","tag-playa-de-las-catedrales"],"_links":{"self":[{"href":"https:\/\/www.vipealo.com\/blog\/wp-json\/wp\/v2\/posts\/47","targetHints":{"allow":["GET"]}}],"collection":[{"href":"https:\/\/www.vipealo.com\/blog\/wp-json\/wp\/v2\/posts"}],"about":[{"href":"https:\/\/www.vipealo.com\/blog\/wp-json\/wp\/v2\/types\/post"}],"author":[{"embeddable":true,"href":"https:\/\/www.vipealo.com\/blog\/wp-json\/wp\/v2\/users\/1"}],"replies":[{"embeddable":true,"href":"https:\/\/www.vipealo.com\/blog\/wp-json\/wp\/v2\/comments?post=47"}],"version-history":[{"count":3,"href":"https:\/\/www.vipealo.com\/blog\/wp-json\/wp\/v2\/posts\/47\/revisions"}],"predecessor-version":[{"id":274,"href":"https:\/\/www.vipealo.com\/blog\/wp-json\/wp\/v2\/posts\/47\/revisions\/274"}],"wp:featuredmedia":[{"embeddable":true,"href":"https:\/\/www.vipealo.com\/blog\/wp-json\/wp\/v2\/media\/272"}],"wp:attachment":[{"href":"https:\/\/www.vipealo.com\/blog\/wp-json\/wp\/v2\/media?parent=47"}],"wp:term":[{"taxonomy":"category","embeddable":true,"href":"https:\/\/www.vipealo.com\/blog\/wp-json\/wp\/v2\/categories?post=47"},{"taxonomy":"post_tag","embeddable":true,"href":"https:\/\/www.vipealo.com\/blog\/wp-json\/wp\/v2\/tags?post=47"}],"curies":[{"name":"wp","href":"https:\/\/api.w.org\/{rel}","templated":true}]}}