{"id":3991,"date":"2022-06-12T13:07:22","date_gmt":"2022-06-12T11:07:22","guid":{"rendered":"https:\/\/www.vipealo.com\/blog\/?p=3991"},"modified":"2022-06-12T13:21:57","modified_gmt":"2022-06-12T11:21:57","slug":"mejores-calas-de-mallorca","status":"publish","type":"post","link":"https:\/\/www.vipealo.com\/blog\/mejores-calas-de-mallorca\/","title":{"rendered":"Top 10 mejores calas de Mallorca"},"content":{"rendered":"<p>Mallorca es un sitio \u00fanico e inigualable, una de las Islas Baleares de Espa\u00f1a. Es muy conocida por todo el mundo gracias a sus playas, calas, monta\u00f1as y ruinas romanas, lo que la convierte en un destino de obligada visita.<\/p>\n<p>Si est\u00e1s pensando en viajar a esta maravillosa isla o, por el contrario, ya tienes tu viaje planteado, te queremos facilitar tu aventura, mostr\u00e1ndote las 10 mejores calas de Mallorca a las que puedes ir y disfrutar del sol y del mar.<\/p>\n<h2>Las mejores calas de Mallorca<\/h2>\n<p><a href=\"https:\/\/www.youtube.com\/watch?v=v-R5qML30lM\" target=\"_blank\" rel=\"noopener\">Mallorca<\/a> es un sitio especial, todo el que va de viaje, quiere volver. Por eso, aunque posiblemente ya sepas d\u00f3nde quieres ir, si no tienes claro que playas o calas visitar, o simplemente, quieres buscar inspiraci\u00f3n, sigue leyendo y apunta las mejores calas de Mallorca.<\/p>\n<p>\u00a1No te las puedes perder!<\/p>\n<h3>1. Cala de Sa Calobra<\/h3>\n<p><img loading=\"lazy\" decoding=\"async\" class=\"aligncenter size-full wp-image-4001\" src=\"https:\/\/www.vipealo.com\/blog\/wp-content\/uploads\/2022\/06\/1.-Sa-Calobra.jpeg\" alt=\"\" width=\"1280\" height=\"720\" srcset=\"https:\/\/www.vipealo.com\/blog\/wp-content\/uploads\/2022\/06\/1.-Sa-Calobra.jpeg 1280w, https:\/\/www.vipealo.com\/blog\/wp-content\/uploads\/2022\/06\/1.-Sa-Calobra-300x169.jpeg 300w, https:\/\/www.vipealo.com\/blog\/wp-content\/uploads\/2022\/06\/1.-Sa-Calobra-1024x576.jpeg 1024w, https:\/\/www.vipealo.com\/blog\/wp-content\/uploads\/2022\/06\/1.-Sa-Calobra-768x432.jpeg 768w\" sizes=\"auto, (max-width: 1280px) 100vw, 1280px\" \/><\/p>\n<p>La Cala de Sa Calobra y, adem\u00e1s tambi\u00e9n, la playa Torrent de Pareis, es una de las preferidas tanto para los turistas como para los residentes de la ciudad de Mallorca. Esta es una de las mejores calas de Mallorca, ya que incluso para llegar a ella es una aventura \u00fanica, digna de admirar.<\/p>\n<p>Muchas personas dicen que tanto la playa como la carretera para llegar hasta ella son uno de los espacios m\u00e1s espectaculares de Espa\u00f1a. En este lugar podr\u00e1s encontrar dos calas, ya que Cala de Sa Calobra est\u00e1 justamente seguida por la playa de Torrent de Pareis, tan juntas que parecen la misma.<\/p>\n<p>Estas dos calas est\u00e1n separadas por un sendero repleto de naturaleza y tan placentero que merece la pena dedicar un ratito de tu tiempo para pasear. Adem\u00e1s, podr\u00e1s pasar por una cueva para llegar a la siguiente cala.<\/p>\n<h3>2. Cala S&#8217;Amarador<\/h3>\n<p><img loading=\"lazy\" decoding=\"async\" class=\"aligncenter size-full wp-image-4002\" src=\"https:\/\/www.vipealo.com\/blog\/wp-content\/uploads\/2022\/06\/2.-Cala-SAmarador.jpeg\" alt=\"\" width=\"1200\" height=\"900\" srcset=\"https:\/\/www.vipealo.com\/blog\/wp-content\/uploads\/2022\/06\/2.-Cala-SAmarador.jpeg 1200w, https:\/\/www.vipealo.com\/blog\/wp-content\/uploads\/2022\/06\/2.-Cala-SAmarador-300x225.jpeg 300w, https:\/\/www.vipealo.com\/blog\/wp-content\/uploads\/2022\/06\/2.-Cala-SAmarador-1024x768.jpeg 1024w, https:\/\/www.vipealo.com\/blog\/wp-content\/uploads\/2022\/06\/2.-Cala-SAmarador-768x576.jpeg 768w\" sizes=\"auto, (max-width: 1200px) 100vw, 1200px\" \/><\/p>\n<p>La Cala de Sa&#8217;Amarador se encuentra en el Parque Natural de Mondrag\u00f3, al sur de Mallorca. Este sitio es \u00fanico por la naturaleza que lo rodea, es un mundo entero de vegetaci\u00f3n mediterr\u00e1nea, acantilados y calas de arena blanca.<\/p>\n<p>Esta cala es menos conocida que otras, por lo que no suele estar muy concurrida de gente, adem\u00e1s de esta cala, tambi\u00e9n podr\u00e1s acceder a Es Borguit, muy cerca una de otra.<\/p>\n<p>Por otro lado, acceder a las calas que forman parte de este parque natural es muy f\u00e1cil, por lo que si vienes con tu familia o sois un grupo de amigos, es ideal para pasar el d\u00eda.<\/p>\n<h3>3. Cal\u00f3 des Moro<\/h3>\n<p><img loading=\"lazy\" decoding=\"async\" class=\"aligncenter size-full wp-image-4003\" src=\"https:\/\/www.vipealo.com\/blog\/wp-content\/uploads\/2022\/06\/3.-Calo\u0301-des-Moro.jpeg\" alt=\"\" width=\"1152\" height=\"864\" srcset=\"https:\/\/www.vipealo.com\/blog\/wp-content\/uploads\/2022\/06\/3.-Calo\u0301-des-Moro.jpeg 1152w, https:\/\/www.vipealo.com\/blog\/wp-content\/uploads\/2022\/06\/3.-Calo\u0301-des-Moro-300x225.jpeg 300w, https:\/\/www.vipealo.com\/blog\/wp-content\/uploads\/2022\/06\/3.-Calo\u0301-des-Moro-1024x768.jpeg 1024w, https:\/\/www.vipealo.com\/blog\/wp-content\/uploads\/2022\/06\/3.-Calo\u0301-des-Moro-768x576.jpeg 768w\" sizes=\"auto, (max-width: 1152px) 100vw, 1152px\" \/><\/p>\n<p>Esta cala forma parte de la totalidad de playas que componen el municipio de Santany\u00ed, lugar conocido por sus playas \u00fanicas de arena blanca y agua cristalina.<\/p>\n<p>Si visitas las mejores calas de Mallorca esta no puede faltar en tu lista, es una cala imprescindible que todo el mundo debe visitar. No te lo puedes perder. Adem\u00e1s, dicen que estar en esta cala es como estar en una piscina, pero en medio de la naturaleza.<\/p>\n<p>Por otro lado, cabe mencionar que acceder a esta cala no es tan f\u00e1cil como otras calas, pero el camino es digno de hacer gracias a los pinos, acantilados y la naturaleza que te rodear\u00e1 durante el trayecto hasta llegar a la cala.<\/p>\n<p>En este caso, esta cala es mucho m\u00e1s conocido, por lo que no te recomendamos que vayas en los meses de julio y agosto, sin embargo, si vas en estas fechas, te aconsejamos que madrugues, porque sino ser\u00e1 dif\u00edcil conseguir un sitio en este maravilloso lugar.<\/p>\n<h3>4. Cala Varques<\/h3>\n<p><img loading=\"lazy\" decoding=\"async\" class=\"aligncenter size-full wp-image-4004\" src=\"https:\/\/www.vipealo.com\/blog\/wp-content\/uploads\/2022\/06\/4.-Cala-Varques-scaled.jpeg\" alt=\"\" width=\"2560\" height=\"1582\" srcset=\"https:\/\/www.vipealo.com\/blog\/wp-content\/uploads\/2022\/06\/4.-Cala-Varques-scaled.jpeg 2560w, https:\/\/www.vipealo.com\/blog\/wp-content\/uploads\/2022\/06\/4.-Cala-Varques-300x185.jpeg 300w, https:\/\/www.vipealo.com\/blog\/wp-content\/uploads\/2022\/06\/4.-Cala-Varques-1024x633.jpeg 1024w, https:\/\/www.vipealo.com\/blog\/wp-content\/uploads\/2022\/06\/4.-Cala-Varques-768x475.jpeg 768w, https:\/\/www.vipealo.com\/blog\/wp-content\/uploads\/2022\/06\/4.-Cala-Varques-1536x949.jpeg 1536w, https:\/\/www.vipealo.com\/blog\/wp-content\/uploads\/2022\/06\/4.-Cala-Varques-2048x1265.jpeg 2048w\" sizes=\"auto, (max-width: 2560px) 100vw, 2560px\" \/><\/p>\n<p>Esta cala es conocida como una de las calas hippies de Mallorca. Es una cala bastante dif\u00edcil de encontrar y de llegar, por lo que es perfecta si eres de esas personas que no tiene ganas de compartir su d\u00eda de playa con otras personas desconocidas. Al ser dif\u00edcil de acceder es una cala muy tranquila.<\/p>\n<p>Nuestra recomendaci\u00f3n es que accedas a ella por mar, haciendo uso de alguna embarcaci\u00f3n, ya que es la forma m\u00e1s f\u00e1cil y segura de llegar a ella, sino, puedes tambi\u00e9n ir andando o en bicicleta, pero recuerda en buscar bien el sitio antes de emprender tu camino.<\/p>\n<p>Es una playa todav\u00eda virgen y es de las preferidas para los aficionaos al buceo y snorkel.<\/p>\n<h3>5. Cala Agulla<\/h3>\n<p><img loading=\"lazy\" decoding=\"async\" class=\"aligncenter size-full wp-image-4005\" src=\"https:\/\/www.vipealo.com\/blog\/wp-content\/uploads\/2022\/06\/5.-Cala-Agulla.jpeg\" alt=\"\" width=\"2000\" height=\"750\" srcset=\"https:\/\/www.vipealo.com\/blog\/wp-content\/uploads\/2022\/06\/5.-Cala-Agulla.jpeg 2000w, https:\/\/www.vipealo.com\/blog\/wp-content\/uploads\/2022\/06\/5.-Cala-Agulla-300x113.jpeg 300w, https:\/\/www.vipealo.com\/blog\/wp-content\/uploads\/2022\/06\/5.-Cala-Agulla-1024x384.jpeg 1024w, https:\/\/www.vipealo.com\/blog\/wp-content\/uploads\/2022\/06\/5.-Cala-Agulla-768x288.jpeg 768w, https:\/\/www.vipealo.com\/blog\/wp-content\/uploads\/2022\/06\/5.-Cala-Agulla-1536x576.jpeg 1536w\" sizes=\"auto, (max-width: 2000px) 100vw, 2000px\" \/><\/p>\n<p>La Cala Agulla fue declarada \u00c1rea Natural de Especial Inter\u00e9s (ANEI) y Lugar de Inter\u00e9s Comunitario (LIC), debido al entorno en el que se encuentra rodeada, que se caracteriza por pinos y monta\u00f1as, adem\u00e1s de su agua cristalina de azul claro.<\/p>\n<p>Cabe mencionar que en el mes de agosto, esta cala se convierte en un sitio ideal para empezar o seguir una fiesta, por eso mismo, suele estar bastante concurrida, en especial, por personas con ganas de fiesta.<\/p>\n<p>Por esta raz\u00f3n, si lo que buscas un sitio tranquilo en el que pasar la tarde, esta cala no te la recomendamos. Si por el contrario, lo que quieres es disfrutar de un buen ambiente y, tal vez, conocer gente, este es tu sitio.<\/p>\n<h3>6. Playa de Es Trenc<\/h3>\n<p><img loading=\"lazy\" decoding=\"async\" class=\"aligncenter size-full wp-image-4006\" src=\"https:\/\/www.vipealo.com\/blog\/wp-content\/uploads\/2022\/06\/6.-Playa-de-Es-Trenc.jpeg\" alt=\"\" width=\"1618\" height=\"1080\" srcset=\"https:\/\/www.vipealo.com\/blog\/wp-content\/uploads\/2022\/06\/6.-Playa-de-Es-Trenc.jpeg 1618w, https:\/\/www.vipealo.com\/blog\/wp-content\/uploads\/2022\/06\/6.-Playa-de-Es-Trenc-300x200.jpeg 300w, https:\/\/www.vipealo.com\/blog\/wp-content\/uploads\/2022\/06\/6.-Playa-de-Es-Trenc-1024x684.jpeg 1024w, https:\/\/www.vipealo.com\/blog\/wp-content\/uploads\/2022\/06\/6.-Playa-de-Es-Trenc-768x513.jpeg 768w, https:\/\/www.vipealo.com\/blog\/wp-content\/uploads\/2022\/06\/6.-Playa-de-Es-Trenc-1536x1025.jpeg 1536w\" sizes=\"auto, (max-width: 1618px) 100vw, 1618px\" \/><\/p>\n<p>El encanto de la playa de Es Trenc se basa en que est\u00e1 formada por un conjunto de dunas, pinares, monte y tamarindos que consiguen penetrar todos los sentidos. Por eso, en esta cala es importante ver, sentir y vivir el momento.<\/p>\n<p>Adem\u00e1s, un dato curioso que merece la pena mencionar es que el colectivo madrile\u00f1o Boa Mistura intervinieron esta zona, en los antiguos b\u00fankers que aqu\u00ed se encuentran.<\/p>\n<p>Este lugar es sin duda uno de los m\u00e1s bellos que podr\u00e1s encontrar entre las playas de la isla, por eso mismo, la hemos incluido en nuestra lista de las mejores calas de Mallorca.<\/p>\n<h3>7. Cala Fornells<\/h3>\n<p><img loading=\"lazy\" decoding=\"async\" class=\"size-full wp-image-4007\" src=\"https:\/\/www.vipealo.com\/blog\/wp-content\/uploads\/2022\/06\/7.-Cala-Fornells.jpeg\" alt=\"\" width=\"1280\" height=\"960\" srcset=\"https:\/\/www.vipealo.com\/blog\/wp-content\/uploads\/2022\/06\/7.-Cala-Fornells.jpeg 1280w, https:\/\/www.vipealo.com\/blog\/wp-content\/uploads\/2022\/06\/7.-Cala-Fornells-300x225.jpeg 300w, https:\/\/www.vipealo.com\/blog\/wp-content\/uploads\/2022\/06\/7.-Cala-Fornells-1024x768.jpeg 1024w, https:\/\/www.vipealo.com\/blog\/wp-content\/uploads\/2022\/06\/7.-Cala-Fornells-768x576.jpeg 768w\" sizes=\"auto, (max-width: 1280px) 100vw, 1280px\" \/><\/p>\n<p>Esta cala es de las m\u00e1s conocidas porque es perfecta para pasar un d\u00eda t\u00edpico de playa, al uso, de toda la vida, ya que cerca de ella se encuentran diferentes residencias vacacionales, restaurantes, hoteles y numerosas casas que sirven como segunda residencia, por lo que la zona es bastante concurrida.<\/p>\n<p>Aunque es una zona concurrida, esta cala tiene fama de ser bastante tranquila, por lo que si lo que quieres es un d\u00eda tranquilo con tu familia disfrutando del paisaje de Mallorca, esta playa es perfecta. Adem\u00e1s, al estar cerca de restaurantes, pod\u00e9is ir en familia a comer sin ning\u00fan problema y sin hacer largos paseos.<\/p>\n<p>Si quieres ir un poco m\u00e1s all\u00e1, puedes visitar la cala vecina, conocida como Cal\u00f3 de ses Llises.<\/p>\n<h3>8. Cala Tuent<\/h3>\n<p><img loading=\"lazy\" decoding=\"async\" class=\"aligncenter size-full wp-image-4008\" src=\"https:\/\/www.vipealo.com\/blog\/wp-content\/uploads\/2022\/06\/8.-Cala-Tuent.webp\" alt=\"\" width=\"1100\" height=\"825\" srcset=\"https:\/\/www.vipealo.com\/blog\/wp-content\/uploads\/2022\/06\/8.-Cala-Tuent.webp 1100w, https:\/\/www.vipealo.com\/blog\/wp-content\/uploads\/2022\/06\/8.-Cala-Tuent-300x225.webp 300w, https:\/\/www.vipealo.com\/blog\/wp-content\/uploads\/2022\/06\/8.-Cala-Tuent-1024x768.webp 1024w, https:\/\/www.vipealo.com\/blog\/wp-content\/uploads\/2022\/06\/8.-Cala-Tuent-768x576.webp 768w\" sizes=\"auto, (max-width: 1100px) 100vw, 1100px\" \/><\/p>\n<p>La Cala Tuent destaca por ser una de las playas perfectas que puedes encontrar y, todo el mundo que visita este sitio, est\u00e1 de acuerdo. Por eso, se la conoce como la perfecci\u00f3n m\u00e1s natural.<\/p>\n<p>Esta cala se encuentra en la Sierra de Tramuntana que, lo sepas ya o no, no es la zona m\u00e1s playera de Mallorca, sin embargo, la Cala Tuent es una perfecta excepci\u00f3n.<\/p>\n<p>Para llegar a esta cala debes acceder por un camino bastante irregular y estrecho, sin embargo, no es uno de los accesos m\u00e1s dif\u00edciles para acceder a una de las mejores calas de Mallorca. Adem\u00e1s, podr\u00e1s disfrutar de los bosques de pinos y olivos centenarios que all\u00ed se encuentran.<\/p>\n<h3>9. Cal\u00f3 des M\u00e0rmols<\/h3>\n<p><img loading=\"lazy\" decoding=\"async\" class=\"aligncenter size-full wp-image-4009\" src=\"https:\/\/www.vipealo.com\/blog\/wp-content\/uploads\/2022\/06\/9.-Calo\u0301-des-Ma\u0300rmols.jpeg\" alt=\"\" width=\"2048\" height=\"1371\" srcset=\"https:\/\/www.vipealo.com\/blog\/wp-content\/uploads\/2022\/06\/9.-Calo\u0301-des-Ma\u0300rmols.jpeg 2048w, https:\/\/www.vipealo.com\/blog\/wp-content\/uploads\/2022\/06\/9.-Calo\u0301-des-Ma\u0300rmols-300x201.jpeg 300w, https:\/\/www.vipealo.com\/blog\/wp-content\/uploads\/2022\/06\/9.-Calo\u0301-des-Ma\u0300rmols-1024x686.jpeg 1024w, https:\/\/www.vipealo.com\/blog\/wp-content\/uploads\/2022\/06\/9.-Calo\u0301-des-Ma\u0300rmols-768x514.jpeg 768w, https:\/\/www.vipealo.com\/blog\/wp-content\/uploads\/2022\/06\/9.-Calo\u0301-des-Ma\u0300rmols-1536x1028.jpeg 1536w\" sizes=\"auto, (max-width: 2048px) 100vw, 2048px\" \/><\/p>\n<p>Para llegar a Cal\u00f3 des M\u00e0rmols hay que caminar mucho por un camino no precisamente f\u00e1cil, ya que es una de las pocas playas que siguen permaneciendo totalmente virgen. Eso s\u00ed, si cuentas con un velero o una peque\u00f1a embarcaci\u00f3n, el acceso es mucho m\u00e1s f\u00e1cil, ya que puedes llegar por el mar.<\/p>\n<p>Este para\u00edso est\u00e1 compuesto por incre\u00edbles acantilados y aguas c\u00e1lidas de un color azul digno de admirar, por eso mismo, el esfuerzo que hay que hacer para llegar, merece la pena.<\/p>\n<p>El camino es de una hora aproximadamente, por eso, te recomendamos que vayas con calzado adecuado, no te cargues con muchas cosas y lleves agua, no queremos un susto en mitad de la naturaleza.<\/p>\n<h3>10. Playa de Formentor<\/h3>\n<p><img loading=\"lazy\" decoding=\"async\" class=\"aligncenter size-full wp-image-4010\" src=\"https:\/\/www.vipealo.com\/blog\/wp-content\/uploads\/2022\/06\/10.-Playa-de-Formentor.jpg\" alt=\"\" width=\"1200\" height=\"800\" srcset=\"https:\/\/www.vipealo.com\/blog\/wp-content\/uploads\/2022\/06\/10.-Playa-de-Formentor.jpg 1200w, https:\/\/www.vipealo.com\/blog\/wp-content\/uploads\/2022\/06\/10.-Playa-de-Formentor-300x200.jpg 300w, https:\/\/www.vipealo.com\/blog\/wp-content\/uploads\/2022\/06\/10.-Playa-de-Formentor-1024x683.jpg 1024w, https:\/\/www.vipealo.com\/blog\/wp-content\/uploads\/2022\/06\/10.-Playa-de-Formentor-768x512.jpg 768w\" sizes=\"auto, (max-width: 1200px) 100vw, 1200px\" \/><\/p>\n<p>Por \u00faltimo, pero no menos importante tenemos la playa de Formentor, una de las playas m\u00e1s salvajes y m\u00e1s visitadas por familias. La cala se encuentra a escasos kil\u00f3metros del Puerto de Pollen\u00e7a, junto al famoso hotel Formentor, conocido por haber acogido hu\u00e9spedes famosos como Churchill o Josep Pla.<\/p>\n<p>Se caracteriza por estar rodeada por un bosque de pinos, haciendo que siempre haya sombra. Adem\u00e1s, cabe mencionar que se divide en diferentes zonas, por lo que puedes pasear y conocer las diferentes zonas por las que se compone esta natural y maravillosa playa.<\/p>\n<p>&nbsp;<\/p>\n<p>Con la Playa de Formentor terminamos la lista de las mejores calas de Mallorca, pero esto no es todo. Adem\u00e1s de decirte las mejores calas de Mallorca, en <a href=\"https:\/\/www.vipealo.com\/espana\/mallorca\">Vipealo<\/a> tenemos toda una lista de sitios que visitar en Mallorca.<\/p>\n<p>Puedes disfrutar de tours exclusivos que puedes hacer con nosotros en esta estupenda isla y toda la informaci\u00f3n que necesites para tener un viaje de esc\u00e1ndalo.<\/p>\n<p>No dudes en contactar con nosotros ante cualquier duda. Con Vipealo, tendr\u00e1s el mejor viaje asegurado.<\/p>\n","protected":false},"excerpt":{"rendered":"<p>Mallorca es un sitio \u00fanico e inigualable, una de las Islas Baleares de Espa\u00f1a. Es muy conocida por todo el mundo gracias a sus playas, calas, monta\u00f1as y ruinas romanas, lo que la convierte en un destino de obligada visita. Si est\u00e1s pensando en viajar a esta maravillosa isla o, por el contrario, ya tienes &#8230; <a title=\"Top 10 mejores calas de Mallorca\" class=\"read-more\" href=\"https:\/\/www.vipealo.com\/blog\/mejores-calas-de-mallorca\/\" aria-label=\"Read more about Top 10 mejores calas de Mallorca\">Leer m\u00e1s<\/a><\/p>\n","protected":false},"author":1,"featured_media":3992,"comment_status":"closed","ping_status":"closed","sticky":false,"template":"","format":"standard","meta":{"footnotes":""},"categories":[46,62,6],"tags":[],"class_list":["post-3991","post","type-post","status-publish","format-standard","has-post-thumbnail","hentry","category-espana","category-islas-baleares","category-vipealo"],"_links":{"self":[{"href":"https:\/\/www.vipealo.com\/blog\/wp-json\/wp\/v2\/posts\/3991","targetHints":{"allow":["GET"]}}],"collection":[{"href":"https:\/\/www.vipealo.com\/blog\/wp-json\/wp\/v2\/posts"}],"about":[{"href":"https:\/\/www.vipealo.com\/blog\/wp-json\/wp\/v2\/types\/post"}],"author":[{"embeddable":true,"href":"https:\/\/www.vipealo.com\/blog\/wp-json\/wp\/v2\/users\/1"}],"replies":[{"embeddable":true,"href":"https:\/\/www.vipealo.com\/blog\/wp-json\/wp\/v2\/comments?post=3991"}],"version-history":[{"count":9,"href":"https:\/\/www.vipealo.com\/blog\/wp-json\/wp\/v2\/posts\/3991\/revisions"}],"predecessor-version":[{"id":4011,"href":"https:\/\/www.vipealo.com\/blog\/wp-json\/wp\/v2\/posts\/3991\/revisions\/4011"}],"wp:featuredmedia":[{"embeddable":true,"href":"https:\/\/www.vipealo.com\/blog\/wp-json\/wp\/v2\/media\/3992"}],"wp:attachment":[{"href":"https:\/\/www.vipealo.com\/blog\/wp-json\/wp\/v2\/media?parent=3991"}],"wp:term":[{"taxonomy":"category","embeddable":true,"href":"https:\/\/www.vipealo.com\/blog\/wp-json\/wp\/v2\/categories?post=3991"},{"taxonomy":"post_tag","embeddable":true,"href":"https:\/\/www.vipealo.com\/blog\/wp-json\/wp\/v2\/tags?post=3991"}],"curies":[{"name":"wp","href":"https:\/\/api.w.org\/{rel}","templated":true}]}}