{"id":3433,"date":"2022-03-02T13:04:57","date_gmt":"2022-03-02T12:04:57","guid":{"rendered":"https:\/\/www.vipealo.com\/blog\/?p=3433"},"modified":"2022-03-02T13:04:57","modified_gmt":"2022-03-02T12:04:57","slug":"las-10-playas-y-calas-mas-bonitas-en-ibiza","status":"publish","type":"post","link":"https:\/\/www.vipealo.com\/blog\/las-10-playas-y-calas-mas-bonitas-en-ibiza\/","title":{"rendered":"Las 10 playas y calas m\u00e1s bonitas en Ibiza"},"content":{"rendered":"<p><span style=\"font-weight: 400;\">Ibiza es un para\u00edso para muchos a nivel internacional, una isla repleta de magn\u00edficas playas y calas en las que dejarse envolver por su m\u00e1gico y relajante ambiente y pasar unos d\u00edas inolvidables. Esta isla espa\u00f1ola, situada en el Mediterr\u00e1neo, forma junto a Mallorca, <a href=\"https:\/\/www.vipealo.com\/blog\/10-playas-y-calas-mas-bonitas-de-menorca\/\">Menorca<\/a> y Formentera el archipi\u00e9lago de las <a href=\"https:\/\/www.vipealo.com\/blog\/las-islas-baleares-un-destino-familiar-ideal\/\">Islas Baleares.<\/a> Todo un enclave tur\u00edstico que, al menos una vez en la vida, has de visitar.<\/span><\/p>\n<p><span style=\"font-weight: 400;\">A lo largo de estas l\u00edneas podr\u00e1s sumergirte en su cultura y especialmente en las aguas cristalinas y de color turquesa acompa\u00f1adas de arena blanca de sus playas, por lo que te recomendaremos las mejores de ellas que podr\u00e1s descubrir en esta maravillosa isla llena de encantos y esencia.\u00a0<\/span><\/p>\n<h1><span style=\"font-weight: 400;\">Descubre las mejores playas de Ibiza<\/span><\/h1>\n<p><span style=\"font-weight: 400;\">Ibiza no solo destaca por las fiestas que forman parte de su enorme oferta de ocio y cultura, sino tambi\u00e9n por su el\u00e9ctrica energ\u00eda y sus incre\u00edbles enclaves naturales que conforman la isla. A continuaci\u00f3n te mostraremos cu\u00e1les son las playas y calas m\u00e1s bonitas que podr\u00e1s encontrar a lo largo y ancho de esta isla en tus d\u00edas vacacionales y en tu itinerario seleccionado.\u00a0<\/span><\/p>\n<h3><span style=\"font-weight: 400;\">Cala Salada y cala Saladeta<\/span><\/h3>\n<p><span style=\"font-weight: 400;\">Ubicada en San Antonio de Portmany y vecina de Punta Galera -de la cual hablaremos m\u00e1s adelante-, esta bonita playa es una de las m\u00e1s valoradas y bonitas de Ibiza. El truco se halla en que realmente Cala Salada est\u00e1 formada por dos calas, en donde se a\u00f1ade Cala Saladeta, su hermana peque\u00f1a. Ambas son igual de bonitas y podr\u00e1s incluso ir de una a otra nadando. <\/span><\/p>\n<p><span style=\"font-weight: 400;\">Para acceder a ellas deber\u00e1s hacerlo a pie, caminando unos 20 minutos desde los aparcamientos adaptados a tal fin. Ve con provisiones, ya que no encontrar\u00e1s servicios de restauraci\u00f3n en esta zona, adem\u00e1s de con calzado adecuado, puesto que encontrar\u00e1s distintos desniveles y un camino algo pedregoso. Sin embargo, sin duda merecer\u00e1 la pena, ya que a lo largo del camino podr\u00e1s disfrutar de las incre\u00edbles vistas a estas dos maravillosas playas desde las alturas. Y sacar muchas, muchas fotos, a este espectacular paisaje natural.<\/span><\/p>\n<figure id=\"attachment_3437\" aria-describedby=\"caption-attachment-3437\" style=\"width: 990px\" class=\"wp-caption alignnone\"><img loading=\"lazy\" decoding=\"async\" class=\"wp-image-3437 size-full\" src=\"https:\/\/www.vipealo.com\/blog\/wp-content\/uploads\/2022\/03\/AdobeStock_162122342-1.jpeg\" alt=\"Una de las playas m\u00e1s bonitaa de Ibiza\" width=\"1000\" height=\"667\" srcset=\"https:\/\/www.vipealo.com\/blog\/wp-content\/uploads\/2022\/03\/AdobeStock_162122342-1.jpeg 1000w, https:\/\/www.vipealo.com\/blog\/wp-content\/uploads\/2022\/03\/AdobeStock_162122342-1-300x200.jpeg 300w, https:\/\/www.vipealo.com\/blog\/wp-content\/uploads\/2022\/03\/AdobeStock_162122342-1-768x512.jpeg 768w\" sizes=\"auto, (max-width: 1000px) 100vw, 1000px\" \/><figcaption id=\"caption-attachment-3437\" class=\"wp-caption-text\">Cala Salada en Ibiza<\/figcaption><\/figure>\n<h3><span style=\"font-weight: 400;\">Cala Comte<\/span><\/h3>\n<p><span style=\"font-weight: 400;\">De aguas cristalinas y con una puesta de sol que no te puedes perder, esta preciosa playa es tambi\u00e9n conocida como Cala Conta, en San Jos\u00e9. Es una de las m\u00e1s visitadas de la isla, y no es de extra\u00f1ar, gracias a sus vivos colores naturales que evocan paz y tranquilidad y sus aguas color azul turquesa intenso. Esta playa est\u00e1 formada por dos calas, la propia Cala Comte, y Rac\u00f3 d\u2019en Xic. En su horizonte encontramos un espectacular paisaje conformado por los islotes de S\u2019Espartar, Ses Bledes, Es Bosc y Sa Conillera. Adem\u00e1s, podr\u00e1s encontrar alg\u00fan que otro restaurante en donde degustar sus platos locales con vistas al mar.\u00a0<\/span><\/p>\n<h3><span style=\"font-weight: 400;\">Cala Bassa<\/span><\/h3>\n<p><span style=\"font-weight: 400;\">Esta famosa cala, cercana a la cala Comte, se encuentra en el oeste de la isla y es considerada como una de las mejores playas de Ibiza. En ella podr\u00e1s disfrutar de aguas transparentes y fina arena sobre la que tomar el sol y relajarte. Adem\u00e1s, encontrar\u00e1s distintos chiringuitos y restaurantes en los que degustar desde platos tradicionales hasta m\u00e1s internacionales. Eso s\u00ed, ten en cuenta que es una de las playas m\u00e1s demandadas por los turistas, por lo que, en los meses de temporada alta, suele tener bastante afluencia.\u00a0<\/span><\/p>\n<h3><span style=\"font-weight: 400;\">Cala d\u2019Hort<\/span><\/h3>\n<p><span style=\"font-weight: 400;\">Situado en la localidad de Sant Josep de Sa Talaia, en la zona oeste de Ibiza, este arenal est\u00e1 inserto en la Reserva Natural de Cala d\u2019Hort. Se trata de un enclave con un gran valor paisaj\u00edstico, en donde adem\u00e1s se incluyen otras calas como la de Vedella o Carb\u00f3. En ella, podr\u00e1s disfrutar de unas magn\u00edficas puestas de sol y de sus vistas a los misteriosos islotes de Es Vedranell y Es Vedr\u00e1, antiguamente refugios de piratas y corsarios, cuya leyenda sostiene que estos islotes se trataban de un encuentro m\u00edstico entre la tierra y el mar, dando lugar a un punto energ\u00e9tico \u00fanico en todo el mundo.\u00a0<\/span><\/p>\n<figure id=\"attachment_3438\" aria-describedby=\"caption-attachment-3438\" style=\"width: 990px\" class=\"wp-caption alignnone\"><img loading=\"lazy\" decoding=\"async\" class=\"wp-image-3438 size-full\" src=\"https:\/\/www.vipealo.com\/blog\/wp-content\/uploads\/2022\/03\/AdobeStock_388719222-1.jpeg\" alt=\"Vistas de la Cala d'Hort, Ibiza\" width=\"1000\" height=\"580\" srcset=\"https:\/\/www.vipealo.com\/blog\/wp-content\/uploads\/2022\/03\/AdobeStock_388719222-1.jpeg 1000w, https:\/\/www.vipealo.com\/blog\/wp-content\/uploads\/2022\/03\/AdobeStock_388719222-1-300x174.jpeg 300w, https:\/\/www.vipealo.com\/blog\/wp-content\/uploads\/2022\/03\/AdobeStock_388719222-1-768x445.jpeg 768w\" sizes=\"auto, (max-width: 1000px) 100vw, 1000px\" \/><figcaption id=\"caption-attachment-3438\" class=\"wp-caption-text\">Vistas de la Cala d&#8217;Hort, Ibiza<\/figcaption><\/figure>\n<h3><span style=\"font-weight: 400;\">Cala Ses Salines<\/span><\/h3>\n<p><span style=\"font-weight: 400;\">Se trata de una de las playas m\u00e1s espectaculares de Ibiza gracias a su ubicaci\u00f3n clave en el interior del parque natural de Ses Salines, rodeado de pinos, sabinas, dunas de arena, colores vivos y tambi\u00e9n mucha vida. En ella podr\u00e1s encontrar numerosos chiringuitos y bares conocidos como\u00a0 el de Malib\u00fa o Beso Beach, adem\u00e1s de distintos restaurantes donde degustar la gastronom\u00eda mediterr\u00e1nea. Al caer la noche, la playa se contamina de m\u00fasica, ambiente y espect\u00e1culos con los que seguro te deleitar\u00e1s.\u00a0<\/span><\/p>\n<h3><span style=\"font-weight: 400;\">Cala Xarraca<\/span><\/h3>\n<p><span style=\"font-weight: 400;\">Esta cala se encuentra en la zona de Portinatx y es una de las calas m\u00e1s lindas de la isla. Es un lugar ideal para practicar buceo gracias a la profundidad de sus aguas en donde abunda tanto la fauna como la vegetaci\u00f3n marina. En la zona izquierda de la cala, hay un sitio oculto en\u00a0 donde practicar nudismo. Tambi\u00e9n podr\u00e1s visualizar su famoso islote al cual es posible llegar nadando y disfrutando de sus aguas cristalinas.\u00a0<\/span><\/p>\n<h3><span style=\"font-weight: 400;\">Cala Mol\u00ed<\/span><\/h3>\n<p><span style=\"font-weight: 400;\">Se trata de un perfecto rinc\u00f3n para recrearse en la naturaleza y la paz y tranquilidad que hallar\u00e1s en este punto. Se encuentra en la poblaci\u00f3n de San Jos\u00e9 ye est\u00e1 rodeado de pinos, con\u00edferas y distintos tipos de vegetaci\u00f3n. Es una cala con mucha esencia ibicenca, caracterizada por su arena de tonalidades suaves, aguas cristalinas y un entorno paradis\u00edaco con una extensi\u00f3n de menos de 100 metros donde practicar esn\u00f3rquel es realmente tentador.\u00a0<\/span><\/p>\n<h3><span style=\"font-weight: 400;\">Cala Tarida<\/span><\/h3>\n<p><span style=\"font-weight: 400;\">Esta hermosa y amplia playa de arena blanca y aguas turquesas poco profundas est\u00e1 situada en la costa oeste de Ibiza, muy cerca de San Jos\u00e9. Se trata de una de las mejores playas para ir en familia y con ni\u00f1os, ya que adem\u00e1s cuenta con numerosos servicios como hamacas, bares, restaurantes y chiringuitos, perfecta para disfrutar con las mayores comodidades posibles.<\/span><\/p>\n<h3><span style=\"font-weight: 400;\">Playa Benirr\u00e1s<\/span><\/h3>\n<p><span style=\"font-weight: 400;\">En el norte de la isla, encontramos esta m\u00edtica playa de arena gruesa que se abre entre Punta de la Cova de s\u2019Orenga y Punta Blanca, a los pies del monte o Puig des Guixar. Desde este enclave, podr\u00e1s ver la formaci\u00f3n monta\u00f1osa Es Amunts sobre el mar, que ofrece unas imponentes vistas, as\u00ed como el islote Es Cap Bernat con casi 30 metros de altura. En la playa Benirr\u00e1s encontrar\u00e1s servicios como el alquiler de sombrillas y hamacas, chiringuitos, restaurantes, adem\u00e1s de una buena oferta musical al atardecer, en donde se re\u00fanen numerosos percusionistas para poner en pr\u00e1ctica su arte.<\/span><\/p>\n<h3><span style=\"font-weight: 400;\">Punta Galera<\/span><\/h3>\n<p><span style=\"font-weight: 400;\">Muchos piensan que lo mejor queda para el final. Y, en este caso, as\u00ed es. Podr\u00edamos decir que Punta Galera es ese enclave a modo de postre que este post tiene para ofrecerte. Se trata de uno de los puntos m\u00e1s m\u00e1gicos de Ibiza, especialmente al atardecer, por lo que no puede faltar en tu visita si quieres darle una buena despedida al sol y a la isla. <\/span><\/p>\n<p><span style=\"font-weight: 400;\">Disfruta de la intimidad que este lugar no muy conocido te ofrecer\u00e1 y que se encuentra en la localidad de San Antonio de Portmany. M\u00e1s que de una playa como tal, se trata de una zona de ba\u00f1o situada a los pies de un rocoso acantilado que te permitir\u00e1 disfrutar de todo un espect\u00e1culo visual en donde el mar y el cielo se funden en un \u00fanico elemento.\u00a0<\/span><\/p>\n<figure id=\"attachment_3435\" aria-describedby=\"caption-attachment-3435\" style=\"width: 990px\" class=\"wp-caption alignnone\"><img loading=\"lazy\" decoding=\"async\" class=\"wp-image-3435 size-full\" src=\"https:\/\/www.vipealo.com\/blog\/wp-content\/uploads\/2022\/03\/AdobeStock_94428186-1.jpeg\" alt=\"Atardecer en Ibiza\" width=\"1000\" height=\"667\" srcset=\"https:\/\/www.vipealo.com\/blog\/wp-content\/uploads\/2022\/03\/AdobeStock_94428186-1.jpeg 1000w, https:\/\/www.vipealo.com\/blog\/wp-content\/uploads\/2022\/03\/AdobeStock_94428186-1-300x200.jpeg 300w, https:\/\/www.vipealo.com\/blog\/wp-content\/uploads\/2022\/03\/AdobeStock_94428186-1-768x512.jpeg 768w\" sizes=\"auto, (max-width: 1000px) 100vw, 1000px\" \/><figcaption id=\"caption-attachment-3435\" class=\"wp-caption-text\">Atardecer en Punta Galera, Ibiza<\/figcaption><\/figure>\n<p>Si adem\u00e1s de ser amante de la naturaleza, la playa e Ibiza, tambi\u00e9n lo eres de los atardeceres, \u00e9chale un vistazo a <a href=\"https:\/\/www.vipealo.com\/blog\/las-mejores-puestas-de-sol-de-ibiza\/\">los mejores lugares para ver la puesta de sol<\/a> en esta m\u00e1gica isla.<\/p>\n","protected":false},"excerpt":{"rendered":"<p>Ibiza es un para\u00edso para muchos a nivel internacional, una isla repleta de magn\u00edficas playas y calas en las que dejarse envolver por su m\u00e1gico y relajante ambiente y pasar unos d\u00edas inolvidables. Esta isla espa\u00f1ola, situada en el Mediterr\u00e1neo, forma junto a Mallorca, Menorca y Formentera el archipi\u00e9lago de las Islas Baleares. Todo un &#8230; <a title=\"Las 10 playas y calas m\u00e1s bonitas en Ibiza\" class=\"read-more\" href=\"https:\/\/www.vipealo.com\/blog\/las-10-playas-y-calas-mas-bonitas-en-ibiza\/\" aria-label=\"Read more about Las 10 playas y calas m\u00e1s bonitas en Ibiza\">Leer m\u00e1s<\/a><\/p>\n","protected":false},"author":1,"featured_media":3434,"comment_status":"closed","ping_status":"closed","sticky":false,"template":"","format":"standard","meta":{"footnotes":""},"categories":[6],"tags":[270,600],"class_list":["post-3433","post","type-post","status-publish","format-standard","has-post-thumbnail","hentry","category-vipealo","tag-ibiza","tag-playas-y-calas"],"_links":{"self":[{"href":"https:\/\/www.vipealo.com\/blog\/wp-json\/wp\/v2\/posts\/3433","targetHints":{"allow":["GET"]}}],"collection":[{"href":"https:\/\/www.vipealo.com\/blog\/wp-json\/wp\/v2\/posts"}],"about":[{"href":"https:\/\/www.vipealo.com\/blog\/wp-json\/wp\/v2\/types\/post"}],"author":[{"embeddable":true,"href":"https:\/\/www.vipealo.com\/blog\/wp-json\/wp\/v2\/users\/1"}],"replies":[{"embeddable":true,"href":"https:\/\/www.vipealo.com\/blog\/wp-json\/wp\/v2\/comments?post=3433"}],"version-history":[{"count":1,"href":"https:\/\/www.vipealo.com\/blog\/wp-json\/wp\/v2\/posts\/3433\/revisions"}],"predecessor-version":[{"id":3439,"href":"https:\/\/www.vipealo.com\/blog\/wp-json\/wp\/v2\/posts\/3433\/revisions\/3439"}],"wp:featuredmedia":[{"embeddable":true,"href":"https:\/\/www.vipealo.com\/blog\/wp-json\/wp\/v2\/media\/3434"}],"wp:attachment":[{"href":"https:\/\/www.vipealo.com\/blog\/wp-json\/wp\/v2\/media?parent=3433"}],"wp:term":[{"taxonomy":"category","embeddable":true,"href":"https:\/\/www.vipealo.com\/blog\/wp-json\/wp\/v2\/categories?post=3433"},{"taxonomy":"post_tag","embeddable":true,"href":"https:\/\/www.vipealo.com\/blog\/wp-json\/wp\/v2\/tags?post=3433"}],"curies":[{"name":"wp","href":"https:\/\/api.w.org\/{rel}","templated":true}]}}