{"id":3370,"date":"2022-02-24T15:20:11","date_gmt":"2022-02-24T14:20:11","guid":{"rendered":"https:\/\/www.vipealo.com\/blog\/?p=3370"},"modified":"2022-03-14T11:07:16","modified_gmt":"2022-03-14T10:07:16","slug":"alicante-tierra-de-ensueno","status":"publish","type":"post","link":"https:\/\/www.vipealo.com\/blog\/alicante-tierra-de-ensueno\/","title":{"rendered":"Alicante tierra de ensue\u00f1o"},"content":{"rendered":"\r\n\r\n\r\n<h2 class=\"has-large-font-size\">\u00bfY qu\u00e9 ver en esta ciudad portuaria?<\/h2>\r\n\r\n\r\n\r\n<p>Con su inmenso monte de <strong>Benacantil<\/strong> nos recibe esta caracter\u00edstica y hermosa ciudad que no deja de asombrarnos y reflejar su autenticidad. Entre colinas, montes, castillos y repleta de deslumbrantes paisajes, encantadoras vistas y un sin fin de quehaceres que enamoran y fascinan.<\/p>\r\n\r\n\r\n\r\n<p>Entonces, nos adentramos en <strong>Alicante<\/strong>, un territorio perteneciente a la <a href=\"https:\/\/www.vipealo.com\/espana\/comunidad-valenciana\"><strong>Comunidad Valenciana<\/strong><\/a> y situado en un lugar privilegiado del <strong>mar mediterr\u00e1neo<\/strong>. Es una ciudad con mucho que ofrecer para ver, recorrer y sin duda sentir.<\/p>\r\n\r\n\r\n\r\n<p>Recorriendo la ciudad de Alicante desde su interior hacia la costa mediterr\u00e1nea<\/p>\r\n\r\n\r\n\r\n<p>En este viaje te recomiendo que inicies conociendo <strong>Alicante<\/strong> a trav\u00e9s de sus <strong>museos y edificios<\/strong>. Por tanto, te muestro\u00a0<strong>10 de las mejores vistas <\/strong>por excelencia en la Comunidad Valenciana. Ya que, Alicante tiene suficientes atractivos tur\u00edsticos para lograr que no te aburras jam\u00e1s en este fascinante paseo.\u00a0<\/p>\r\n\r\n\r\n\r\n<p>Donde quiera que vayas de seguro tendr\u00e1s algo que ver, de por s\u00ed, es en la parte central de este bello municipio donde se encuentran gran parte de ellos.<\/p>\r\n\r\n\r\n\r\n<p>Entonces, por qu\u00e9 antes de aventurarte a conocer una Alicante playera, costera y portuaria \u00a1no empiezas primero conociendo y viendo el encanto de su <strong>urbe e historia<\/strong>!<\/p>\r\n\r\n\r\n\r\n<h3 class=\"has-medium-font-size\">Entre sus dos castillos destacan<\/h3>\r\n\r\n\r\n\r\n<ul>\r\n<li>La Explanada de Espa\u00f1a: Podr\u00edamos decir que es la perfecta conexi\u00f3n <strong>entre el mar y el casco urbano<\/strong> que queda en medio de dos imponentes castillos. Para ser m\u00e1s espec\u00edficos entre el <strong>puerto y la ciudad de Alicante<\/strong>. Con sus pr\u00e1cticamente 600 metros de distancia es el paseo m\u00e1s transitado, puesto que es la v\u00eda peatonal que conecta este largo trayecto con el resto del lugar. Es caracter\u00edstico por estar repleto de palmeras y representado por un hermoso dise\u00f1o hecho en <strong>mosaicos de colores en su suelo<\/strong>, que simula las <strong>olas del mar<\/strong>.<\/li>\r\n<\/ul>\r\n\r\n\r\n\r\n<ul>\r\n<li>La Bas\u00edlica de Santa Mar\u00eda: De construcci\u00f3n y edificaci\u00f3n asombrosa es la <strong>iglesia<\/strong> cuyo inter\u00e9s por los turistas asciende cada a\u00f1o. Pues entre su <strong>estilo g\u00f3tico<\/strong> y la particular manera en la que se edific\u00f3 <strong>\u201cSobre los restos de la Mezquita mayor isl\u00e1mica de Alicante\u201d<\/strong> llama el inter\u00e9s de muchos. Es una de las iglesias m\u00e1s antiguas de Alicante y est\u00e1 situada en la plaza que lleva su mismo nombre.<\/li>\r\n<\/ul>\r\n\r\n\r\n\r\n<ul>\r\n<li>Concatedral de San Nicol\u00e1s de Bari: En pleno centro de la ciudad se encuentra esta <strong>catedral<\/strong>, situada en una de sus plazas <strong>Abad Penalva<\/strong>. Sencillamente, fascina por su historia. Adem\u00e1s, lleva el nombre del patr\u00f3n de la ciudad de Alicante. Por lo cual al celebrarse el 6 de diciembre su aniversario, se realiza la misa y tambi\u00e9n una procesi\u00f3n por el mercadillo navide\u00f1o de la ciudad.<\/li>\r\n<\/ul>\r\n\r\n\r\n\r\n<ul>\r\n<li>Casa Carbonell: Es una de las construcciones m\u00e1s emblem\u00e1ticas de la ciudad, construida por <strong>J. Vidal Ramos<\/strong> para un importante fabricador de textiles <strong>Enrique Carbonell<\/strong>, de all\u00ed su nombre. Est\u00e1 ubicada sobre la muy conocida <strong>Explanada de Espa\u00f1a<\/strong>, demuestra las riquezas de los <strong>textileros en la \u00e9poca<\/strong> de la Primera Guerra Mundial.<\/li>\r\n<\/ul>\r\n\r\n\r\n\r\n<ul>\r\n<li>Mercado Central de Alicante: Al pasar sus puertas inspiradas al igual que su construcci\u00f3n en el <strong>modernismo<\/strong>, encontrar\u00e1s diferentes alternativas que har\u00e1n realzar tus sentidos. Los olores, sabores, exposici\u00f3n de variados alimentos aut\u00f3ctonos de la ciudad, gustos y colores que se presentan en cada puesto con un clima acogedor y buen trato por parte de los lugare\u00f1os, son parte de ello.<\/li>\r\n<\/ul>\r\n<p><span style=\"font-size: inherit;\">Todo esto se puede encontrar y observar tambi\u00e9n por toda esta tierra Espa\u00f1ola. La labor que realizan las familias y habitantes locales, realizando art\u00edculos y <\/span><strong style=\"font-size: inherit;\">productos artesanalmente<\/strong><span style=\"font-size: inherit;\"> trabajados son maravillosos. Trabajan siempre procurando la sostenibilidad y muchos de ellos los encontrar\u00e1s en este\u00a0<\/span><strong style=\"font-size: inherit;\">Mercado Central o en los mercadillos<\/strong>, as\u00ed como,\u00a0<span style=\"font-size: inherit;\">en las cercan\u00edas del puerto y las playas.<\/span><\/p>\r\n\r\n\r\n\r\n<ul>\r\n<li>Museo Arqueol\u00f3gico de Alicante y Museo The Ocean Race: Estos son dos de los m\u00e1s relevantes y novedosos <strong>museos de Alicante<\/strong>. El primero de ellos es el <strong>museo arqueol\u00f3gico<\/strong> de este siglo y se caracteriza por mostrar la historia de manera din\u00e1mica y atractiva. Por otro lado, el <strong>Museo The Ocean Race<\/strong> es sin duda de gran atractivo para todos aquellos que aman las <strong>regatas<\/strong>. Pues es el primero del mundo en ofrecer a los visitantes una aventura al experimentar las emociones y retos por los cuales deben pasar los participantes que practican este deporte.<\/li>\r\n<\/ul>\r\n\r\n\r\n\r\n<ul>\r\n<li>El Teatro principal<strong>: <\/strong>Y a quien no le gustar\u00eda disfrutar pl\u00e1cidamente de una buena obra en un lugar que derrocha de lujo a trav\u00e9s de su arte arquitect\u00f3nico tanto por dentro como por fuera. Y es que su <strong>estilo neocl\u00e1sico <\/strong>y <strong>dise\u00f1o tipo italiano<\/strong> en su interior, hacen de este museo un punto exclusivo.<\/li>\r\n<\/ul>\r\n\r\n\r\n\r\n<ul>\r\n<li>La Plaza de toros: Esta plaza a\u00fan en funcionamiento es un atractivo sin duda alguna. Adem\u00e1s de tener una infraestructura digna de admirar, lo cierto es que su capacidad interna es a\u00fan m\u00e1s asombrosa. Fue construida para albergar un <strong>gran aforo<\/strong> <strong>de espectadores<\/strong> y reformada por estar en deterioro en 1884. Dentro podr\u00e1s tambi\u00e9n observar todo lo relacionado con la actividad en el pasar del tiempo, ya que su museo se encuentra dentro, <strong>\u201cMuseo taurino de Alicante\u201d<\/strong>.<\/li>\r\n<\/ul>\r\n<p><img loading=\"lazy\" decoding=\"async\" class=\"alignnone size-large wp-image-3387\" src=\"https:\/\/www.vipealo.com\/blog\/wp-content\/uploads\/2022\/02\/viktoria-niezhentseva-dpDQekyeBM4-unsplash-819x1024.jpg\" alt=\"\" width=\"819\" height=\"1024\" srcset=\"https:\/\/www.vipealo.com\/blog\/wp-content\/uploads\/2022\/02\/viktoria-niezhentseva-dpDQekyeBM4-unsplash-819x1024.jpg 819w, https:\/\/www.vipealo.com\/blog\/wp-content\/uploads\/2022\/02\/viktoria-niezhentseva-dpDQekyeBM4-unsplash-240x300.jpg 240w, https:\/\/www.vipealo.com\/blog\/wp-content\/uploads\/2022\/02\/viktoria-niezhentseva-dpDQekyeBM4-unsplash-768x960.jpg 768w, https:\/\/www.vipealo.com\/blog\/wp-content\/uploads\/2022\/02\/viktoria-niezhentseva-dpDQekyeBM4-unsplash-1229x1536.jpg 1229w, https:\/\/www.vipealo.com\/blog\/wp-content\/uploads\/2022\/02\/viktoria-niezhentseva-dpDQekyeBM4-unsplash-1638x2048.jpg 1638w, https:\/\/www.vipealo.com\/blog\/wp-content\/uploads\/2022\/02\/viktoria-niezhentseva-dpDQekyeBM4-unsplash-scaled.jpg 2048w\" sizes=\"auto, (max-width: 819px) 100vw, 819px\" \/><\/p>\r\n\r\n\r\n\r\n<h3 class=\"has-medium-font-size\">\u00bfQu\u00e9 cosas puedes ver desde las costas de Alicante?<\/h3>\r\n\r\n\r\n\r\n<p>Ha llegado la hora alejarse de toda la <strong>din\u00e1mica hist\u00f3rica, caracter\u00edstica del casco urbano, museos, monumentos y actividades aut\u00f3ctonas<\/strong>. Para develar toda la espectacularidad del <strong>mediterr\u00e1neo<\/strong> que rodea y se adentra incluso en sus arenas invadiendo cada espacio cercano a ellas.<\/p>\r\n\r\n\r\n\r\n<p>Para esto es indispensable que no te pierdas de vista lo m\u00e1s top de esta parte de la ciudad de Alicante.<\/p>\r\n\r\n\r\n\r\n<p>El <a href=\"https:\/\/www.vipealo.com\/espana\/alicante\/tour-privado-por-alicante-castillo-de-santa-barbara-opcional\"><strong>Castillo de Santa B\u00e1rbara<\/strong><\/a>, colinda con el mar y se encuentra sobre el imponente <strong>monte Benacantil<\/strong>. Pr\u00e1cticamente, es un s\u00edmbolo para la ciudad, su robustez lo hace ser el vigilante de toda la <strong>bah\u00eda<\/strong> y las inmediaciones. Por esto y mucho m\u00e1s su gran valor para la<a href=\"https:\/\/www.vipealo.com\/espana\/provincia-de-alicante\"><strong> Provincia de Alicante<\/strong><\/a>. La grandeza se puede apreciar externa e internamente, dividido en tres partes y diferenciadas por su posici\u00f3n, ya que, externamente una de las caras es llamada <strong>\u201cLa cara del moro\u201d<\/strong> por encontrarse en un punto donde se logra ver la playa.<\/p>\r\n\r\n\r\n\r\n<p><strong>Torres de la Huerta<\/strong>, hace referencia tanto a sus torres como a los huertos. En realidad visitarlas te invita a ver m\u00e1s all\u00e1 de su construcci\u00f3n y entrar en su recorrido de 12 kil\u00f3metros que llevan a apreciar la <strong>cultura y naturaleza <\/strong>del lugar. Estas torres defend\u00edan a quienes all\u00ed habitaban de los ataques que para la \u00e9poca los piratas continuamente hac\u00edan.<\/p>\r\n<p><img loading=\"lazy\" decoding=\"async\" class=\"alignnone size-large wp-image-3389\" src=\"https:\/\/www.vipealo.com\/blog\/wp-content\/uploads\/2022\/02\/marisa-cornelsen-0KtXAQH7Ri4-unsplash-1024x768.jpg\" alt=\"\" width=\"1024\" height=\"768\" srcset=\"https:\/\/www.vipealo.com\/blog\/wp-content\/uploads\/2022\/02\/marisa-cornelsen-0KtXAQH7Ri4-unsplash-1024x768.jpg 1024w, https:\/\/www.vipealo.com\/blog\/wp-content\/uploads\/2022\/02\/marisa-cornelsen-0KtXAQH7Ri4-unsplash-300x225.jpg 300w, https:\/\/www.vipealo.com\/blog\/wp-content\/uploads\/2022\/02\/marisa-cornelsen-0KtXAQH7Ri4-unsplash-768x576.jpg 768w, https:\/\/www.vipealo.com\/blog\/wp-content\/uploads\/2022\/02\/marisa-cornelsen-0KtXAQH7Ri4-unsplash-1536x1152.jpg 1536w, https:\/\/www.vipealo.com\/blog\/wp-content\/uploads\/2022\/02\/marisa-cornelsen-0KtXAQH7Ri4-unsplash-2048x1536.jpg 2048w\" sizes=\"auto, (max-width: 1024px) 100vw, 1024px\" \/><\/p>\r\n\r\n\r\n\r\n<p><strong>Playas de Alicante<\/strong>, son muchas las playas que componen esta perfecta y paradisiaca ciudad. Encontramos desde las m\u00e1s visitadas hasta las que a pesar de su extraordinaria belleza no son muy conocidas. Lo cierto es que si se trata de ver la espectacularidad de estas playas, por sus <strong>aguas reflectantes de luz y arenas rodeadas de vegetaci\u00f3n o simplemente piedras preciosas\u00a0<\/strong>tienes tres \u00a0de las muchas alternativas a continuaci\u00f3n:<\/p>\r\n\r\n\r\n\r\n<ul>\r\n<li><strong>Playa Mascarat<\/strong>, preciosa no solo a trav\u00e9s de fotograf\u00edas, verla de cerca es incomparable. Desde su mirador alucinante desde donde puedes apreciar la <strong>arena blanca, aguas turquesas<\/strong> y una roca que toca en literalmente uno de sus costados haci\u00e9ndola una de las playas m\u00e1s alucinantes de Alicante.<\/li>\r\n<\/ul>\r\n\r\n\r\n\r\n<ul>\r\n<li><strong>Rac\u00f3 del Conill<\/strong>, de poca afluencia de personas es esta playa, ya que no es del todo muy conocida, su maravilloso paisaje es algo digno de admirar en esta fant\u00e1stica visita a las costas de Alicante.<\/li>\r\n<\/ul>\r\n\r\n\r\n\r\n<ul>\r\n<li><strong>Playa de Albir<\/strong>, esta estupenda playa es perfecta para ser fotografiada en especial por sus azules aguas y gran vista desde el <strong>pe\u00f1\u00f3n de Ifach<\/strong> que hace posible ver su paisaje litoral.<\/li>\r\n<\/ul>\r\n<p>La mirada a estos paisajes es tan sublime tanto en su puesta del sol como por su esplendor al amanecer. Simplemente, Alicante har\u00e1 que desees volver a su m\u00e1gica ciudad solo para mirarla en estas puestas.\u00a0<\/p>\r\n<p><img loading=\"lazy\" decoding=\"async\" class=\"alignnone size-large wp-image-3391\" src=\"https:\/\/www.vipealo.com\/blog\/wp-content\/uploads\/2022\/02\/alicante-4717658_1920-1024x576.jpg\" alt=\"\" width=\"1024\" height=\"576\" srcset=\"https:\/\/www.vipealo.com\/blog\/wp-content\/uploads\/2022\/02\/alicante-4717658_1920-1024x576.jpg 1024w, https:\/\/www.vipealo.com\/blog\/wp-content\/uploads\/2022\/02\/alicante-4717658_1920-300x169.jpg 300w, https:\/\/www.vipealo.com\/blog\/wp-content\/uploads\/2022\/02\/alicante-4717658_1920-768x432.jpg 768w, https:\/\/www.vipealo.com\/blog\/wp-content\/uploads\/2022\/02\/alicante-4717658_1920-1536x864.jpg 1536w, https:\/\/www.vipealo.com\/blog\/wp-content\/uploads\/2022\/02\/alicante-4717658_1920.jpg 1920w\" sizes=\"auto, (max-width: 1024px) 100vw, 1024px\" \/><\/p>\r\n\r\n\r\n\r\n<h3 class=\"has-medium-font-size\">La mirada que no pod\u00eda faltar<\/h3>\r\n\r\n\r\n\r\n<p>Esta mirada est\u00e1 principalmente sobre el <strong>Parque Canaleja<\/strong>. Grandes \u00e1rboles protegen este especial parque o por lo menos as\u00ed pareciera ser. <strong>Los ficus<\/strong> centenarios son \u00e1rboles imponentes y se encuentran por doquier, los ver\u00e1s por todas partes al visitarlos. Al estar ubicado cerca del <strong>mar<\/strong> y de la <strong>Explanada<\/strong> lo hace el m\u00e1s frecuentado y sin lugar a duda es excelente para conseguir sombra y disfrutar de la vista de un relajado d\u00eda.<\/p>\r\n\r\n\r\n\r\n<p>Cierto que jam\u00e1s falta una plaza, pues en la <strong>provincia de Alicante<\/strong>, hay muchas de ellas. Algunas pintorescas, otras con historia, especiales siempre por algo en particular.<\/p>\r\n\r\n\r\n\r\n<p>La declarada parada obligatoria es la <strong>Plaza de la Sant\u00edsima Faz<\/strong>, de seguro no dejar\u00e1s de pasar por ella cuando visites el <strong>Ayuntamiento de Alicante<\/strong>. Esta plaza se encuentra justo detr\u00e1s de esta emblem\u00e1tica infraestructura y es perfecta para observar la cotidianidad del lugar. Ya que se encuentra en la entrada del <strong>barrio antiguo<\/strong> tambi\u00e9n podr\u00e1s ver las diferencias de \u00e9poca que caracterizan la ciudad. Sin contar las altas palmeras que com\u00fanmente nos encontramos por toda la ciudad decorando y aportando en unos parajes m\u00e1s que en otras, belleza.<\/p>\r\n\r\n\r\n\r\n\r\n\r\n<h3 class=\"has-medium-font-size\">Cont\u00e1giate de todas las festividades y sus espect\u00e1culos.<\/h3>\r\n\r\n\r\n\r\n<p class=\"has-medium-font-size\">Y para finalizar este viaje se suman algunas de sus <strong>fiestas tradicionales<\/strong> en las cuales se puede observar la alegr\u00eda y riqueza cultural de esta ciudad llena de privilegiadas vistas. Recuerda que puedes planificar tus viajes justo en la \u00e9poca de celebraci\u00f3n de cada una de ellas.\u00a0<\/p>\r\n<h4 class=\"has-medium-font-size\">6 de estas conocidas festividades:<\/h4>\r\n\r\n\r\n\r\n<ul>\r\n<li>Fogueares de Sant Joan<\/li>\r\n<li>Los carnavales<\/li>\r\n<li><a href=\"https:\/\/www.vipealo.com\/espana\/malaga\/free-tour-semana-santa\">La Semana Santa<\/a><\/li>\r\n<li>Moros y Cristianos<\/li>\r\n<li>Romer\u00eda de Santa Faz<\/li>\r\n<\/ul>\r\n\r\n\r\n\r\n<p>&nbsp;<\/p>\r\n","protected":false},"excerpt":{"rendered":"<p>\u00bfY qu\u00e9 ver en esta ciudad portuaria? Con su inmenso monte de Benacantil nos recibe esta caracter\u00edstica y hermosa ciudad que no deja de asombrarnos y reflejar su autenticidad. Entre colinas, montes, castillos y repleta de deslumbrantes paisajes, encantadoras vistas y un sin fin de quehaceres que enamoran y fascinan. Entonces, nos adentramos en Alicante, &#8230; <a title=\"Alicante tierra de ensue\u00f1o\" class=\"read-more\" href=\"https:\/\/www.vipealo.com\/blog\/alicante-tierra-de-ensueno\/\" aria-label=\"Read more about Alicante tierra de ensue\u00f1o\">Leer m\u00e1s<\/a><\/p>\n","protected":false},"author":1,"featured_media":3386,"comment_status":"closed","ping_status":"closed","sticky":false,"template":"","format":"standard","meta":{"footnotes":""},"categories":[6],"tags":[],"class_list":["post-3370","post","type-post","status-publish","format-standard","has-post-thumbnail","hentry","category-vipealo"],"_links":{"self":[{"href":"https:\/\/www.vipealo.com\/blog\/wp-json\/wp\/v2\/posts\/3370","targetHints":{"allow":["GET"]}}],"collection":[{"href":"https:\/\/www.vipealo.com\/blog\/wp-json\/wp\/v2\/posts"}],"about":[{"href":"https:\/\/www.vipealo.com\/blog\/wp-json\/wp\/v2\/types\/post"}],"author":[{"embeddable":true,"href":"https:\/\/www.vipealo.com\/blog\/wp-json\/wp\/v2\/users\/1"}],"replies":[{"embeddable":true,"href":"https:\/\/www.vipealo.com\/blog\/wp-json\/wp\/v2\/comments?post=3370"}],"version-history":[{"count":16,"href":"https:\/\/www.vipealo.com\/blog\/wp-json\/wp\/v2\/posts\/3370\/revisions"}],"predecessor-version":[{"id":3401,"href":"https:\/\/www.vipealo.com\/blog\/wp-json\/wp\/v2\/posts\/3370\/revisions\/3401"}],"wp:featuredmedia":[{"embeddable":true,"href":"https:\/\/www.vipealo.com\/blog\/wp-json\/wp\/v2\/media\/3386"}],"wp:attachment":[{"href":"https:\/\/www.vipealo.com\/blog\/wp-json\/wp\/v2\/media?parent=3370"}],"wp:term":[{"taxonomy":"category","embeddable":true,"href":"https:\/\/www.vipealo.com\/blog\/wp-json\/wp\/v2\/categories?post=3370"},{"taxonomy":"post_tag","embeddable":true,"href":"https:\/\/www.vipealo.com\/blog\/wp-json\/wp\/v2\/tags?post=3370"}],"curies":[{"name":"wp","href":"https:\/\/api.w.org\/{rel}","templated":true}]}}