{"id":2502,"date":"2021-02-09T13:49:14","date_gmt":"2021-02-09T12:49:14","guid":{"rendered":"https:\/\/www.vipealo.com\/blog\/?p=2502"},"modified":"2021-05-20T16:42:05","modified_gmt":"2021-05-20T14:42:05","slug":"que-ver-y-hacer-en-una-escapada-a-cordoba","status":"publish","type":"post","link":"https:\/\/www.vipealo.com\/blog\/que-ver-y-hacer-en-una-escapada-a-cordoba\/","title":{"rendered":"\u00bfQu\u00e9 ver y hacer en una escapada a C\u00f3rdoba?"},"content":{"rendered":"<p>C\u00f3rdoba es la ciudad andaluza por excelencia, sobre todo en primavera: puedes ver las flores que inundan sus patios, la temperatura es ideal para recorrer sus calles y por \u00faltimo tenemos sus ferias. Sin embargo, cualquier \u00e9poca del a\u00f1o es buena para hacer una visita a la ciudad andaluza. Vayas cuando vayas podr\u00e1s disfrutar de C\u00f3rdoba como bien se merece, aunque desde <a href=\"https:\/\/www.vipealo.com\/espana\/cordoba\">Vipealo C\u00f3rdoba<\/a> te recomendamos la \u00e9poca del entretiempo y el florecimiento.<\/p>\n<p>Eso s\u00ed, lo que no te puede pasar es no saber cu\u00e1les son los verdaderos imprescindibles que visitar en C\u00f3rdoba. \u00a1Ahora entender\u00e1s las razones por las que la ciudad andaluza debe encontrarse en tu lista de lugares que s\u00ed o s\u00ed tienes que visitar!<\/p>\n<h2>La Mezquita &#8211; Catedral de C\u00f3rdoba<\/h2>\n<p>La joya por excelencia cordobesa va a ser nuestra primera parada: la mezquita. Todo lo que te podamos decir sobre ella no merece a su grandiosidad y espectacularidad. Por eso, te recomendamos que no te vayas de la ciudad sin visitarla, \u00a1ser\u00eda de locos!<\/p>\n<p>Este peculiar monumento fue construido en el siglo VIII sobre los restos de un templo de culto visigodo. De esta manera, se quiso elaborar un importante templo musulm\u00e1n, llegando a una extensi\u00f3n de m\u00e1s de 23.000 kil\u00f3metros cuadrados, consolid\u00e1ndose en sus or\u00edgenes como la segunda mezquita m\u00e1s grande del mundo, solo siendo superada por la Mezquita de la Meca.<\/p>\n<p>Sin embargo, en el siglo XVI se quiso construir dentro de la mezquita una bas\u00edlica cristiana, haciendo que ambas religiones y culturas convivieran en el mismo espacio, lo que hace de esta edificaci\u00f3n un lugar \u00fanico y el tesoro m\u00e1s preciado por los cordobeses. \u00a1No te puedes ir de C\u00f3rdoba sin haber hecho un tour por la Mezquita!<\/p>\n<p>Adem\u00e1s, te recomendamos subir a la torre del campanario, desde donde tienes las mejores vistas de la juder\u00eda as\u00ed como del Patio de los Naranjos, otra de las localizaciones de la Mezquita que no puedes obviar en tu paso por C\u00f3rdoba.<\/p>\n<p><img loading=\"lazy\" decoding=\"async\" class=\"alignnone wp-image-2506 size-large\" title=\"C\u00f3rdoba\" src=\"https:\/\/www.vipealo.com\/blog\/wp-content\/uploads\/2021\/02\/AdobeStock_199621107-1-compressed-1024x683.jpg\" alt=\"\" width=\"662\" height=\"442\" srcset=\"https:\/\/www.vipealo.com\/blog\/wp-content\/uploads\/2021\/02\/AdobeStock_199621107-1-compressed-1024x683.jpg 1024w, https:\/\/www.vipealo.com\/blog\/wp-content\/uploads\/2021\/02\/AdobeStock_199621107-1-compressed-300x200.jpg 300w, https:\/\/www.vipealo.com\/blog\/wp-content\/uploads\/2021\/02\/AdobeStock_199621107-1-compressed-768x512.jpg 768w, https:\/\/www.vipealo.com\/blog\/wp-content\/uploads\/2021\/02\/AdobeStock_199621107-1-compressed-1536x1024.jpg 1536w, https:\/\/www.vipealo.com\/blog\/wp-content\/uploads\/2021\/02\/AdobeStock_199621107-1-compressed-2048x1366.jpg 2048w, https:\/\/www.vipealo.com\/blog\/wp-content\/uploads\/2021\/02\/AdobeStock_199621107-1-compressed-561x374.jpg 561w, https:\/\/www.vipealo.com\/blog\/wp-content\/uploads\/2021\/02\/AdobeStock_199621107-1-compressed-1122x748.jpg 1122w, https:\/\/www.vipealo.com\/blog\/wp-content\/uploads\/2021\/02\/AdobeStock_199621107-1-compressed-364x243.jpg 364w, https:\/\/www.vipealo.com\/blog\/wp-content\/uploads\/2021\/02\/AdobeStock_199621107-1-compressed-758x505.jpg 758w, https:\/\/www.vipealo.com\/blog\/wp-content\/uploads\/2021\/02\/AdobeStock_199621107-1-compressed-608x405.jpg 608w, https:\/\/www.vipealo.com\/blog\/wp-content\/uploads\/2021\/02\/AdobeStock_199621107-1-compressed-1152x768.jpg 1152w\" sizes=\"auto, (max-width: 662px) 100vw, 662px\" \/><\/p>\n<h2>Ba\u00f1os \u00e1rabes en C\u00f3rdoba<\/h2>\n<p>A unos metros de <a href=\"https:\/\/www.vipealo.com\/espana\/cordoba\/visita-mezquita-catedral-cordoba\">la Mezquita de C\u00f3rdoba<\/a> nos encontramos con Hammam Al \u00c1ndalus, los ba\u00f1os \u00e1rabes por excelencia de la ciudad. En la actualidad puedes disfrutar y relajarte en estos ba\u00f1os que se asientan sobre los restos arqueol\u00f3gicos de los verdaderos ba\u00f1os \u00e1rabes que se encontraban en C\u00f3rdoba.<\/p>\n<p>Los ba\u00f1os \u00e1rabes o hammam se denominan as\u00ed porque este tipo de edificaci\u00f3n \u00e1rabe contaba con todas las salas relacionadas con el ba\u00f1o y la limpieza del cuerpo. Adem\u00e1s, el hammam es muy importante en la sociedad musulmana gracias a ser considerado el lugar donde se socializa as\u00ed como un enclave importante de higiene.<\/p>\n<h2>El barrio jud\u00edo<\/h2>\n<p>Tras contemplar la juder\u00eda desde la torre del campanario de la Mezquita, no hay mejor plan que perderse por sus callejuelas. La presencia de este pueblo en C\u00f3rdoba se remonta al siglo X, mucho antes de la llegada \u00e1rabe a la Pen\u00ednsula. De esta manera, los jud\u00edos llegan a establecerse cinco siglos, ya que los Reyes Cat\u00f3licos les expulsaron en el siglo XV.<\/p>\n<p>Gracias a su gran presencia, en la actualidad podemos encontrar los restos de esta cultura en los patios llenos de flores, las sinagogas e incluso la Casa de Sefarad, \u00a1no lo dudes ni un segundo y entra en este universo que te ense\u00f1ar\u00e1 la forma de vivir de los jud\u00edos en aquella \u00e9poca! Incluso\u00a0 puedes ver en la Plaza Tiberiades un tributo a Maim\u00f3nides, un importante fil\u00f3sofo y m\u00e9dico jud\u00edo a quien se recuerda gracias a la estatua que encontramos en el centro de la plaza.<\/p>\n<p><img loading=\"lazy\" decoding=\"async\" class=\"alignnone wp-image-2507 size-large\" title=\"C\u00f3rdoba\" src=\"https:\/\/www.vipealo.com\/blog\/wp-content\/uploads\/2021\/02\/AdobeStock_269583633-1-compressed-1024x684.jpg\" alt=\"\" width=\"662\" height=\"442\" srcset=\"https:\/\/www.vipealo.com\/blog\/wp-content\/uploads\/2021\/02\/AdobeStock_269583633-1-compressed-1024x684.jpg 1024w, https:\/\/www.vipealo.com\/blog\/wp-content\/uploads\/2021\/02\/AdobeStock_269583633-1-compressed-300x200.jpg 300w, https:\/\/www.vipealo.com\/blog\/wp-content\/uploads\/2021\/02\/AdobeStock_269583633-1-compressed-768x513.jpg 768w, https:\/\/www.vipealo.com\/blog\/wp-content\/uploads\/2021\/02\/AdobeStock_269583633-1-compressed-1536x1025.jpg 1536w, https:\/\/www.vipealo.com\/blog\/wp-content\/uploads\/2021\/02\/AdobeStock_269583633-1-compressed-2048x1367.jpg 2048w, https:\/\/www.vipealo.com\/blog\/wp-content\/uploads\/2021\/02\/AdobeStock_269583633-1-compressed-561x374.jpg 561w, https:\/\/www.vipealo.com\/blog\/wp-content\/uploads\/2021\/02\/AdobeStock_269583633-1-compressed-1122x749.jpg 1122w, https:\/\/www.vipealo.com\/blog\/wp-content\/uploads\/2021\/02\/AdobeStock_269583633-1-compressed-364x243.jpg 364w, https:\/\/www.vipealo.com\/blog\/wp-content\/uploads\/2021\/02\/AdobeStock_269583633-1-compressed-758x506.jpg 758w, https:\/\/www.vipealo.com\/blog\/wp-content\/uploads\/2021\/02\/AdobeStock_269583633-1-compressed-608x406.jpg 608w, https:\/\/www.vipealo.com\/blog\/wp-content\/uploads\/2021\/02\/AdobeStock_269583633-1-compressed-1152x769.jpg 1152w\" sizes=\"auto, (max-width: 662px) 100vw, 662px\" \/><\/p>\n<h2>Patios cordobeses<\/h2>\n<p>\u00bfSabes que los patios cordobeses tienen su propia fiesta? As\u00ed es y, por si fuera poco, la Fiesta de los Patios de C\u00f3rdoba cuenta con el t\u00edtulo de Patrimonio de la Humanidad por la UNESCO. De esta manera, si puedes acudir a C\u00f3rdoba en la primera quincena de mayo tendr\u00e1s acceso a bastantes m\u00e1s patios, tanto p\u00fablicos como privados, ya que normalmente hay una gran n\u00famero de espacios que se encuentran cerrados hasta esta fecha, especialmente los que son privados.<\/p>\n<p>D\u00e9jate llevar por la belleza de C\u00f3rdoba y por uno de sus tesoros m\u00e1s preciados que la hacen \u00fanica e irrepetible. Algunos autores ya dec\u00edan que el alma de C\u00f3rdoba es precisamente la magia que desprenden sus patios.<\/p>\n<h2>Real Alc\u00e1zar de C\u00f3rdoba<\/h2>\n<p>\u00bfHas visitado los jardines del Alc\u00e1zar de los Reyes Cat\u00f3licos? \u00a1Sabr\u00e1s entonces por qu\u00e9 esta visita es indispensable en la ciudad andaluza! Una vez consiguieron reconquistar C\u00f3rdoba, los Reyes Cat\u00f3licos quisieron hacer de este antiguo palacio califa su lugar de residencia, creando as\u00ed el fortificado Alc\u00e1zar.<\/p>\n<p>No hay nada como pasear por sus jardines al ocaso, \u00a1ser\u00e1 una de las im\u00e1genes m\u00e1s bonitas que te lleves de C\u00f3rdoba!<\/p>\n<p><img loading=\"lazy\" decoding=\"async\" class=\"alignnone wp-image-2508 size-large\" title=\"C\u00f3rdoba\" src=\"https:\/\/www.vipealo.com\/blog\/wp-content\/uploads\/2021\/02\/AdobeStock_11694778-1-compressed-1024x768.jpg\" alt=\"\" width=\"662\" height=\"497\" srcset=\"https:\/\/www.vipealo.com\/blog\/wp-content\/uploads\/2021\/02\/AdobeStock_11694778-1-compressed-1024x768.jpg 1024w, https:\/\/www.vipealo.com\/blog\/wp-content\/uploads\/2021\/02\/AdobeStock_11694778-1-compressed-300x225.jpg 300w, https:\/\/www.vipealo.com\/blog\/wp-content\/uploads\/2021\/02\/AdobeStock_11694778-1-compressed-768x576.jpg 768w, https:\/\/www.vipealo.com\/blog\/wp-content\/uploads\/2021\/02\/AdobeStock_11694778-1-compressed-1536x1152.jpg 1536w, https:\/\/www.vipealo.com\/blog\/wp-content\/uploads\/2021\/02\/AdobeStock_11694778-1-compressed-2048x1536.jpg 2048w, https:\/\/www.vipealo.com\/blog\/wp-content\/uploads\/2021\/02\/AdobeStock_11694778-1-compressed-192x144.jpg 192w, https:\/\/www.vipealo.com\/blog\/wp-content\/uploads\/2021\/02\/AdobeStock_11694778-1-compressed-384x288.jpg 384w, https:\/\/www.vipealo.com\/blog\/wp-content\/uploads\/2021\/02\/AdobeStock_11694778-1-compressed-90x68.jpg 90w, https:\/\/www.vipealo.com\/blog\/wp-content\/uploads\/2021\/02\/AdobeStock_11694778-1-compressed-180x135.jpg 180w, https:\/\/www.vipealo.com\/blog\/wp-content\/uploads\/2021\/02\/AdobeStock_11694778-1-compressed-561x421.jpg 561w, https:\/\/www.vipealo.com\/blog\/wp-content\/uploads\/2021\/02\/AdobeStock_11694778-1-compressed-1122x842.jpg 1122w, https:\/\/www.vipealo.com\/blog\/wp-content\/uploads\/2021\/02\/AdobeStock_11694778-1-compressed-364x273.jpg 364w, https:\/\/www.vipealo.com\/blog\/wp-content\/uploads\/2021\/02\/AdobeStock_11694778-1-compressed-758x569.jpg 758w, https:\/\/www.vipealo.com\/blog\/wp-content\/uploads\/2021\/02\/AdobeStock_11694778-1-compressed-608x456.jpg 608w, https:\/\/www.vipealo.com\/blog\/wp-content\/uploads\/2021\/02\/AdobeStock_11694778-1-compressed-1152x864.jpg 1152w\" sizes=\"auto, (max-width: 662px) 100vw, 662px\" \/><\/p>\n<h2>Tablao flamenco<\/h2>\n<p>\u00bfNunca has ido a ver un espect\u00e1culo de flamenco en Andaluc\u00eda? \u00a1Ahora no tienes excusa! Es imperdonable visitar el sur espa\u00f1ol e irte sin haber disfrutado el flamenco en el lugar donde naci\u00f3.<\/p>\n<p>Conoce el arte espa\u00f1ol, deja que te corra por las venas y si te pica la curiosidad, te recomendamos hacerte un curso de iniciaci\u00f3n del baile andaluz, \u00bfqu\u00e9 tal si empiezas por las sevillanas?<\/p>\n<h2>Noche cordobesa<\/h2>\n<p>La mejor forma de conocer una ciudad es a trav\u00e9s de los free tours, por eso hoy vengo a proponerte un plan alternativo: \u00bfqu\u00e9 me dices de un <a href=\"https:\/\/www.vipealo.com\/espana\/cordoba\/free-tour-nocturno-cordoba\">free tour por Cordoba<\/a> de noche? Conocer\u00e1s los monumentos m\u00e1s importantes de la ciudad desde el atardecer.<\/p>\n<p>Lo mejor de hacer una visita guiada por la ciudad son los consejos que te ir\u00e1 dando el gu\u00eda, \u00a1as\u00ed que aprovecha para que te diga los mejores locales de fiesta de C\u00f3rdoba!<\/p>\n","protected":false},"excerpt":{"rendered":"<p>C\u00f3rdoba es la ciudad andaluza por excelencia, sobre todo en primavera: puedes ver las flores que inundan sus patios, la temperatura es ideal para recorrer sus calles y por \u00faltimo tenemos sus ferias. Sin embargo, cualquier \u00e9poca del a\u00f1o es buena para hacer una visita a la ciudad andaluza. Vayas cuando vayas podr\u00e1s disfrutar de &#8230; <a title=\"\u00bfQu\u00e9 ver y hacer en una escapada a C\u00f3rdoba?\" class=\"read-more\" href=\"https:\/\/www.vipealo.com\/blog\/que-ver-y-hacer-en-una-escapada-a-cordoba\/\" aria-label=\"Read more about \u00bfQu\u00e9 ver y hacer en una escapada a C\u00f3rdoba?\">Leer m\u00e1s<\/a><\/p>\n","protected":false},"author":1,"featured_media":2507,"comment_status":"open","ping_status":"open","sticky":false,"template":"","format":"standard","meta":{"footnotes":""},"categories":[51,46],"tags":[68,77],"class_list":["post-2502","post","type-post","status-publish","format-standard","has-post-thumbnail","hentry","category-andalucia","category-espana","tag-cordoba","tag-escapada"],"_links":{"self":[{"href":"https:\/\/www.vipealo.com\/blog\/wp-json\/wp\/v2\/posts\/2502","targetHints":{"allow":["GET"]}}],"collection":[{"href":"https:\/\/www.vipealo.com\/blog\/wp-json\/wp\/v2\/posts"}],"about":[{"href":"https:\/\/www.vipealo.com\/blog\/wp-json\/wp\/v2\/types\/post"}],"author":[{"embeddable":true,"href":"https:\/\/www.vipealo.com\/blog\/wp-json\/wp\/v2\/users\/1"}],"replies":[{"embeddable":true,"href":"https:\/\/www.vipealo.com\/blog\/wp-json\/wp\/v2\/comments?post=2502"}],"version-history":[{"count":4,"href":"https:\/\/www.vipealo.com\/blog\/wp-json\/wp\/v2\/posts\/2502\/revisions"}],"predecessor-version":[{"id":2509,"href":"https:\/\/www.vipealo.com\/blog\/wp-json\/wp\/v2\/posts\/2502\/revisions\/2509"}],"wp:featuredmedia":[{"embeddable":true,"href":"https:\/\/www.vipealo.com\/blog\/wp-json\/wp\/v2\/media\/2507"}],"wp:attachment":[{"href":"https:\/\/www.vipealo.com\/blog\/wp-json\/wp\/v2\/media?parent=2502"}],"wp:term":[{"taxonomy":"category","embeddable":true,"href":"https:\/\/www.vipealo.com\/blog\/wp-json\/wp\/v2\/categories?post=2502"},{"taxonomy":"post_tag","embeddable":true,"href":"https:\/\/www.vipealo.com\/blog\/wp-json\/wp\/v2\/tags?post=2502"}],"curies":[{"name":"wp","href":"https:\/\/api.w.org\/{rel}","templated":true}]}}