{"id":2485,"date":"2021-01-27T17:08:26","date_gmt":"2021-01-27T16:08:26","guid":{"rendered":"https:\/\/www.vipealo.com\/blog\/?p=2485"},"modified":"2021-05-20T16:42:59","modified_gmt":"2021-05-20T14:42:59","slug":"todo-lo-que-puedes-ver-y-hacer-en-palma-de-mallorca","status":"publish","type":"post","link":"https:\/\/www.vipealo.com\/blog\/todo-lo-que-puedes-ver-y-hacer-en-palma-de-mallorca\/","title":{"rendered":"Todo lo que puedes ver y hacer en Palma de Mallorca"},"content":{"rendered":"<p><span style=\"font-weight: 400;\">Mallorca es una de las islas espa\u00f1olas favoritas cuando llega el verano, pero no solo para nosotros, los espa\u00f1oles, sino que tambi\u00e9n para todos los europeos, haciendo de la isla el destino n\u00famero uno tan pronto aterriza la \u00e9poca veraniega. El \u00e9xito que tiene el archipi\u00e9lago balear responde al microclima que te anima a viajar ya sea febrero o junio, a pesar de que en <\/span><a href=\"https:\/\/www.vipealo.com\/\">Vipealo<\/a><span style=\"font-weight: 400;\"> nos acordamos de islas como Mallorca una vez ha llegado el fr\u00edo a la Pen\u00ednsula.\u00a0<\/span><\/p>\n<p><span style=\"font-weight: 400;\">Aunque es bastante conocida por sus fant\u00e1sticas playas y calas, as\u00ed como de su ambiente fiestero, la \u00ednsula no es lo \u00fanico que nos ofrece. Hoy queremos ofrecerte un tour por la capital e ir descubriendo el mejor tesoro guardado en Palma de Mallorca.<\/span><\/p>\n<h3><b>El Castillo de Bellver<\/b><\/h3>\n<p><span style=\"font-weight: 400;\">La isla de Mallorca era un enclave que necesitaba protegerse a trav\u00e9s de una fortificaci\u00f3n que controlase todos los movimientos por mar de los posibles atacantes, ya que no ten\u00eda ninguna conexi\u00f3n por tierra. Por eso, se encuentra sobre una colina a una altura m\u00e1s de 112 metros sobre el nivel del mar.<\/span><\/p>\n<p><span style=\"font-weight: 400;\">Lo que m\u00e1s llama la atenci\u00f3n de esta construcci\u00f3n es su planta circular, permitiendo as\u00ed que no hubiera ning\u00fan punto muerto por donde el enemigo pudiera atacar. Otro de los aspectos que m\u00e1s llama la atenci\u00f3n es su nombre, ya que <\/span><i><span style=\"font-weight: 400;\">Bellver <\/span><\/i><span style=\"font-weight: 400;\">en catal\u00e1n antiguo quiere decir <\/span><i><span style=\"font-weight: 400;\">Bella vista<\/span><\/i><span style=\"font-weight: 400;\"> y no es para menos, ya que desde esta zona privilegiada puedes ver toda la ciudad, el puerto y la sierra.<\/span><\/p>\n<p><img loading=\"lazy\" decoding=\"async\" class=\"alignnone wp-image-2486 size-large\" title=\"Palma de Mallorca\" src=\"https:\/\/www.vipealo.com\/blog\/wp-content\/uploads\/2021\/01\/AdobeStock_278644384-1-compressed-1024x576.jpg\" alt=\"\" width=\"662\" height=\"372\" srcset=\"https:\/\/www.vipealo.com\/blog\/wp-content\/uploads\/2021\/01\/AdobeStock_278644384-1-compressed-1024x576.jpg 1024w, https:\/\/www.vipealo.com\/blog\/wp-content\/uploads\/2021\/01\/AdobeStock_278644384-1-compressed-300x169.jpg 300w, https:\/\/www.vipealo.com\/blog\/wp-content\/uploads\/2021\/01\/AdobeStock_278644384-1-compressed-768x432.jpg 768w, https:\/\/www.vipealo.com\/blog\/wp-content\/uploads\/2021\/01\/AdobeStock_278644384-1-compressed-1536x864.jpg 1536w, https:\/\/www.vipealo.com\/blog\/wp-content\/uploads\/2021\/01\/AdobeStock_278644384-1-compressed-2048x1152.jpg 2048w, https:\/\/www.vipealo.com\/blog\/wp-content\/uploads\/2021\/01\/AdobeStock_278644384-1-compressed-192x108.jpg 192w, https:\/\/www.vipealo.com\/blog\/wp-content\/uploads\/2021\/01\/AdobeStock_278644384-1-compressed-384x216.jpg 384w, https:\/\/www.vipealo.com\/blog\/wp-content\/uploads\/2021\/01\/AdobeStock_278644384-1-compressed-364x205.jpg 364w, https:\/\/www.vipealo.com\/blog\/wp-content\/uploads\/2021\/01\/AdobeStock_278644384-1-compressed-728x410.jpg 728w, https:\/\/www.vipealo.com\/blog\/wp-content\/uploads\/2021\/01\/AdobeStock_278644384-1-compressed-561x316.jpg 561w, https:\/\/www.vipealo.com\/blog\/wp-content\/uploads\/2021\/01\/AdobeStock_278644384-1-compressed-1122x631.jpg 1122w, https:\/\/www.vipealo.com\/blog\/wp-content\/uploads\/2021\/01\/AdobeStock_278644384-1-compressed-758x426.jpg 758w, https:\/\/www.vipealo.com\/blog\/wp-content\/uploads\/2021\/01\/AdobeStock_278644384-1-compressed-608x342.jpg 608w, https:\/\/www.vipealo.com\/blog\/wp-content\/uploads\/2021\/01\/AdobeStock_278644384-1-compressed-1152x648.jpg 1152w\" sizes=\"auto, (max-width: 662px) 100vw, 662px\" \/><\/p>\n<h3><b>La Catedral de Palma de Mallorca<\/b><\/h3>\n<p><span style=\"font-weight: 400;\">Este templo religioso tiene unas cuantas curiosidades que la envuelven. Para empezar, ya en el siglo XII Jaime I de la Corona de Arag\u00f3n quiso construir la catedral dedicada a Santa Mar\u00eda, gracias a su salvaci\u00f3n en un accidente de mar. Por otro lado, el edificio cuenta con el roset\u00f3n g\u00f3tico m\u00e1s grande en Europa, llegando a los 13 metros de di\u00e1metro.\u00a0<\/span><\/p>\n<p><span style=\"font-weight: 400;\">Por otro lado, Gaud\u00ed estuvo al mando de una serie de modificaciones que se pidieron con relaci\u00f3n al traslado del coro y la iluminaci\u00f3n del espacio, entre otros. \u00bfQuieres saber m\u00e1s sobre la Catedral? An\u00edmate a hacer un <\/span><a href=\"https:\/\/www.vipealo.com\/espana\/mallorca\/free-tour-por-palma-de-mallorca\">free tour Mallorca<\/a><span style=\"font-weight: 400;\"> donde te expliquen todas las curiosidades y caracter\u00edsticas de la Catedral.<\/span><\/p>\n<h3><b>Palacio Real de la Almudaina<\/b><\/h3>\n<p><span style=\"font-weight: 400;\">La residencia oficial de los Reyes de Espa\u00f1a durante su estancia en Palma de Mallorca tiene una gran historia detr\u00e1s, desde sus or\u00edgenes romanos. Desde esta \u00e9poca se cree que hay asentamientos y la zona en la que se encuentra el Palacio es desde entonces la sede del poder de la isla.<\/span><\/p>\n<p><span style=\"font-weight: 400;\">Te recomendamos visitar sus jardines, donde predomina el arte musulm\u00e1n recordando a los patios \u00e1rabes de la Alhambra de Granada, \u00a1incluso te transportar\u00e1s a este palacio!<\/span><\/p>\n<p><img loading=\"lazy\" decoding=\"async\" class=\"alignnone wp-image-2488 size-large\" title=\"Palma de Mallorca\" src=\"https:\/\/www.vipealo.com\/blog\/wp-content\/uploads\/2021\/01\/AdobeStock_95626488-1-compressed-1-1024x710.jpg\" alt=\"\" width=\"662\" height=\"459\" srcset=\"https:\/\/www.vipealo.com\/blog\/wp-content\/uploads\/2021\/01\/AdobeStock_95626488-1-compressed-1-1024x710.jpg 1024w, https:\/\/www.vipealo.com\/blog\/wp-content\/uploads\/2021\/01\/AdobeStock_95626488-1-compressed-1-300x208.jpg 300w, https:\/\/www.vipealo.com\/blog\/wp-content\/uploads\/2021\/01\/AdobeStock_95626488-1-compressed-1-768x532.jpg 768w, https:\/\/www.vipealo.com\/blog\/wp-content\/uploads\/2021\/01\/AdobeStock_95626488-1-compressed-1-1536x1065.jpg 1536w, https:\/\/www.vipealo.com\/blog\/wp-content\/uploads\/2021\/01\/AdobeStock_95626488-1-compressed-1-2048x1419.jpg 2048w, https:\/\/www.vipealo.com\/blog\/wp-content\/uploads\/2021\/01\/AdobeStock_95626488-1-compressed-1-265x185.jpg 265w, https:\/\/www.vipealo.com\/blog\/wp-content\/uploads\/2021\/01\/AdobeStock_95626488-1-compressed-1-561x389.jpg 561w, https:\/\/www.vipealo.com\/blog\/wp-content\/uploads\/2021\/01\/AdobeStock_95626488-1-compressed-1-1122x778.jpg 1122w, https:\/\/www.vipealo.com\/blog\/wp-content\/uploads\/2021\/01\/AdobeStock_95626488-1-compressed-1-364x252.jpg 364w, https:\/\/www.vipealo.com\/blog\/wp-content\/uploads\/2021\/01\/AdobeStock_95626488-1-compressed-1-758x525.jpg 758w, https:\/\/www.vipealo.com\/blog\/wp-content\/uploads\/2021\/01\/AdobeStock_95626488-1-compressed-1-608x421.jpg 608w, https:\/\/www.vipealo.com\/blog\/wp-content\/uploads\/2021\/01\/AdobeStock_95626488-1-compressed-1-1152x798.jpg 1152w\" sizes=\"auto, (max-width: 662px) 100vw, 662px\" \/><\/p>\n<h3><b>Barrio jud\u00edo<\/b><\/h3>\n<p><span style=\"font-weight: 400;\">Como en todas las ciudades importantes, aqu\u00ed tambi\u00e9n encontramos la juder\u00eda de Palma de Mallorca la cual fue habitada por la comunidad jud\u00eda hasta el siglo XV. A diferencia del resto de juder\u00edas que nos podemos encontrar en Espa\u00f1a, esta fue quemada por lo que no hay vestigios de lo que fue el Call Maior. Sin embargo, a\u00fan podemos ver ciertos elementos que han perdurado en el tiempo como la Calle Sol donde encontrar\u00e1s una placa que muestra la puerta de acceso al barrio jud\u00edo.<\/span><\/p>\n<h3><b>Paseo mar\u00edtimo de Palma de Mallorca<\/b><\/h3>\n<p><span style=\"font-weight: 400;\">Para finalizar el tour por la capital de la isla de la Mallorca, no puede faltar una de las <\/span><a href=\"https:\/\/www.vipealo.com\/espana\/mallorca\">actividades en Mallorca<\/a><span style=\"font-weight: 400;\"> m\u00e1s famosas: recorrer el paseo mar\u00edtimo. Ir a Palma de Mallorca y perderse un amanecer o un atardecer desde su ic\u00f3nico paseo mar\u00edtimo. \u00a1Cada d\u00eda es distinto! \u00a1Aprovecha y as\u00f3mbrate de todos los colores del cielo mallorqu\u00edn!<\/span><\/p>\n<p><img loading=\"lazy\" decoding=\"async\" class=\"alignnone wp-image-2489 size-large\" title=\"Palma de Mallorca\" src=\"https:\/\/www.vipealo.com\/blog\/wp-content\/uploads\/2021\/01\/AdobeStock_251360281-1-1-1-compressed-1024x419.jpg\" alt=\"\" width=\"662\" height=\"271\" srcset=\"https:\/\/www.vipealo.com\/blog\/wp-content\/uploads\/2021\/01\/AdobeStock_251360281-1-1-1-compressed-1024x419.jpg 1024w, https:\/\/www.vipealo.com\/blog\/wp-content\/uploads\/2021\/01\/AdobeStock_251360281-1-1-1-compressed-300x123.jpg 300w, https:\/\/www.vipealo.com\/blog\/wp-content\/uploads\/2021\/01\/AdobeStock_251360281-1-1-1-compressed-768x314.jpg 768w, https:\/\/www.vipealo.com\/blog\/wp-content\/uploads\/2021\/01\/AdobeStock_251360281-1-1-1-compressed-1536x628.jpg 1536w, https:\/\/www.vipealo.com\/blog\/wp-content\/uploads\/2021\/01\/AdobeStock_251360281-1-1-1-compressed-2048x838.jpg 2048w, https:\/\/www.vipealo.com\/blog\/wp-content\/uploads\/2021\/01\/AdobeStock_251360281-1-1-1-compressed-561x229.jpg 561w, https:\/\/www.vipealo.com\/blog\/wp-content\/uploads\/2021\/01\/AdobeStock_251360281-1-1-1-compressed-1122x459.jpg 1122w, https:\/\/www.vipealo.com\/blog\/wp-content\/uploads\/2021\/01\/AdobeStock_251360281-1-1-1-compressed-364x149.jpg 364w, https:\/\/www.vipealo.com\/blog\/wp-content\/uploads\/2021\/01\/AdobeStock_251360281-1-1-1-compressed-758x310.jpg 758w, https:\/\/www.vipealo.com\/blog\/wp-content\/uploads\/2021\/01\/AdobeStock_251360281-1-1-1-compressed-608x249.jpg 608w, https:\/\/www.vipealo.com\/blog\/wp-content\/uploads\/2021\/01\/AdobeStock_251360281-1-1-1-compressed-1152x471.jpg 1152w\" sizes=\"auto, (max-width: 662px) 100vw, 662px\" \/><\/p>\n","protected":false},"excerpt":{"rendered":"<p>Mallorca es una de las islas espa\u00f1olas favoritas cuando llega el verano, pero no solo para nosotros, los espa\u00f1oles, sino que tambi\u00e9n para todos los europeos, haciendo de la isla el destino n\u00famero uno tan pronto aterriza la \u00e9poca veraniega. El \u00e9xito que tiene el archipi\u00e9lago balear responde al microclima que te anima a viajar &#8230; <a title=\"Todo lo que puedes ver y hacer en Palma de Mallorca\" class=\"read-more\" href=\"https:\/\/www.vipealo.com\/blog\/todo-lo-que-puedes-ver-y-hacer-en-palma-de-mallorca\/\" aria-label=\"Read more about Todo lo que puedes ver y hacer en Palma de Mallorca\">Leer m\u00e1s<\/a><\/p>\n","protected":false},"author":1,"featured_media":2489,"comment_status":"open","ping_status":"open","sticky":false,"template":"","format":"standard","meta":{"footnotes":""},"categories":[46,62],"tags":[83,81,82],"class_list":["post-2485","post","type-post","status-publish","format-standard","has-post-thumbnail","hentry","category-espana","category-islas-baleares","tag-baleares","tag-mallorca","tag-palma"],"_links":{"self":[{"href":"https:\/\/www.vipealo.com\/blog\/wp-json\/wp\/v2\/posts\/2485","targetHints":{"allow":["GET"]}}],"collection":[{"href":"https:\/\/www.vipealo.com\/blog\/wp-json\/wp\/v2\/posts"}],"about":[{"href":"https:\/\/www.vipealo.com\/blog\/wp-json\/wp\/v2\/types\/post"}],"author":[{"embeddable":true,"href":"https:\/\/www.vipealo.com\/blog\/wp-json\/wp\/v2\/users\/1"}],"replies":[{"embeddable":true,"href":"https:\/\/www.vipealo.com\/blog\/wp-json\/wp\/v2\/comments?post=2485"}],"version-history":[{"count":1,"href":"https:\/\/www.vipealo.com\/blog\/wp-json\/wp\/v2\/posts\/2485\/revisions"}],"predecessor-version":[{"id":2490,"href":"https:\/\/www.vipealo.com\/blog\/wp-json\/wp\/v2\/posts\/2485\/revisions\/2490"}],"wp:featuredmedia":[{"embeddable":true,"href":"https:\/\/www.vipealo.com\/blog\/wp-json\/wp\/v2\/media\/2489"}],"wp:attachment":[{"href":"https:\/\/www.vipealo.com\/blog\/wp-json\/wp\/v2\/media?parent=2485"}],"wp:term":[{"taxonomy":"category","embeddable":true,"href":"https:\/\/www.vipealo.com\/blog\/wp-json\/wp\/v2\/categories?post=2485"},{"taxonomy":"post_tag","embeddable":true,"href":"https:\/\/www.vipealo.com\/blog\/wp-json\/wp\/v2\/tags?post=2485"}],"curies":[{"name":"wp","href":"https:\/\/api.w.org\/{rel}","templated":true}]}}