{"id":2444,"date":"2021-01-12T12:46:12","date_gmt":"2021-01-12T11:46:12","guid":{"rendered":"https:\/\/www.vipealo.com\/blog\/?p=2444"},"modified":"2021-05-20T16:59:05","modified_gmt":"2021-05-20T14:59:05","slug":"el-barrio-de-belem-que-ver-en-belem-y-donde-comer","status":"publish","type":"post","link":"https:\/\/www.vipealo.com\/blog\/el-barrio-de-belem-que-ver-en-belem-y-donde-comer\/","title":{"rendered":"El barrio de Bel\u00e9m: \u00bfqu\u00e9 ver en Bel\u00e9m y d\u00f3nde comer?"},"content":{"rendered":"<p>Lisboa es una de las ciudades estrellas con las que cuenta el continente europeo. Parece que siempre apetece hacer un viaje a la capital portuguesa, sea cual sea el plan. Adem\u00e1s, \u00bfsabes que Lisboa se encuentra dentro de las 10 ciudades m\u00e1s visitas de Europa? Por si eso no te es suficiente, la belleza de Lisboa la deber\u00e1s captar a trav\u00e9s de sus hermosas playas, su incre\u00edble cultura culinaria y el encanto de los barrios de los que presume, como Alfama. \u00a1Por no hablar de que puedes <a href=\"https:\/\/www.vipealo.com\/portugal\">descubrir Portugal<\/a> a trav\u00e9s de sus fant\u00e1sticas calles!<\/p>\n<p>Sin embargo, hoy venimos a hablarte de uno de sus m\u00e1s caracter\u00edsticos barrios: Bel\u00e9m. Conocemos de primera mano la importancia cultural e hist\u00f3rica de la zona, as\u00ed que si es tu primera vez en Lisboa, quieres conocer a fondo el barrio de Bel\u00e9m y te gustar\u00eda conocer los lugares m\u00e1s imprescindibles del \u00e1rea, est\u00e1s en el lugar correcto. \u00a1All\u00e1 vamos Bel\u00e9m!<\/p>\n<p><img loading=\"lazy\" decoding=\"async\" class=\"alignnone wp-image-2448 size-large\" title=\"Bel\u00e9m\" src=\"https:\/\/www.vipealo.com\/blog\/wp-content\/uploads\/2021\/01\/AdobeStock_330778299-1-compressed-1024x388.jpg\" alt=\"\" width=\"662\" height=\"251\" srcset=\"https:\/\/www.vipealo.com\/blog\/wp-content\/uploads\/2021\/01\/AdobeStock_330778299-1-compressed-1024x388.jpg 1024w, https:\/\/www.vipealo.com\/blog\/wp-content\/uploads\/2021\/01\/AdobeStock_330778299-1-compressed-300x114.jpg 300w, https:\/\/www.vipealo.com\/blog\/wp-content\/uploads\/2021\/01\/AdobeStock_330778299-1-compressed-768x291.jpg 768w, https:\/\/www.vipealo.com\/blog\/wp-content\/uploads\/2021\/01\/AdobeStock_330778299-1-compressed-1536x583.jpg 1536w, https:\/\/www.vipealo.com\/blog\/wp-content\/uploads\/2021\/01\/AdobeStock_330778299-1-compressed-2048x777.jpg 2048w, https:\/\/www.vipealo.com\/blog\/wp-content\/uploads\/2021\/01\/AdobeStock_330778299-1-compressed-561x213.jpg 561w, https:\/\/www.vipealo.com\/blog\/wp-content\/uploads\/2021\/01\/AdobeStock_330778299-1-compressed-1122x426.jpg 1122w, https:\/\/www.vipealo.com\/blog\/wp-content\/uploads\/2021\/01\/AdobeStock_330778299-1-compressed-364x138.jpg 364w, https:\/\/www.vipealo.com\/blog\/wp-content\/uploads\/2021\/01\/AdobeStock_330778299-1-compressed-758x288.jpg 758w, https:\/\/www.vipealo.com\/blog\/wp-content\/uploads\/2021\/01\/AdobeStock_330778299-1-compressed-608x231.jpg 608w, https:\/\/www.vipealo.com\/blog\/wp-content\/uploads\/2021\/01\/AdobeStock_330778299-1-compressed-1152x437.jpg 1152w\" sizes=\"auto, (max-width: 662px) 100vw, 662px\" \/><\/p>\n<h3>\u00bfQu\u00e9 hacer en Bel\u00e9m?<\/h3>\n<p>Para empezar nuestro viaje en Bel\u00e9m, vamos a hablarte de todas las atracciones que puedes disfrutar en el famoso barrio de Lisboa. \u00a1No tiene desperdicio!<\/p>\n<h4>Monasterio de los Jer\u00f3nimos<\/h4>\n<p>Uno de los ejemplos que mejor representan el mecenazgo de Manuel I por los viajes de exploraci\u00f3n lo encontramos en este templo cristiano, construido como homenaje a Vasco de Gama. Por ello, el monumento data del siglo XVI y se edific\u00f3 sobre una antigua ermita a la que todos los navegantes acud\u00edan a rezar antes de largos viajes en el mar.<\/p>\n<h4>El Palacio de Bel\u00e9m<\/h4>\n<p>La residencia oficial del presidente de Portugal lo encontramos a unos metros de distancia de la atracci\u00f3n tur\u00edstica anterior, al norte del r\u00edo Tajo. El <a href=\"https:\/\/www.vipealo.com\/portugal\/lisboa\/tour-a-tu-medida-descubre-lisboa-y-belem\">Palacio de Belem<\/a> fue construido por Manuel de Alburquerque en el siglo XVI aunque en el siglo posterior fue remodelado por los Condes de Aveiras. Desde este momento el complejo fue residencia de las m\u00e1ximas autoridades que ostentaban el poder en Portugal, hasta la actualidad con Marcelo Rebelo de Sousa, presidente de la Rep\u00fablica de Portugal.<\/p>\n<p><img loading=\"lazy\" decoding=\"async\" class=\"alignnone wp-image-2446 size-large\" title=\"Bel\u00e9m\" src=\"https:\/\/www.vipealo.com\/blog\/wp-content\/uploads\/2021\/01\/AdobeStock_272165024-1-1024x683.jpeg\" alt=\"\" width=\"662\" height=\"442\" srcset=\"https:\/\/www.vipealo.com\/blog\/wp-content\/uploads\/2021\/01\/AdobeStock_272165024-1-1024x683.jpeg 1024w, https:\/\/www.vipealo.com\/blog\/wp-content\/uploads\/2021\/01\/AdobeStock_272165024-1-300x200.jpeg 300w, https:\/\/www.vipealo.com\/blog\/wp-content\/uploads\/2021\/01\/AdobeStock_272165024-1-768x512.jpeg 768w, https:\/\/www.vipealo.com\/blog\/wp-content\/uploads\/2021\/01\/AdobeStock_272165024-1-1536x1024.jpeg 1536w, https:\/\/www.vipealo.com\/blog\/wp-content\/uploads\/2021\/01\/AdobeStock_272165024-1-2048x1366.jpeg 2048w, https:\/\/www.vipealo.com\/blog\/wp-content\/uploads\/2021\/01\/AdobeStock_272165024-1-561x374.jpeg 561w, https:\/\/www.vipealo.com\/blog\/wp-content\/uploads\/2021\/01\/AdobeStock_272165024-1-1122x748.jpeg 1122w, https:\/\/www.vipealo.com\/blog\/wp-content\/uploads\/2021\/01\/AdobeStock_272165024-1-364x243.jpeg 364w, https:\/\/www.vipealo.com\/blog\/wp-content\/uploads\/2021\/01\/AdobeStock_272165024-1-758x505.jpeg 758w, https:\/\/www.vipealo.com\/blog\/wp-content\/uploads\/2021\/01\/AdobeStock_272165024-1-608x405.jpeg 608w, https:\/\/www.vipealo.com\/blog\/wp-content\/uploads\/2021\/01\/AdobeStock_272165024-1-1152x768.jpeg 1152w\" sizes=\"auto, (max-width: 662px) 100vw, 662px\" \/><\/p>\n<h4>La torre de Bel\u00e9m<\/h4>\n<p>A orillas del r\u00edo Tajo encontramos uno de los s\u00edmbolos m\u00e1s representativos de la ciudad de Lisboa. La fortaleza es considerada en la actualidad Patrimonio de la Humanidad y en sus or\u00edgenes del siglo XVI, su objetivo era defender la entrada a su puerto por el r\u00edo.<\/p>\n<p>Pese a su gran belleza exterior, te recomendamos hacer un visita interior en la que podr\u00e1s descubrir las diversas estancias de la edificaci\u00f3n, accediendo por el baluarte. En la entrada a la torre descubrir\u00e1s una peque\u00f1a maqueta donde aparecen todos los detalles de la misma.<\/p>\n<h4>El Monumento a los Descubrimientos<\/h4>\n<p>Esta curiosa escultura fue construida en la d\u00e9cada de los 60 para homenajear el quinto centenario de la muerte de Enrique el Navegante. Pero no solo se conmemora a este navegante sino a \u00e9l y a todos los descubridores portugueses, presidiendo el monumento Manuel I, mayor mecenas de los viajes de exploraci\u00f3n, como el viaje a la India de Vasco de Gama.<\/p>\n<p><img loading=\"lazy\" decoding=\"async\" class=\"alignnone wp-image-2447 size-large\" title=\"Bel\u00e9m\" src=\"https:\/\/www.vipealo.com\/blog\/wp-content\/uploads\/2021\/01\/AdobeStock_307790914-1-compressed-1024x684.jpg\" alt=\"\" width=\"662\" height=\"442\" srcset=\"https:\/\/www.vipealo.com\/blog\/wp-content\/uploads\/2021\/01\/AdobeStock_307790914-1-compressed-1024x684.jpg 1024w, https:\/\/www.vipealo.com\/blog\/wp-content\/uploads\/2021\/01\/AdobeStock_307790914-1-compressed-300x200.jpg 300w, https:\/\/www.vipealo.com\/blog\/wp-content\/uploads\/2021\/01\/AdobeStock_307790914-1-compressed-768x513.jpg 768w, https:\/\/www.vipealo.com\/blog\/wp-content\/uploads\/2021\/01\/AdobeStock_307790914-1-compressed-1536x1025.jpg 1536w, https:\/\/www.vipealo.com\/blog\/wp-content\/uploads\/2021\/01\/AdobeStock_307790914-1-compressed-2048x1367.jpg 2048w, https:\/\/www.vipealo.com\/blog\/wp-content\/uploads\/2021\/01\/AdobeStock_307790914-1-compressed-561x374.jpg 561w, https:\/\/www.vipealo.com\/blog\/wp-content\/uploads\/2021\/01\/AdobeStock_307790914-1-compressed-1122x749.jpg 1122w, https:\/\/www.vipealo.com\/blog\/wp-content\/uploads\/2021\/01\/AdobeStock_307790914-1-compressed-364x243.jpg 364w, https:\/\/www.vipealo.com\/blog\/wp-content\/uploads\/2021\/01\/AdobeStock_307790914-1-compressed-758x506.jpg 758w, https:\/\/www.vipealo.com\/blog\/wp-content\/uploads\/2021\/01\/AdobeStock_307790914-1-compressed-608x406.jpg 608w, https:\/\/www.vipealo.com\/blog\/wp-content\/uploads\/2021\/01\/AdobeStock_307790914-1-compressed-1152x769.jpg 1152w\" sizes=\"auto, (max-width: 662px) 100vw, 662px\" \/><\/p>\n<h4>Puente 25 de Abril<\/h4>\n<p>Si hay algo que te puede teletransportar a San Francisco es este puente, que bien te recordar\u00e1 al Golden Gate gracias a su estructura de hierro rojo muy parecido al puente estadounidense. \u00bfSabes que adem\u00e1s es el puente m\u00e1s largo de Europa? Cuenta con dos kil\u00f3metros en los que podr\u00e1s ver varios carriles de carretera y v\u00edas donde circula el tren. \u00a1Qu\u00e9 mejor entrada a Lisboa que esta!<\/p>\n<h4>\nSantuario Nacional de Cristo Rey<\/h4>\n<p>Desde el Puente 25 de abril, podr\u00e1s ver la estatua de Cristo Rey en la zona m\u00e1s alta de Lisboa en Almada. Fue construida a finales de los a\u00f1os 50 como reconocimiento a Portugal por no participar en la Segunda Guerra Mundial. Es una de las im\u00e1genes m\u00e1s sorprendentes de la capital, por lo que te recomendamos acudir a verlo y ya de paso visitar el Puente 25 de Abril.<\/p>\n<h3>\u00bfD\u00f3nde comer en Bel\u00e9m?<\/h3>\n<p>La comida portuguesa es bien conocida a nivel internacional. Por ello, desde <a href=\"https:\/\/www.vipealo.com\/\">Vipealo<\/a> queremos recomendarte los mejores restaurantes donde disfrutar de su gastronom\u00eda local.<\/p>\n<h4>Antiga Confeitaria de Bel\u00e9m<\/h4>\n<p>Muy pr\u00f3ximo al Monasterio de los Jer\u00f3nimos se sit\u00faa la Antiga Confeitaria de Bel\u00e9m, la pasteler\u00eda m\u00e1s importante de Lisboa. En ella, desde el siglo XIX los monjes venden los famosos past\u00e9is de Bel\u00e9m, tambi\u00e9n conocidos como tartaletas, para poder costearse todos los gastos del monasterio. Si quieres conocer la raz\u00f3n por la que se conocen estos pasteles, \u00a1tan solo debes probarlos!<\/p>\n<h4><strong>O Cani\u00e7o<\/strong><\/h4>\n<p>Si quieres probar la comida tradicional y t\u00edpica portuguesa, \u00a1este es tu restaurante! Adem\u00e1s, cuenta con unas maravillosas vistas al jard\u00edn de Bel\u00e9m.<\/p>\n<h4>Taberna Dos Ferreiros<\/h4>\n<p>Este centro gastron\u00f3mico destaca por su calidad en cuanto a sus productos as\u00ed como en sus recetas de estilo mediterr\u00e1neo y portugu\u00e9s. Los platos que m\u00e1s sobresalen es su bacalao, su pasta de gambas o la espuma de chocolate. Todo ello acompa\u00f1ado de los mejores vinos har\u00e1 de tu comida un sue\u00f1o hecho realidad.<\/p>\n<p>&nbsp;<\/p>\n<p>Esperamos que disfrutes de tu estancia en Bel\u00e9m, haciendo las actividades m\u00e1s originales y culturales que te esperan all\u00ed. Adem\u00e1s, si lo acompa\u00f1as de una buena comida portuguesa har\u00e1s de un viaje, una experiencia incre\u00edble.<\/p>\n","protected":false},"excerpt":{"rendered":"<p>Lisboa es una de las ciudades estrellas con las que cuenta el continente europeo. Parece que siempre apetece hacer un viaje a la capital portuguesa, sea cual sea el plan. Adem\u00e1s, \u00bfsabes que Lisboa se encuentra dentro de las 10 ciudades m\u00e1s visitas de Europa? Por si eso no te es suficiente, la belleza de &#8230; <a title=\"El barrio de Bel\u00e9m: \u00bfqu\u00e9 ver en Bel\u00e9m y d\u00f3nde comer?\" class=\"read-more\" href=\"https:\/\/www.vipealo.com\/blog\/el-barrio-de-belem-que-ver-en-belem-y-donde-comer\/\" aria-label=\"Read more about El barrio de Bel\u00e9m: \u00bfqu\u00e9 ver en Bel\u00e9m y d\u00f3nde comer?\">Leer m\u00e1s<\/a><\/p>\n","protected":false},"author":1,"featured_media":2448,"comment_status":"open","ping_status":"open","sticky":false,"template":"","format":"standard","meta":{"footnotes":""},"categories":[64,47],"tags":[92,93],"class_list":["post-2444","post","type-post","status-publish","format-standard","has-post-thumbnail","hentry","category-lisboa","category-portugal","tag-barrio-de-belem","tag-lisboa"],"_links":{"self":[{"href":"https:\/\/www.vipealo.com\/blog\/wp-json\/wp\/v2\/posts\/2444","targetHints":{"allow":["GET"]}}],"collection":[{"href":"https:\/\/www.vipealo.com\/blog\/wp-json\/wp\/v2\/posts"}],"about":[{"href":"https:\/\/www.vipealo.com\/blog\/wp-json\/wp\/v2\/types\/post"}],"author":[{"embeddable":true,"href":"https:\/\/www.vipealo.com\/blog\/wp-json\/wp\/v2\/users\/1"}],"replies":[{"embeddable":true,"href":"https:\/\/www.vipealo.com\/blog\/wp-json\/wp\/v2\/comments?post=2444"}],"version-history":[{"count":2,"href":"https:\/\/www.vipealo.com\/blog\/wp-json\/wp\/v2\/posts\/2444\/revisions"}],"predecessor-version":[{"id":2449,"href":"https:\/\/www.vipealo.com\/blog\/wp-json\/wp\/v2\/posts\/2444\/revisions\/2449"}],"wp:featuredmedia":[{"embeddable":true,"href":"https:\/\/www.vipealo.com\/blog\/wp-json\/wp\/v2\/media\/2448"}],"wp:attachment":[{"href":"https:\/\/www.vipealo.com\/blog\/wp-json\/wp\/v2\/media?parent=2444"}],"wp:term":[{"taxonomy":"category","embeddable":true,"href":"https:\/\/www.vipealo.com\/blog\/wp-json\/wp\/v2\/categories?post=2444"},{"taxonomy":"post_tag","embeddable":true,"href":"https:\/\/www.vipealo.com\/blog\/wp-json\/wp\/v2\/tags?post=2444"}],"curies":[{"name":"wp","href":"https:\/\/api.w.org\/{rel}","templated":true}]}}