{"id":2359,"date":"2020-12-15T10:02:36","date_gmt":"2020-12-15T09:02:36","guid":{"rendered":"https:\/\/www.vipealo.com\/blog\/?p=2359"},"modified":"2021-05-20T17:00:20","modified_gmt":"2021-05-20T15:00:20","slug":"las-mejores-rutas-del-norte-espanol-asturias-y-cataluna","status":"publish","type":"post","link":"https:\/\/www.vipealo.com\/blog\/las-mejores-rutas-del-norte-espanol-asturias-y-cataluna\/","title":{"rendered":"Las mejores rutas del norte espa\u00f1ol: Asturias y Catalu\u00f1a"},"content":{"rendered":"<p><span style=\"font-weight: 400;\">La naturaleza espa\u00f1ola es un para\u00edso para todos nosotros, y desde Vipealo estamos insistiendo mucho en nuestras maravillosas playas, cataratas o en el flysch del norte. Sin embargo, en el post de hoy queremos centrarnos en el origen de la tem\u00e1tica que siguen todos estos fen\u00f3menos naturales: el agua. Por ello, vamos a presentarte alguna que otra ruta de las zonas de Asturias y Catalu\u00f1a.<\/span><\/p>\n<p><span style=\"font-weight: 400;\">No hay nada mejor que ver los pueblos asturianos llenos de historia medieval o el impresionante paisaje que tenemos ante nuestros ojos en el monte barcelon\u00e9s. \u00a1No hay quien se lo pierda!<\/span><\/p>\n<h3><b>Asturias y sus rutas<\/b><\/h3>\n<p><span style=\"font-weight: 400;\">\u00a1Y c\u00f3mo no vamos a empezar por el Principado de Asturias! Esta tierra de campos verdes, donde pasar un fin de semana tranquilo con la familia, o disfrutar de un plan pareja e incluso con amigos, \u00bfhay mejor plan que este?<\/span><\/p>\n<p><span style=\"font-weight: 400;\">Vamos a presentarte las <a href=\"https:\/\/www.caminandoentresenderos.com\/category\/espana\/asturias\/\" target=\"_blank\" rel=\"noopener noreferrer\">rutas de Asturias m\u00e1s id\u00edlicas<\/a> que podr\u00e1s hacer tengas la edad que tengas, con el \u00fanico objetivo de dejarte atrapar por la belleza natural.<\/span><\/p>\n<h4><b>La Ruta del Agua<\/b><\/h4>\n<p><span style=\"font-weight: 400;\">No hay mejor inicio que este bonito sendero de aproximadamente 13 kil\u00f3metros. En \u00e9l podr\u00e1s disfrutar de un bosque lleno de casta\u00f1os y robles, cascadas como La Salgueira o aldeas sacadas de cuento; todo ello sin salir de Taramundi.<\/span><\/p>\n<p><span style=\"font-weight: 400;\">Si lo que necesitas es descansar y sentir la paz que te ofrece la naturaleza, no hay mejor lugar que el que te estamos presentando. No solo eso, tambi\u00e9n podr\u00e1s ver c\u00f3mo se consegu\u00eda antiguamente la electricidad en Taramundi\u2026 Te daremos una pista: tiene algo que ver con el molino de Os Teix\u00f3is y su magia.<\/span><\/p>\n<figure id=\"attachment_2360\" aria-describedby=\"caption-attachment-2360\" style=\"width: 652px\" class=\"wp-caption alignnone\"><img loading=\"lazy\" decoding=\"async\" class=\"wp-image-2360 size-large\" title=\"ruta\" src=\"https:\/\/www.vipealo.com\/blog\/wp-content\/uploads\/2020\/12\/AdobeStock_224218624-1-compressed-1024x680.jpg\" alt=\"\" width=\"662\" height=\"440\" srcset=\"https:\/\/www.vipealo.com\/blog\/wp-content\/uploads\/2020\/12\/AdobeStock_224218624-1-compressed-1024x680.jpg 1024w, https:\/\/www.vipealo.com\/blog\/wp-content\/uploads\/2020\/12\/AdobeStock_224218624-1-compressed-300x199.jpg 300w, https:\/\/www.vipealo.com\/blog\/wp-content\/uploads\/2020\/12\/AdobeStock_224218624-1-compressed-768x510.jpg 768w, https:\/\/www.vipealo.com\/blog\/wp-content\/uploads\/2020\/12\/AdobeStock_224218624-1-compressed-1536x1020.jpg 1536w, https:\/\/www.vipealo.com\/blog\/wp-content\/uploads\/2020\/12\/AdobeStock_224218624-1-compressed-2048x1360.jpg 2048w, https:\/\/www.vipealo.com\/blog\/wp-content\/uploads\/2020\/12\/AdobeStock_224218624-1-compressed-561x373.jpg 561w, https:\/\/www.vipealo.com\/blog\/wp-content\/uploads\/2020\/12\/AdobeStock_224218624-1-compressed-1122x745.jpg 1122w, https:\/\/www.vipealo.com\/blog\/wp-content\/uploads\/2020\/12\/AdobeStock_224218624-1-compressed-364x242.jpg 364w, https:\/\/www.vipealo.com\/blog\/wp-content\/uploads\/2020\/12\/AdobeStock_224218624-1-compressed-758x503.jpg 758w, https:\/\/www.vipealo.com\/blog\/wp-content\/uploads\/2020\/12\/AdobeStock_224218624-1-compressed-608x404.jpg 608w, https:\/\/www.vipealo.com\/blog\/wp-content\/uploads\/2020\/12\/AdobeStock_224218624-1-compressed-1152x765.jpg 1152w\" sizes=\"auto, (max-width: 662px) 100vw, 662px\" \/><figcaption id=\"caption-attachment-2360\" class=\"wp-caption-text\">La cascada de Salgueira<\/figcaption><\/figure>\n<h4><b>La Ruta de los Molinos<\/b><\/h4>\n<p><span style=\"font-weight: 400;\">Hablando de molinos, ahora acudiremos a este original camino en Ribadesella. Lo primero es comentar que esta maquinaria se considera uno de los mejores inventos preindustriales que existen, al menos hasta la m\u00e1quina de vapor. Y si hay algo en la provincia son molinos de agua, los cuales abastec\u00edan a las poblaciones sobre todo para los cultivos de harina y distintos cereales.\u00a0<\/span><\/p>\n<p><span style=\"font-weight: 400;\">Uno de los momentos m\u00e1s bonitos de esta ruta es su principio, en pleno municipio de Cuevas del Agua, donde tendremos que atravesar una peque\u00f1a caverna con estalagmitas y estalactitas, para dejar paso a un paisaje totalmente buc\u00f3lico con r\u00edo incluido.<\/span><\/p>\n<h4><b>La Senda del Oso<\/b><\/h4>\n<p><span style=\"font-weight: 400;\">\u00bfQu\u00e9 me dices de las <\/span><a href=\"https:\/\/www.vipealo.com\/espana\/asturias\/excursion-en-bicicleta-por-la-senda-del-oso\">rutas en bici por Asturias<\/a><span style=\"font-weight: 400;\">? Hay pocas cosas que le puedan gustar m\u00e1s a un ciclista, aficionado o profesional, que disfrutar de este itinerario sobre dos ruedas. Como curiosidad, debes saber que la senda est\u00e1 construida sobre el dise\u00f1o de un viejo tren minero, dibujando sobre el terreno una <\/span><i><span style=\"font-weight: 400;\">y.<\/span><\/i><\/p>\n<p><span style=\"font-weight: 400;\">Es uno de los caminos m\u00e1s famosos de Asturias, llamado as\u00ed debido a su cercan\u00eda al acceso del Cercado osero de Paca y Molina.<\/span><\/p>\n<p><img loading=\"lazy\" decoding=\"async\" class=\"alignnone wp-image-2361 size-large\" title=\"ruta\" src=\"https:\/\/www.vipealo.com\/blog\/wp-content\/uploads\/2020\/12\/AdobeStock_362164393-1-compressed-1024x683.jpg\" alt=\"\" width=\"662\" height=\"442\" srcset=\"https:\/\/www.vipealo.com\/blog\/wp-content\/uploads\/2020\/12\/AdobeStock_362164393-1-compressed-1024x683.jpg 1024w, https:\/\/www.vipealo.com\/blog\/wp-content\/uploads\/2020\/12\/AdobeStock_362164393-1-compressed-300x200.jpg 300w, https:\/\/www.vipealo.com\/blog\/wp-content\/uploads\/2020\/12\/AdobeStock_362164393-1-compressed-768x512.jpg 768w, https:\/\/www.vipealo.com\/blog\/wp-content\/uploads\/2020\/12\/AdobeStock_362164393-1-compressed-1536x1024.jpg 1536w, https:\/\/www.vipealo.com\/blog\/wp-content\/uploads\/2020\/12\/AdobeStock_362164393-1-compressed-2048x1365.jpg 2048w, https:\/\/www.vipealo.com\/blog\/wp-content\/uploads\/2020\/12\/AdobeStock_362164393-1-compressed-561x374.jpg 561w, https:\/\/www.vipealo.com\/blog\/wp-content\/uploads\/2020\/12\/AdobeStock_362164393-1-compressed-1122x748.jpg 1122w, https:\/\/www.vipealo.com\/blog\/wp-content\/uploads\/2020\/12\/AdobeStock_362164393-1-compressed-364x243.jpg 364w, https:\/\/www.vipealo.com\/blog\/wp-content\/uploads\/2020\/12\/AdobeStock_362164393-1-compressed-758x505.jpg 758w, https:\/\/www.vipealo.com\/blog\/wp-content\/uploads\/2020\/12\/AdobeStock_362164393-1-compressed-608x405.jpg 608w, https:\/\/www.vipealo.com\/blog\/wp-content\/uploads\/2020\/12\/AdobeStock_362164393-1-compressed-1152x768.jpg 1152w\" sizes=\"auto, (max-width: 662px) 100vw, 662px\" \/><\/p>\n<h3><b>Catalu\u00f1a y su paisaje monta\u00f1oso<\/b><\/h3>\n<p><span style=\"font-weight: 400;\">Ahora vamos a pasar de Asturias a la comunidad catalana, exactamente a Barcelona. En la ciudad condal no solo podemos encontrar el modernismo de Gaud\u00ed, las Ramblas o el Barrio G\u00f3tico, sino tambi\u00e9n unas vistas de infarto, para lo que necesitaremos desviarnos de la capital catalana.<\/span><\/p>\n<h4><b>Montserrat<\/b><\/h4>\n<p><span style=\"font-weight: 400;\">A unos pocos kil\u00f3metros de Barcelona nos encontramos con los originales montes de Montserrat, los cuales albergan el Monasterio de Montserrat llamado as\u00ed debido a la virgen que protege, tambi\u00e9n conocida como la Moreneta debido a su oscuro color. \u00a1Seguro que a m\u00e1s de uno le apetece entrar a su interior, aunque sea por mera curiosidad!<\/span><\/p>\n<p><img loading=\"lazy\" decoding=\"async\" class=\"alignnone wp-image-2362 size-large\" title=\"ruta\" src=\"https:\/\/www.vipealo.com\/blog\/wp-content\/uploads\/2020\/12\/AdobeStock_276536322-1-compressed-1024x683.jpg\" alt=\"\" width=\"662\" height=\"442\" srcset=\"https:\/\/www.vipealo.com\/blog\/wp-content\/uploads\/2020\/12\/AdobeStock_276536322-1-compressed-1024x683.jpg 1024w, https:\/\/www.vipealo.com\/blog\/wp-content\/uploads\/2020\/12\/AdobeStock_276536322-1-compressed-300x200.jpg 300w, https:\/\/www.vipealo.com\/blog\/wp-content\/uploads\/2020\/12\/AdobeStock_276536322-1-compressed-768x512.jpg 768w, https:\/\/www.vipealo.com\/blog\/wp-content\/uploads\/2020\/12\/AdobeStock_276536322-1-compressed-1536x1024.jpg 1536w, https:\/\/www.vipealo.com\/blog\/wp-content\/uploads\/2020\/12\/AdobeStock_276536322-1-compressed-2048x1365.jpg 2048w, https:\/\/www.vipealo.com\/blog\/wp-content\/uploads\/2020\/12\/AdobeStock_276536322-1-compressed-561x374.jpg 561w, https:\/\/www.vipealo.com\/blog\/wp-content\/uploads\/2020\/12\/AdobeStock_276536322-1-compressed-1122x748.jpg 1122w, https:\/\/www.vipealo.com\/blog\/wp-content\/uploads\/2020\/12\/AdobeStock_276536322-1-compressed-364x243.jpg 364w, https:\/\/www.vipealo.com\/blog\/wp-content\/uploads\/2020\/12\/AdobeStock_276536322-1-compressed-758x505.jpg 758w, https:\/\/www.vipealo.com\/blog\/wp-content\/uploads\/2020\/12\/AdobeStock_276536322-1-compressed-608x405.jpg 608w, https:\/\/www.vipealo.com\/blog\/wp-content\/uploads\/2020\/12\/AdobeStock_276536322-1-compressed-1152x768.jpg 1152w\" sizes=\"auto, (max-width: 662px) 100vw, 662px\" \/><\/p>\n<h4><b>Pedraforca<\/b><\/h4>\n<p><span style=\"font-weight: 400;\">Situada m\u00e1s lejos que la anterior monta\u00f1a, Pedraforca es un destino ideal especialmente para los fan\u00e1ticos del senderismo. Nuestro destino se encuentra en el <\/span><a href=\"https:\/\/www.vipealo.com\/espana\/barcelona\/trekking-en-pedraforca-y-cerveza-artesanal\">Parque Natural del Cad\u00ed Moixer\u00f3<\/a><span style=\"font-weight: 400;\"> donde podr\u00e1s contemplar las vistas al norte de la monta\u00f1a\u2026 Eso s\u00ed, \u00bfqu\u00e9 me dices de terminar la excursi\u00f3n con una cervecita? \u00a1No se me ocurre un mejor plan!<\/span><\/p>\n<p><img loading=\"lazy\" decoding=\"async\" class=\"alignnone wp-image-2363 size-large\" title=\"ruta\" src=\"https:\/\/www.vipealo.com\/blog\/wp-content\/uploads\/2020\/12\/AdobeStock_364978071-1-1024x576.jpeg\" alt=\"\" width=\"662\" height=\"372\" srcset=\"https:\/\/www.vipealo.com\/blog\/wp-content\/uploads\/2020\/12\/AdobeStock_364978071-1-1024x576.jpeg 1024w, https:\/\/www.vipealo.com\/blog\/wp-content\/uploads\/2020\/12\/AdobeStock_364978071-1-300x169.jpeg 300w, https:\/\/www.vipealo.com\/blog\/wp-content\/uploads\/2020\/12\/AdobeStock_364978071-1-768x432.jpeg 768w, https:\/\/www.vipealo.com\/blog\/wp-content\/uploads\/2020\/12\/AdobeStock_364978071-1-1536x864.jpeg 1536w, https:\/\/www.vipealo.com\/blog\/wp-content\/uploads\/2020\/12\/AdobeStock_364978071-1-2048x1152.jpeg 2048w, https:\/\/www.vipealo.com\/blog\/wp-content\/uploads\/2020\/12\/AdobeStock_364978071-1-192x108.jpeg 192w, https:\/\/www.vipealo.com\/blog\/wp-content\/uploads\/2020\/12\/AdobeStock_364978071-1-384x216.jpeg 384w, https:\/\/www.vipealo.com\/blog\/wp-content\/uploads\/2020\/12\/AdobeStock_364978071-1-364x205.jpeg 364w, https:\/\/www.vipealo.com\/blog\/wp-content\/uploads\/2020\/12\/AdobeStock_364978071-1-728x410.jpeg 728w, https:\/\/www.vipealo.com\/blog\/wp-content\/uploads\/2020\/12\/AdobeStock_364978071-1-561x316.jpeg 561w, https:\/\/www.vipealo.com\/blog\/wp-content\/uploads\/2020\/12\/AdobeStock_364978071-1-1122x631.jpeg 1122w, https:\/\/www.vipealo.com\/blog\/wp-content\/uploads\/2020\/12\/AdobeStock_364978071-1-758x426.jpeg 758w, https:\/\/www.vipealo.com\/blog\/wp-content\/uploads\/2020\/12\/AdobeStock_364978071-1-608x342.jpeg 608w, https:\/\/www.vipealo.com\/blog\/wp-content\/uploads\/2020\/12\/AdobeStock_364978071-1-1152x648.jpeg 1152w\" sizes=\"auto, (max-width: 662px) 100vw, 662px\" \/><\/p>\n<p><span style=\"font-weight: 400;\">Esperamos que te haya gustado nuestra selecci\u00f3n de rutas y monta\u00f1as de Asturias y Barcelona. Ya solo te queda calzarte unas buenas deportivas o botas de monta\u00f1a para respirar el aire puro y sentir la tranquilidad que tiene nuestro norte.<\/span><\/p>\n","protected":false},"excerpt":{"rendered":"<p>La naturaleza espa\u00f1ola es un para\u00edso para todos nosotros, y desde Vipealo estamos insistiendo mucho en nuestras maravillosas playas, cataratas o en el flysch del norte. Sin embargo, en el post de hoy queremos centrarnos en el origen de la tem\u00e1tica que siguen todos estos fen\u00f3menos naturales: el agua. Por ello, vamos a presentarte alguna &#8230; <a title=\"Las mejores rutas del norte espa\u00f1ol: Asturias y Catalu\u00f1a\" class=\"read-more\" href=\"https:\/\/www.vipealo.com\/blog\/las-mejores-rutas-del-norte-espanol-asturias-y-cataluna\/\" aria-label=\"Read more about Las mejores rutas del norte espa\u00f1ol: Asturias y Catalu\u00f1a\">Leer m\u00e1s<\/a><\/p>\n","protected":false},"author":1,"featured_media":2362,"comment_status":"open","ping_status":"open","sticky":false,"template":"","format":"standard","meta":{"footnotes":""},"categories":[60,57,46],"tags":[107,108,15,37],"class_list":["post-2359","post","type-post","status-publish","format-standard","has-post-thumbnail","hentry","category-asturias","category-cataluna","category-espana","tag-asturias","tag-cataluna","tag-espana","tag-norte"],"_links":{"self":[{"href":"https:\/\/www.vipealo.com\/blog\/wp-json\/wp\/v2\/posts\/2359","targetHints":{"allow":["GET"]}}],"collection":[{"href":"https:\/\/www.vipealo.com\/blog\/wp-json\/wp\/v2\/posts"}],"about":[{"href":"https:\/\/www.vipealo.com\/blog\/wp-json\/wp\/v2\/types\/post"}],"author":[{"embeddable":true,"href":"https:\/\/www.vipealo.com\/blog\/wp-json\/wp\/v2\/users\/1"}],"replies":[{"embeddable":true,"href":"https:\/\/www.vipealo.com\/blog\/wp-json\/wp\/v2\/comments?post=2359"}],"version-history":[{"count":3,"href":"https:\/\/www.vipealo.com\/blog\/wp-json\/wp\/v2\/posts\/2359\/revisions"}],"predecessor-version":[{"id":2627,"href":"https:\/\/www.vipealo.com\/blog\/wp-json\/wp\/v2\/posts\/2359\/revisions\/2627"}],"wp:featuredmedia":[{"embeddable":true,"href":"https:\/\/www.vipealo.com\/blog\/wp-json\/wp\/v2\/media\/2362"}],"wp:attachment":[{"href":"https:\/\/www.vipealo.com\/blog\/wp-json\/wp\/v2\/media?parent=2359"}],"wp:term":[{"taxonomy":"category","embeddable":true,"href":"https:\/\/www.vipealo.com\/blog\/wp-json\/wp\/v2\/categories?post=2359"},{"taxonomy":"post_tag","embeddable":true,"href":"https:\/\/www.vipealo.com\/blog\/wp-json\/wp\/v2\/tags?post=2359"}],"curies":[{"name":"wp","href":"https:\/\/api.w.org\/{rel}","templated":true}]}}