{"id":2343,"date":"2020-12-11T09:50:10","date_gmt":"2020-12-11T08:50:10","guid":{"rendered":"https:\/\/www.vipealo.com\/blog\/?p=2343"},"modified":"2021-05-20T17:00:42","modified_gmt":"2021-05-20T15:00:42","slug":"la-ruta-del-flysch-un-viaje-distinto-al-pais-vasco","status":"publish","type":"post","link":"https:\/\/www.vipealo.com\/blog\/la-ruta-del-flysch-un-viaje-distinto-al-pais-vasco\/","title":{"rendered":"La ruta del Flysch, un viaje distinto al Pa\u00eds Vasco"},"content":{"rendered":"<p><span style=\"font-weight: 400;\">La variedad es una cualidad representativa no solo de Espa\u00f1a, sino de su gente. Por eso, sabemos que las playas andaluzas tienen un gran club de fans detr\u00e1s, especialmente si hablamos de lo m\u00e1s <\/span><a href=\"https:\/\/www.vipealo.com\/espana\/cadiz\">tipico de Cadiz<\/a><span style=\"font-weight: 400;\">, tal y como hab\u00e9is podido comprobar en nuestro anterior post, en el que hablamos de las playas gaditanas y onubenses.<\/span><\/p>\n<p><span style=\"font-weight: 400;\">Aunque conocemos las playas del sur y sus ventajas, no debemos olvidar a nuestro m\u00e1s querido norte. \u00bfQu\u00e9 me dices de \u00e9l? Esas playas c\u00e1ntabras, esa brisa especial y ese marisco gallego, acompa\u00f1ado de una buena sidra asturiana, que no se resisten al m\u00e1s exquisito paladar.<\/span><\/p>\n<p><span style=\"font-weight: 400;\">Sin embargo, hoy venimos a hablarte de un destino en particular: la ruta del Flysch. Tanto si la conoces como si no, venimos a hablarte de este fen\u00f3meno natural y recomendarte los mejores senderos con unas vistas de infarto.<\/span><\/p>\n<h3><b>El Flysch<\/b><\/h3>\n<p><span style=\"font-weight: 400;\">El t\u00e9rmino flysch se le otorga a la formaci\u00f3n rocosa creada debido a la combinaci\u00f3n de varios materiales que tienen distintas propiedades, altern\u00e1ndose as\u00ed elementos duros y blandos. Esto junto a la erosi\u00f3n del mar y el paso del tiempo ha ido desgastando estos componentes de manera irregular, creando una imagen caracter\u00edstica y \u00fanica.<\/span><\/p>\n<p><span style=\"font-weight: 400;\">Pese a lo que puedas pensar, Espa\u00f1a cuenta con una de las formaciones m\u00e1s famosas de flysch a nivel internacional. \u00bfD\u00f3nde las puedes encontrar? Pues en pleno norte espa\u00f1ol, exactamente en la comunidad vasca, en la provincia de Guip\u00fazcoa.<\/span><\/p>\n<p><img loading=\"lazy\" decoding=\"async\" class=\"alignnone wp-image-2346 size-large\" title=\"ruta\" src=\"https:\/\/www.vipealo.com\/blog\/wp-content\/uploads\/2020\/12\/AdobeStock_63247271-1-compressed-1-1024x682.jpg\" alt=\"\" width=\"662\" height=\"441\" srcset=\"https:\/\/www.vipealo.com\/blog\/wp-content\/uploads\/2020\/12\/AdobeStock_63247271-1-compressed-1-1024x682.jpg 1024w, https:\/\/www.vipealo.com\/blog\/wp-content\/uploads\/2020\/12\/AdobeStock_63247271-1-compressed-1-300x200.jpg 300w, https:\/\/www.vipealo.com\/blog\/wp-content\/uploads\/2020\/12\/AdobeStock_63247271-1-compressed-1-768x512.jpg 768w, https:\/\/www.vipealo.com\/blog\/wp-content\/uploads\/2020\/12\/AdobeStock_63247271-1-compressed-1-1536x1023.jpg 1536w\" sizes=\"auto, (max-width: 662px) 100vw, 662px\" \/><\/p>\n<h3><b>Zumaia<\/b><\/h3>\n<p><a href=\"https:\/\/www.vipealo.com\/espana\/san-sebastian\/la-ruta-del-flysch-la-costa-mas-bonita-del-pais-vasco\">La ruta del Flysch<\/a><span style=\"font-weight: 400;\"> espa\u00f1ol tiene un recorrido de aproximadamente 13 kil\u00f3metros, situ\u00e1ndose en el Geoparque Mundial Unesco de la Costa Vasca, conocido tambi\u00e9n como Geoparkea. De esta manera, el sendero te va llevando por las orillas de Zumaia hasta las de Deba.<\/span><\/p>\n<p><span style=\"font-weight: 400;\">Antes de realizar del itinerario, es muy recomendable mirar el estado de las mareas de la zona costera, ya que uno de los mayores atractivos de esta actividad es observar los acantilados desde las propias playas, lo que en muchas ocasiones no es posible si hay marea alta.<\/span><\/p>\n<p><span style=\"font-weight: 400;\">El punto de partida se encuentra en Zumaia, en la ermita de San Telmo, tras la cual podr\u00e1s encontrar unas escaleras que nos llevan a la playa de Zumaia, aunque si la marea no te permite acceder a su orilla, puedes observarlo todo desde lo m\u00e1s alto de sus acantilados.\u00a0<\/span><\/p>\n<p><span style=\"font-weight: 400;\">Uno de los paisajes m\u00e1s bonitos es el formado por las piedras y la vegetaci\u00f3n que ha ido naciendo entre ellas. Pero, \u00a1cuidado donde pones el pie! Entre las rocas hay agua y puedes sufrir alg\u00fan resbal\u00f3n importante.<\/span><\/p>\n<p><img loading=\"lazy\" decoding=\"async\" class=\"alignnone wp-image-2344 size-large\" title=\"ruta\" src=\"https:\/\/www.vipealo.com\/blog\/wp-content\/uploads\/2020\/12\/AdobeStock_145142948-1-compressed-1024x683.jpg\" alt=\"\" width=\"662\" height=\"442\" srcset=\"https:\/\/www.vipealo.com\/blog\/wp-content\/uploads\/2020\/12\/AdobeStock_145142948-1-compressed-1024x683.jpg 1024w, https:\/\/www.vipealo.com\/blog\/wp-content\/uploads\/2020\/12\/AdobeStock_145142948-1-compressed-300x200.jpg 300w, https:\/\/www.vipealo.com\/blog\/wp-content\/uploads\/2020\/12\/AdobeStock_145142948-1-compressed-768x512.jpg 768w, https:\/\/www.vipealo.com\/blog\/wp-content\/uploads\/2020\/12\/AdobeStock_145142948-1-compressed-1536x1024.jpg 1536w, https:\/\/www.vipealo.com\/blog\/wp-content\/uploads\/2020\/12\/AdobeStock_145142948-1-compressed-2048x1365.jpg 2048w, https:\/\/www.vipealo.com\/blog\/wp-content\/uploads\/2020\/12\/AdobeStock_145142948-1-compressed-561x374.jpg 561w, https:\/\/www.vipealo.com\/blog\/wp-content\/uploads\/2020\/12\/AdobeStock_145142948-1-compressed-1122x748.jpg 1122w, https:\/\/www.vipealo.com\/blog\/wp-content\/uploads\/2020\/12\/AdobeStock_145142948-1-compressed-364x243.jpg 364w, https:\/\/www.vipealo.com\/blog\/wp-content\/uploads\/2020\/12\/AdobeStock_145142948-1-compressed-758x505.jpg 758w, https:\/\/www.vipealo.com\/blog\/wp-content\/uploads\/2020\/12\/AdobeStock_145142948-1-compressed-608x405.jpg 608w, https:\/\/www.vipealo.com\/blog\/wp-content\/uploads\/2020\/12\/AdobeStock_145142948-1-compressed-1152x768.jpg 1152w\" sizes=\"auto, (max-width: 662px) 100vw, 662px\" \/><\/p>\n<p><span style=\"font-weight: 400;\">Adem\u00e1s hay que estar pendiente del tiempo, no vaya a ser que suba y suba la marea y no podamos acudir a los acantilados. Desde estas pendientes tendremos unas vistas de la ruta incre\u00edbles y \u00bfqui\u00e9n sabe? Puedes cruzarte con alguna vaca pastando tranquilamente por los prados verdes.<\/span><\/p>\n<h3><b>Deba: fin de la ruta<\/b><\/h3>\n<p><span style=\"font-weight: 400;\">Una vez vayas avanzando descubrir\u00e1s la playa de Sakoneta, a la cual podr\u00e1s bajar si es posible, sino puedes seguir disfrutando de las vistas procedentes de los barrancos. Desde Vipealo te recomendamos que investigues con antelaci\u00f3n las horas de la marea, ya que esta bah\u00eda es todo un placer visual. \u00a1No lo dudes!<\/span><\/p>\n<p><span style=\"font-weight: 400;\">Cuando hayas pasado esta playa, podr\u00e1s disfrutar de los precipicios y la arboleda previa a la entrada a la localidad de Deba.<\/span><\/p>\n<figure id=\"attachment_2350\" aria-describedby=\"caption-attachment-2350\" style=\"width: 652px\" class=\"wp-caption alignnone\"><img loading=\"lazy\" decoding=\"async\" class=\"wp-image-2350 size-large\" title=\"ruta\" src=\"https:\/\/www.vipealo.com\/blog\/wp-content\/uploads\/2020\/12\/AdobeStock_365056240-1-compressed-683x1024.jpg\" alt=\"\" width=\"662\" height=\"993\" srcset=\"https:\/\/www.vipealo.com\/blog\/wp-content\/uploads\/2020\/12\/AdobeStock_365056240-1-compressed-683x1024.jpg 683w, https:\/\/www.vipealo.com\/blog\/wp-content\/uploads\/2020\/12\/AdobeStock_365056240-1-compressed-200x300.jpg 200w, https:\/\/www.vipealo.com\/blog\/wp-content\/uploads\/2020\/12\/AdobeStock_365056240-1-compressed-768x1152.jpg 768w, https:\/\/www.vipealo.com\/blog\/wp-content\/uploads\/2020\/12\/AdobeStock_365056240-1-compressed-1024x1536.jpg 1024w, https:\/\/www.vipealo.com\/blog\/wp-content\/uploads\/2020\/12\/AdobeStock_365056240-1-compressed-1365x2048.jpg 1365w, https:\/\/www.vipealo.com\/blog\/wp-content\/uploads\/2020\/12\/AdobeStock_365056240-1-compressed-561x842.jpg 561w, https:\/\/www.vipealo.com\/blog\/wp-content\/uploads\/2020\/12\/AdobeStock_365056240-1-compressed-666x999.jpg 666w, https:\/\/www.vipealo.com\/blog\/wp-content\/uploads\/2020\/12\/AdobeStock_365056240-1-compressed-364x546.jpg 364w, https:\/\/www.vipealo.com\/blog\/wp-content\/uploads\/2020\/12\/AdobeStock_365056240-1-compressed-758x1137.jpg 758w, https:\/\/www.vipealo.com\/blog\/wp-content\/uploads\/2020\/12\/AdobeStock_365056240-1-compressed-608x912.jpg 608w, https:\/\/www.vipealo.com\/blog\/wp-content\/uploads\/2020\/12\/AdobeStock_365056240-1-compressed-1152x1728.jpg 1152w, https:\/\/www.vipealo.com\/blog\/wp-content\/uploads\/2020\/12\/AdobeStock_365056240-1-compressed-scaled.jpg 1707w\" sizes=\"auto, (max-width: 662px) 100vw, 662px\" \/><figcaption id=\"caption-attachment-2350\" class=\"wp-caption-text\">Playa de Sakoneta<\/figcaption><\/figure>\n<p><span style=\"font-weight: 400;\">Sabemos que no todo el mundo es un apasionado de las caminatas ni de las rutas, por eso queremos ofrecerte la posibilidad de hacer la ruta en barco. \u00a1Incluso las vistas son m\u00e1s impresionantes desde el propio mar!<\/span><\/p>\n","protected":false},"excerpt":{"rendered":"<p>La variedad es una cualidad representativa no solo de Espa\u00f1a, sino de su gente. Por eso, sabemos que las playas andaluzas tienen un gran club de fans detr\u00e1s, especialmente si hablamos de lo m\u00e1s tipico de Cadiz, tal y como hab\u00e9is podido comprobar en nuestro anterior post, en el que hablamos de las playas gaditanas &#8230; <a title=\"La ruta del Flysch, un viaje distinto al Pa\u00eds Vasco\" class=\"read-more\" href=\"https:\/\/www.vipealo.com\/blog\/la-ruta-del-flysch-un-viaje-distinto-al-pais-vasco\/\" aria-label=\"Read more about La ruta del Flysch, un viaje distinto al Pa\u00eds Vasco\">Leer m\u00e1s<\/a><\/p>\n","protected":false},"author":1,"featured_media":2344,"comment_status":"open","ping_status":"open","sticky":false,"template":"","format":"standard","meta":{"footnotes":""},"categories":[46,61],"tags":[110,72],"class_list":["post-2343","post","type-post","status-publish","format-standard","has-post-thumbnail","hentry","category-espana","category-pais-vasco","tag-flysch","tag-ruta"],"_links":{"self":[{"href":"https:\/\/www.vipealo.com\/blog\/wp-json\/wp\/v2\/posts\/2343","targetHints":{"allow":["GET"]}}],"collection":[{"href":"https:\/\/www.vipealo.com\/blog\/wp-json\/wp\/v2\/posts"}],"about":[{"href":"https:\/\/www.vipealo.com\/blog\/wp-json\/wp\/v2\/types\/post"}],"author":[{"embeddable":true,"href":"https:\/\/www.vipealo.com\/blog\/wp-json\/wp\/v2\/users\/1"}],"replies":[{"embeddable":true,"href":"https:\/\/www.vipealo.com\/blog\/wp-json\/wp\/v2\/comments?post=2343"}],"version-history":[{"count":3,"href":"https:\/\/www.vipealo.com\/blog\/wp-json\/wp\/v2\/posts\/2343\/revisions"}],"predecessor-version":[{"id":2351,"href":"https:\/\/www.vipealo.com\/blog\/wp-json\/wp\/v2\/posts\/2343\/revisions\/2351"}],"wp:featuredmedia":[{"embeddable":true,"href":"https:\/\/www.vipealo.com\/blog\/wp-json\/wp\/v2\/media\/2344"}],"wp:attachment":[{"href":"https:\/\/www.vipealo.com\/blog\/wp-json\/wp\/v2\/media?parent=2343"}],"wp:term":[{"taxonomy":"category","embeddable":true,"href":"https:\/\/www.vipealo.com\/blog\/wp-json\/wp\/v2\/categories?post=2343"},{"taxonomy":"post_tag","embeddable":true,"href":"https:\/\/www.vipealo.com\/blog\/wp-json\/wp\/v2\/tags?post=2343"}],"curies":[{"name":"wp","href":"https:\/\/api.w.org\/{rel}","templated":true}]}}