{"id":2332,"date":"2020-12-09T10:17:18","date_gmt":"2020-12-09T09:17:18","guid":{"rendered":"https:\/\/www.vipealo.com\/blog\/?p=2332"},"modified":"2021-05-20T17:01:27","modified_gmt":"2021-05-20T15:01:27","slug":"los-mejores-pueblos-a-visitar-en-el-interior-espanol","status":"publish","type":"post","link":"https:\/\/www.vipealo.com\/blog\/los-mejores-pueblos-a-visitar-en-el-interior-espanol\/","title":{"rendered":"Los mejores pueblos a visitar en el interior espa\u00f1ol"},"content":{"rendered":"<p><span style=\"font-weight: 400;\">\u00daltimamente nos hemos centrado en toda la <\/span><span style=\"font-weight: 400;\">zona costera<\/span><span style=\"font-weight: 400;\"> espa\u00f1ola, como si Espa\u00f1a solo tuviera su encanto en sus playas, <\/span><span style=\"font-weight: 400;\">bah\u00edas<\/span><span style=\"font-weight: 400;\"> y espacios portuarios. Adem\u00e1s, pi\u00e9nsalo, \u00a1qu\u00e9 envidia nos dan todas las personas que tienen <\/span><span style=\"font-weight: 400;\">pueblo<\/span><span style=\"font-weight: 400;\">! No hay nada como la buena verbena en tu <\/span><span style=\"font-weight: 400;\">villa<\/span><span style=\"font-weight: 400;\">, esas fiestas\u2026 Algo que todos deber\u00edamos vivir en nuestras carnes al menos una vez en la vida.<\/span><\/p>\n<p><span style=\"font-weight: 400;\">Sin embargo, sabemos que no todo espa\u00f1ol puede fardar de tener <\/span><span style=\"font-weight: 400;\">pueblo<\/span><span style=\"font-weight: 400;\">. Por eso, en <\/span><a href=\"https:\/\/www.vipealo.com\/\">Vipealo<\/a><span style=\"font-weight: 400;\"> te queremos ayudar. A pesar de que no te podemos <\/span><span style=\"font-weight: 400;\">encontrar<\/span><span style=\"font-weight: 400;\"> uno bas\u00e1ndonos en tus gustos, te vamos a presentar los mejores destinos con encanto en los que puedes <\/span><span style=\"font-weight: 400;\">descubrir<\/span><span style=\"font-weight: 400;\"> su verdadera esencia.<\/span><\/p>\n<h3><b>A\u00ednsa<\/b><\/h3>\n<p><span style=\"font-weight: 400;\">Esta peque\u00f1a villa que se encuentra al norte de la provincia de Huesca destaca por el encanto medieval que desprenden sus calles, <\/span><span style=\"font-weight: 400;\">en especial<\/span><span style=\"font-weight: 400;\"> su casco hist\u00f3rico. <\/span><span style=\"font-weight: 400;\">En concreto,<\/span><span style=\"font-weight: 400;\"> queremos destacar su Castillo, no dudes un solo segundo en entrar en este palacete, \u00a1podr\u00e1s conseguir las mejores vistas de todo A\u00ednsa! Adem\u00e1s, dentro de esta edificaci\u00f3n encontrar\u00e1s el centro de informaci\u00f3n del Geoparque de Sobrarbe y Pirineos.\u00a0<\/span><\/p>\n<p><span style=\"font-weight: 400;\">Por eso nos gustar\u00eda destacar que este pueblo es una parada obligada para los que quer\u00e1is hacer una ruta de senderismo. \u00a1<\/span><span style=\"font-weight: 400;\">Todos<\/span><span style=\"font-weight: 400;\"> tenemos el esp\u00edritu aventurero activo seg\u00fan entramos en A\u00ednsa!<\/span><\/p>\n<p><img loading=\"lazy\" decoding=\"async\" class=\"alignnone wp-image-2333 size-large\" title=\"pueblo\" src=\"https:\/\/www.vipealo.com\/blog\/wp-content\/uploads\/2020\/12\/AdobeStock_9186327-1-compressed-1024x685.jpg\" alt=\"\" width=\"662\" height=\"443\" srcset=\"https:\/\/www.vipealo.com\/blog\/wp-content\/uploads\/2020\/12\/AdobeStock_9186327-1-compressed-1024x685.jpg 1024w, https:\/\/www.vipealo.com\/blog\/wp-content\/uploads\/2020\/12\/AdobeStock_9186327-1-compressed-300x201.jpg 300w, https:\/\/www.vipealo.com\/blog\/wp-content\/uploads\/2020\/12\/AdobeStock_9186327-1-compressed-768x514.jpg 768w, https:\/\/www.vipealo.com\/blog\/wp-content\/uploads\/2020\/12\/AdobeStock_9186327-1-compressed-1536x1028.jpg 1536w, https:\/\/www.vipealo.com\/blog\/wp-content\/uploads\/2020\/12\/AdobeStock_9186327-1-compressed-2048x1371.jpg 2048w, https:\/\/www.vipealo.com\/blog\/wp-content\/uploads\/2020\/12\/AdobeStock_9186327-1-compressed-561x376.jpg 561w, https:\/\/www.vipealo.com\/blog\/wp-content\/uploads\/2020\/12\/AdobeStock_9186327-1-compressed-1122x751.jpg 1122w, https:\/\/www.vipealo.com\/blog\/wp-content\/uploads\/2020\/12\/AdobeStock_9186327-1-compressed-364x244.jpg 364w, https:\/\/www.vipealo.com\/blog\/wp-content\/uploads\/2020\/12\/AdobeStock_9186327-1-compressed-758x507.jpg 758w, https:\/\/www.vipealo.com\/blog\/wp-content\/uploads\/2020\/12\/AdobeStock_9186327-1-compressed-608x407.jpg 608w, https:\/\/www.vipealo.com\/blog\/wp-content\/uploads\/2020\/12\/AdobeStock_9186327-1-compressed-1152x771.jpg 1152w\" sizes=\"auto, (max-width: 662px) 100vw, 662px\" \/><\/p>\n<h3><b>Alcal\u00e1 del J\u00facar<\/b><\/h3>\n<p><span style=\"font-weight: 400;\">Al sureste de Castilla La Mancha, nos sorprende el municipio albacete\u00f1o. Conocido por ser el <\/span><span style=\"font-weight: 400;\">pueblo<\/span><span style=\"font-weight: 400;\"> m\u00e1s encantador de la provincia, llama bastante la atenci\u00f3n la orograf\u00eda del <\/span><span style=\"font-weight: 400;\">municipio.<\/span><span style=\"font-weight: 400;\"> \u00bfPor qu\u00e9? Bueno, nosotros no conocemos muchas aldeas que se sit\u00faen en la ladera de una monta\u00f1a. De esta manera, puedes ver en lo m\u00e1s alto de la pendiente su fortaleza y a orillas de la villa, ver\u00e1s una gran arboleda muy cercana al r\u00edo J\u00facar.\u00a0<\/span><\/p>\n<p><span style=\"font-weight: 400;\">Lo m\u00e1s curioso de Alcal\u00e1 del J\u00facar es su arquitectura popular, nada m\u00e1s entres en \u00e9l lo que m\u00e1s te extra\u00f1ar\u00e1 ser\u00e1n sus casas, ya que est\u00e1n excavadas en la propia monta\u00f1a creando una postal \u00fanica e irrepetible.<\/span><\/p>\n<p><img loading=\"lazy\" decoding=\"async\" class=\"alignnone wp-image-2335 size-large\" title=\"pueblo\" src=\"https:\/\/www.vipealo.com\/blog\/wp-content\/uploads\/2020\/12\/AdobeStock_94321315-1-compressed-1024x683.jpg\" alt=\"\" width=\"662\" height=\"442\" srcset=\"https:\/\/www.vipealo.com\/blog\/wp-content\/uploads\/2020\/12\/AdobeStock_94321315-1-compressed-1024x683.jpg 1024w, https:\/\/www.vipealo.com\/blog\/wp-content\/uploads\/2020\/12\/AdobeStock_94321315-1-compressed-300x200.jpg 300w, https:\/\/www.vipealo.com\/blog\/wp-content\/uploads\/2020\/12\/AdobeStock_94321315-1-compressed-768x512.jpg 768w, https:\/\/www.vipealo.com\/blog\/wp-content\/uploads\/2020\/12\/AdobeStock_94321315-1-compressed-1536x1024.jpg 1536w, https:\/\/www.vipealo.com\/blog\/wp-content\/uploads\/2020\/12\/AdobeStock_94321315-1-compressed-2048x1365.jpg 2048w, https:\/\/www.vipealo.com\/blog\/wp-content\/uploads\/2020\/12\/AdobeStock_94321315-1-compressed-561x374.jpg 561w, https:\/\/www.vipealo.com\/blog\/wp-content\/uploads\/2020\/12\/AdobeStock_94321315-1-compressed-1122x748.jpg 1122w, https:\/\/www.vipealo.com\/blog\/wp-content\/uploads\/2020\/12\/AdobeStock_94321315-1-compressed-364x243.jpg 364w, https:\/\/www.vipealo.com\/blog\/wp-content\/uploads\/2020\/12\/AdobeStock_94321315-1-compressed-758x505.jpg 758w, https:\/\/www.vipealo.com\/blog\/wp-content\/uploads\/2020\/12\/AdobeStock_94321315-1-compressed-608x405.jpg 608w, https:\/\/www.vipealo.com\/blog\/wp-content\/uploads\/2020\/12\/AdobeStock_94321315-1-compressed-1152x768.jpg 1152w\" sizes=\"auto, (max-width: 662px) 100vw, 662px\" \/><\/p>\n<h3><b>El pueblo de Almagro<\/b><\/h3>\n<p><span style=\"font-weight: 400;\">Pasando de Albacete a Ciudad Real, acudimos a una de las sedes culturales m\u00e1s importantes de Espa\u00f1a, aunque tampoco pasa desapercibida su importancia hist\u00f3rica. Si no conoces nada sobre la capital de La Mancha en pleno siglo XVIII te recomendamos no perder un solo minuto e ir directamente a ella. Conocer\u00e1s sus hallazgos de la Edad de Bronce, su Corral de Comedias o los palacios con lo que cuenta.<\/span><\/p>\n<h3><b>Ayll\u00f3n<\/b><\/h3>\n<p><span style=\"font-weight: 400;\">Si te gusta la monta\u00f1a y la naturaleza, te recomendamos acudir a esta localidad de Segovia, muy cercana a la Sierra de Ayll\u00f3n. La primera comunidad de la que se tiene constancia es de los celt\u00edberos, seg\u00fan un yacimiento que se encontr\u00f3 en el cerro que actualmente ocupa la Torre de la Martina.<\/span><\/p>\n<p><span style=\"font-weight: 400;\">En esta villa medieval podremos ver los monumentos que nos han dejado las diversas culturas que se han ido estableciendo en ella, tales como el Puente Romano, el Palacio de los Contreras o la Plaza Mayor.<\/span><\/p>\n<p><img loading=\"lazy\" decoding=\"async\" class=\"alignnone wp-image-2334 size-large\" title=\"pueblo\" src=\"https:\/\/www.vipealo.com\/blog\/wp-content\/uploads\/2020\/12\/AdobeStock_339980232-1-compressed-1024x683.jpg\" alt=\"\" width=\"662\" height=\"442\" srcset=\"https:\/\/www.vipealo.com\/blog\/wp-content\/uploads\/2020\/12\/AdobeStock_339980232-1-compressed-1024x683.jpg 1024w, https:\/\/www.vipealo.com\/blog\/wp-content\/uploads\/2020\/12\/AdobeStock_339980232-1-compressed-300x200.jpg 300w, https:\/\/www.vipealo.com\/blog\/wp-content\/uploads\/2020\/12\/AdobeStock_339980232-1-compressed-768x512.jpg 768w, https:\/\/www.vipealo.com\/blog\/wp-content\/uploads\/2020\/12\/AdobeStock_339980232-1-compressed-1536x1024.jpg 1536w, https:\/\/www.vipealo.com\/blog\/wp-content\/uploads\/2020\/12\/AdobeStock_339980232-1-compressed-2048x1365.jpg 2048w, https:\/\/www.vipealo.com\/blog\/wp-content\/uploads\/2020\/12\/AdobeStock_339980232-1-compressed-561x374.jpg 561w, https:\/\/www.vipealo.com\/blog\/wp-content\/uploads\/2020\/12\/AdobeStock_339980232-1-compressed-1122x748.jpg 1122w, https:\/\/www.vipealo.com\/blog\/wp-content\/uploads\/2020\/12\/AdobeStock_339980232-1-compressed-364x243.jpg 364w, https:\/\/www.vipealo.com\/blog\/wp-content\/uploads\/2020\/12\/AdobeStock_339980232-1-compressed-758x505.jpg 758w, https:\/\/www.vipealo.com\/blog\/wp-content\/uploads\/2020\/12\/AdobeStock_339980232-1-compressed-608x405.jpg 608w, https:\/\/www.vipealo.com\/blog\/wp-content\/uploads\/2020\/12\/AdobeStock_339980232-1-compressed-1152x768.jpg 1152w\" sizes=\"auto, (max-width: 662px) 100vw, 662px\" \/><\/p>\n<h3><b>Bonilla de la Sierra<\/b><\/h3>\n<p><span style=\"font-weight: 400;\">No pod\u00edamos terminar con otro destino que no fuera \u00c1vila, m\u00e1s concretamente, en su monta\u00f1a. La aldea del medievo cuenta con yacimientos romanos, edificaciones pertenecientes a la nobleza y el clero de la Edad Media, murallas e iglesias. Si quieres conocer de primera mano c\u00f3mo era la vida de aquella \u00e9poca, dudamos que encuentres parajes mejores que este.<\/span><\/p>\n<p>&nbsp;<\/p>\n<p><span style=\"font-weight: 400;\">Esperamos que te haya gustado el post de hoy, nuestra intenci\u00f3n es sobre todo conocer otros destinos que no sean tan conocidos o t\u00edpicos, escapando de la normalidad y de las actividades <\/span><a href=\"https:\/\/www.vipealo.com\/espana\/cuenca\">que ver en Cuenca<\/a><span style=\"font-weight: 400;\"> o Toledo. \u00a1Ojal\u00e1 os hayan gustado estos destinos tanto como a nosotros!<\/span><\/p>\n","protected":false},"excerpt":{"rendered":"<p>\u00daltimamente nos hemos centrado en toda la zona costera espa\u00f1ola, como si Espa\u00f1a solo tuviera su encanto en sus playas, bah\u00edas y espacios portuarios. Adem\u00e1s, pi\u00e9nsalo, \u00a1qu\u00e9 envidia nos dan todas las personas que tienen pueblo! No hay nada como la buena verbena en tu villa, esas fiestas\u2026 Algo que todos deber\u00edamos vivir en nuestras &#8230; <a title=\"Los mejores pueblos a visitar en el interior espa\u00f1ol\" class=\"read-more\" href=\"https:\/\/www.vipealo.com\/blog\/los-mejores-pueblos-a-visitar-en-el-interior-espanol\/\" aria-label=\"Read more about Los mejores pueblos a visitar en el interior espa\u00f1ol\">Leer m\u00e1s<\/a><\/p>\n","protected":false},"author":1,"featured_media":2335,"comment_status":"open","ping_status":"open","sticky":false,"template":"","format":"standard","meta":{"footnotes":""},"categories":[46],"tags":[112,18],"class_list":["post-2332","post","type-post","status-publish","format-standard","has-post-thumbnail","hentry","category-espana","tag-interior","tag-pueblos"],"_links":{"self":[{"href":"https:\/\/www.vipealo.com\/blog\/wp-json\/wp\/v2\/posts\/2332","targetHints":{"allow":["GET"]}}],"collection":[{"href":"https:\/\/www.vipealo.com\/blog\/wp-json\/wp\/v2\/posts"}],"about":[{"href":"https:\/\/www.vipealo.com\/blog\/wp-json\/wp\/v2\/types\/post"}],"author":[{"embeddable":true,"href":"https:\/\/www.vipealo.com\/blog\/wp-json\/wp\/v2\/users\/1"}],"replies":[{"embeddable":true,"href":"https:\/\/www.vipealo.com\/blog\/wp-json\/wp\/v2\/comments?post=2332"}],"version-history":[{"count":1,"href":"https:\/\/www.vipealo.com\/blog\/wp-json\/wp\/v2\/posts\/2332\/revisions"}],"predecessor-version":[{"id":2336,"href":"https:\/\/www.vipealo.com\/blog\/wp-json\/wp\/v2\/posts\/2332\/revisions\/2336"}],"wp:featuredmedia":[{"embeddable":true,"href":"https:\/\/www.vipealo.com\/blog\/wp-json\/wp\/v2\/media\/2335"}],"wp:attachment":[{"href":"https:\/\/www.vipealo.com\/blog\/wp-json\/wp\/v2\/media?parent=2332"}],"wp:term":[{"taxonomy":"category","embeddable":true,"href":"https:\/\/www.vipealo.com\/blog\/wp-json\/wp\/v2\/categories?post=2332"},{"taxonomy":"post_tag","embeddable":true,"href":"https:\/\/www.vipealo.com\/blog\/wp-json\/wp\/v2\/tags?post=2332"}],"curies":[{"name":"wp","href":"https:\/\/api.w.org\/{rel}","templated":true}]}}