{"id":2316,"date":"2020-12-03T11:33:46","date_gmt":"2020-12-03T10:33:46","guid":{"rendered":"https:\/\/www.vipealo.com\/blog\/?p=2316"},"modified":"2021-05-20T17:04:53","modified_gmt":"2021-05-20T15:04:53","slug":"las-playas-de-mallorca-menos-conocidas","status":"publish","type":"post","link":"https:\/\/www.vipealo.com\/blog\/las-playas-de-mallorca-menos-conocidas\/","title":{"rendered":"Las playas menos famosas de la isla de Mallorca"},"content":{"rendered":"<p><span style=\"font-weight: 400;\">Uno de los mayores atractivos locales de Mallorca, y que deber\u00eda ser considerado Patrimonio de la Humanidad como m\u00ednimo, es el conjunto de playas y calas variadas que nos presenta.<\/span><\/p>\n<p><span style=\"font-weight: 400;\">La propia isla nos esconde muy bien sus mayores secretos en forma de arena y mar. Muchos somos los que nos emocionamos con un atardecer completamente m\u00e1gico, en pleno paseo por la misma orilla mallorquina, disfrutando de la buena temperatura del mar. Para rematar esta sensaci\u00f3n, \u00bfqu\u00e9 me dices de ir escuchando tu m\u00fasica favorita?<\/span><\/p>\n<p><span style=\"font-weight: 400;\">Pocos placeres se pueden comparar a esta experiencia. Desde Vipealo no podemos hacer m\u00e1s que traerte las <a href=\"https:\/\/www.crecemosviajando.com\/mejores-playas-mallorca\/\" target=\"_blank\" rel=\"noopener noreferrer\">mejores playas de Mallorca<\/a> en las que disfrutar, c\u00f3ctel en mano, mientras te transportas al Caribe sin salir de Espa\u00f1a.<\/span><\/p>\n<h3><b>Playa de Formentor.<\/b><\/h3>\n<p><span style=\"font-weight: 400;\">Situada en la zona norte, la <\/span><a href=\"https:\/\/www.vipealo.com\/espana\/mallorca\/paseo-en-catamaran-por-la-costa-norte\">playa Formentor<\/a><span style=\"font-weight: 400;\">, tambi\u00e9n conocida como Cala Pi de la Posada, se encuentra incluida en el Cabo que recibe el mismo nombre. En ella, podemos encontrar arena fina, blanca y luminosa en un lugar paradisiaco, pero tambi\u00e9n en pleno pulm\u00f3n de naturaleza gracias al bosque de pinos y encinas que rodea a la bah\u00eda.\u00a0<\/span><\/p>\n<h3><b>Playa Alcudia<\/b><\/h3>\n<p><span style=\"font-weight: 400;\">Muy cerca de la anterior playa, descubrimos la Platja d\u2019Alc\u00fadia, un gran lujo para todos aquellos que se encuentren en la urbe de Alcudia, de la que recibe el nombre. Sin embargo, no solo es importante por su calidad natural, sino tambi\u00e9n por encontrarse tan pr\u00f3xima a las ruinas y al teatro romano de Pollentia, ciudad fundada en el siglo II a.C. \u00a1As\u00ed que todos los historiadores y curiosos est\u00e1n libres de acercarse a lo que nos queda esta fascinante ciudad!<\/span><\/p>\n<h3><b>Cala Murta<\/b><\/h3>\n<p><span style=\"font-weight: 400;\">Bienvenidas sean las calas y su orilla llena de piedras. Desde Vipealo te aconsejamos hacerte con un par de cangrejeras y \u00a1al agua a disfrutar! Esta zona de Pollen\u00e7a tiene un dif\u00edcil acceso, pero nada es imposible. Ya sabes que a nosotros nos encantan los retos, \u00a1qu\u00e9 le vamos a hacer! As\u00ed que de esta forma, hemos descubierto este sue\u00f1o hecho realidad. M\u00e9tete en sus aguas turquesas, te har\u00e1n olvidarte de todo.<\/span><\/p>\n<p><img loading=\"lazy\" decoding=\"async\" class=\"alignnone wp-image-2319 size-large\" title=\"playas\" src=\"https:\/\/www.vipealo.com\/blog\/wp-content\/uploads\/2020\/12\/AdobeStock_211857242-1-compressed-1024x683.jpg\" alt=\"\" width=\"662\" height=\"442\" srcset=\"https:\/\/www.vipealo.com\/blog\/wp-content\/uploads\/2020\/12\/AdobeStock_211857242-1-compressed-1024x683.jpg 1024w, https:\/\/www.vipealo.com\/blog\/wp-content\/uploads\/2020\/12\/AdobeStock_211857242-1-compressed-300x200.jpg 300w, https:\/\/www.vipealo.com\/blog\/wp-content\/uploads\/2020\/12\/AdobeStock_211857242-1-compressed-768x512.jpg 768w, https:\/\/www.vipealo.com\/blog\/wp-content\/uploads\/2020\/12\/AdobeStock_211857242-1-compressed-1536x1024.jpg 1536w, https:\/\/www.vipealo.com\/blog\/wp-content\/uploads\/2020\/12\/AdobeStock_211857242-1-compressed-2048x1365.jpg 2048w, https:\/\/www.vipealo.com\/blog\/wp-content\/uploads\/2020\/12\/AdobeStock_211857242-1-compressed-561x374.jpg 561w, https:\/\/www.vipealo.com\/blog\/wp-content\/uploads\/2020\/12\/AdobeStock_211857242-1-compressed-1122x748.jpg 1122w, https:\/\/www.vipealo.com\/blog\/wp-content\/uploads\/2020\/12\/AdobeStock_211857242-1-compressed-364x243.jpg 364w, https:\/\/www.vipealo.com\/blog\/wp-content\/uploads\/2020\/12\/AdobeStock_211857242-1-compressed-758x505.jpg 758w, https:\/\/www.vipealo.com\/blog\/wp-content\/uploads\/2020\/12\/AdobeStock_211857242-1-compressed-608x405.jpg 608w, https:\/\/www.vipealo.com\/blog\/wp-content\/uploads\/2020\/12\/AdobeStock_211857242-1-compressed-1152x768.jpg 1152w\" sizes=\"auto, (max-width: 662px) 100vw, 662px\" \/><\/p>\n<h3><b>Sa Calobra<\/b><\/h3>\n<p><span style=\"font-weight: 400;\">La Culebra es una cala que podemos encontrar en el municipio de Escorca. Gracias a la erosi\u00f3n producida por el agua proveniente del famoso torrente de Pareis, podr\u00e1s disfrutar de las aguas turquesas de este fen\u00f3meno natural a la vez que <\/span><span style=\"font-weight: 400;\">observas un paisaje verdoso y monta\u00f1oso. Y as\u00ed, es como se acaban las discusiones entre playa y monta\u00f1a. \u00a1Lo mejor de los dos mundos lo puedes encontrar en esta localizaci\u00f3n!<\/span><\/p>\n<p><img loading=\"lazy\" decoding=\"async\" class=\"alignnone wp-image-2318 size-large\" title=\"playas\" src=\"https:\/\/www.vipealo.com\/blog\/wp-content\/uploads\/2020\/12\/AdobeStock_113665990-1-compressed-1024x683.jpg\" alt=\"\" width=\"662\" height=\"442\" srcset=\"https:\/\/www.vipealo.com\/blog\/wp-content\/uploads\/2020\/12\/AdobeStock_113665990-1-compressed-1024x683.jpg 1024w, https:\/\/www.vipealo.com\/blog\/wp-content\/uploads\/2020\/12\/AdobeStock_113665990-1-compressed-300x200.jpg 300w, https:\/\/www.vipealo.com\/blog\/wp-content\/uploads\/2020\/12\/AdobeStock_113665990-1-compressed-768x512.jpg 768w, https:\/\/www.vipealo.com\/blog\/wp-content\/uploads\/2020\/12\/AdobeStock_113665990-1-compressed-1536x1024.jpg 1536w, https:\/\/www.vipealo.com\/blog\/wp-content\/uploads\/2020\/12\/AdobeStock_113665990-1-compressed-2048x1365.jpg 2048w, https:\/\/www.vipealo.com\/blog\/wp-content\/uploads\/2020\/12\/AdobeStock_113665990-1-compressed-561x374.jpg 561w, https:\/\/www.vipealo.com\/blog\/wp-content\/uploads\/2020\/12\/AdobeStock_113665990-1-compressed-1122x748.jpg 1122w, https:\/\/www.vipealo.com\/blog\/wp-content\/uploads\/2020\/12\/AdobeStock_113665990-1-compressed-364x243.jpg 364w, https:\/\/www.vipealo.com\/blog\/wp-content\/uploads\/2020\/12\/AdobeStock_113665990-1-compressed-758x505.jpg 758w, https:\/\/www.vipealo.com\/blog\/wp-content\/uploads\/2020\/12\/AdobeStock_113665990-1-compressed-608x405.jpg 608w, https:\/\/www.vipealo.com\/blog\/wp-content\/uploads\/2020\/12\/AdobeStock_113665990-1-compressed-1152x768.jpg 1152w\" sizes=\"auto, (max-width: 662px) 100vw, 662px\" \/><\/p>\n<h3><b>Cala Estreta<\/b><\/h3>\n<p><span style=\"font-weight: 400;\">Ya sabes que nos encantan las curiosidades y secretos, por eso venimos a presentaros esta cala mallorquina, precisamente situada en la localidad de Art\u00e0. Con apenas 20 metros de longitud, se puede convertir en tu playa privada, ya que debido a la dificultad de su acceso, apenas encontrar\u00e1s alg\u00fan turista que te pueda molestar. Si quieres hacer de tus vacaciones algo inolvidable, acude a sus orillas sin dudarlo un solo segundo.<\/span><\/p>\n<h3><b>Playa Es Caragol<\/b><\/h3>\n<p><span style=\"font-weight: 400;\">No hay nada mejor que una playa virgen para descubrir la naturaleza en todo su esplendor. Lo malo de esta bah\u00eda es lo concurrida que se encuentra, esto puede deberse a su fama por ser<\/span> <span style=\"font-weight: 400;\">una de las playas nudistas de la isla mallorquina.<\/span><\/p>\n<p><span style=\"font-weight: 400;\">Pese a tener cerca de la orilla, una arena fina y dorada, debes saber que su acceso es bastante pedregoso, por lo que debes tener en cuenta llevar un calzado c\u00f3modo.<\/span><span style=\"font-weight: 400;\"><br \/>\n<\/span><\/p>\n<p><img loading=\"lazy\" decoding=\"async\" class=\"alignnone wp-image-2317 size-large\" title=\"playas\" src=\"https:\/\/www.vipealo.com\/blog\/wp-content\/uploads\/2020\/12\/AdobeStock_383229959-1-compressed-1024x473.jpg\" alt=\"\" width=\"662\" height=\"306\" srcset=\"https:\/\/www.vipealo.com\/blog\/wp-content\/uploads\/2020\/12\/AdobeStock_383229959-1-compressed-1024x473.jpg 1024w, https:\/\/www.vipealo.com\/blog\/wp-content\/uploads\/2020\/12\/AdobeStock_383229959-1-compressed-300x139.jpg 300w, https:\/\/www.vipealo.com\/blog\/wp-content\/uploads\/2020\/12\/AdobeStock_383229959-1-compressed-768x355.jpg 768w, https:\/\/www.vipealo.com\/blog\/wp-content\/uploads\/2020\/12\/AdobeStock_383229959-1-compressed-1536x710.jpg 1536w, https:\/\/www.vipealo.com\/blog\/wp-content\/uploads\/2020\/12\/AdobeStock_383229959-1-compressed-2048x947.jpg 2048w, https:\/\/www.vipealo.com\/blog\/wp-content\/uploads\/2020\/12\/AdobeStock_383229959-1-compressed-561x259.jpg 561w, https:\/\/www.vipealo.com\/blog\/wp-content\/uploads\/2020\/12\/AdobeStock_383229959-1-compressed-1122x519.jpg 1122w, https:\/\/www.vipealo.com\/blog\/wp-content\/uploads\/2020\/12\/AdobeStock_383229959-1-compressed-364x168.jpg 364w, https:\/\/www.vipealo.com\/blog\/wp-content\/uploads\/2020\/12\/AdobeStock_383229959-1-compressed-758x350.jpg 758w, https:\/\/www.vipealo.com\/blog\/wp-content\/uploads\/2020\/12\/AdobeStock_383229959-1-compressed-608x281.jpg 608w, https:\/\/www.vipealo.com\/blog\/wp-content\/uploads\/2020\/12\/AdobeStock_383229959-1-compressed-1152x533.jpg 1152w\" sizes=\"auto, (max-width: 662px) 100vw, 662px\" \/><\/p>\n<p>&nbsp;<\/p>\n<p><span style=\"font-weight: 400;\">Si acudes a cualquiera de estos fen\u00f3menos mar\u00edtimos con tus amigos o amigas, te recomendamos montar una <\/span><a href=\"https:\/\/www.vipealo.com\/espana\/alicante\/fiesta-a-bordo-de-un-catamaran\">fiesta en barco<\/a><span style=\"font-weight: 400;\">, ya que es una manera divertida y original de pasar tu tiempo libre en Mallorca. Adem\u00e1s, ya sabemos que la noche siempre ha ido acompa\u00f1ada con las islas Baleares.<\/span><\/p>\n<p>Una peque\u00f1a advertencia: recuerda que si viajas con tu mascota tendr\u00e1s que buscar <a href=\"https:\/\/www.crecemosviajando.com\/playas-perros-mallorca\/\" target=\"_blank\" rel=\"noopener noreferrer\">playas para ir con perros<\/a> en Mallorca, ya que no en todas es se les permite la entrada.<\/p>\n","protected":false},"excerpt":{"rendered":"<p>Uno de los mayores atractivos locales de Mallorca, y que deber\u00eda ser considerado Patrimonio de la Humanidad como m\u00ednimo, es el conjunto de playas y calas variadas que nos presenta. La propia isla nos esconde muy bien sus mayores secretos en forma de arena y mar. Muchos somos los que nos emocionamos con un atardecer &#8230; <a title=\"Las playas menos famosas de la isla de Mallorca\" class=\"read-more\" href=\"https:\/\/www.vipealo.com\/blog\/las-playas-de-mallorca-menos-conocidas\/\" aria-label=\"Read more about Las playas menos famosas de la isla de Mallorca\">Leer m\u00e1s<\/a><\/p>\n","protected":false},"author":1,"featured_media":2319,"comment_status":"open","ping_status":"open","sticky":false,"template":"","format":"standard","meta":{"footnotes":""},"categories":[46,62],"tags":[81,36],"class_list":["post-2316","post","type-post","status-publish","format-standard","has-post-thumbnail","hentry","category-espana","category-islas-baleares","tag-mallorca","tag-playas"],"_links":{"self":[{"href":"https:\/\/www.vipealo.com\/blog\/wp-json\/wp\/v2\/posts\/2316","targetHints":{"allow":["GET"]}}],"collection":[{"href":"https:\/\/www.vipealo.com\/blog\/wp-json\/wp\/v2\/posts"}],"about":[{"href":"https:\/\/www.vipealo.com\/blog\/wp-json\/wp\/v2\/types\/post"}],"author":[{"embeddable":true,"href":"https:\/\/www.vipealo.com\/blog\/wp-json\/wp\/v2\/users\/1"}],"replies":[{"embeddable":true,"href":"https:\/\/www.vipealo.com\/blog\/wp-json\/wp\/v2\/comments?post=2316"}],"version-history":[{"count":6,"href":"https:\/\/www.vipealo.com\/blog\/wp-json\/wp\/v2\/posts\/2316\/revisions"}],"predecessor-version":[{"id":2712,"href":"https:\/\/www.vipealo.com\/blog\/wp-json\/wp\/v2\/posts\/2316\/revisions\/2712"}],"wp:featuredmedia":[{"embeddable":true,"href":"https:\/\/www.vipealo.com\/blog\/wp-json\/wp\/v2\/media\/2319"}],"wp:attachment":[{"href":"https:\/\/www.vipealo.com\/blog\/wp-json\/wp\/v2\/media?parent=2316"}],"wp:term":[{"taxonomy":"category","embeddable":true,"href":"https:\/\/www.vipealo.com\/blog\/wp-json\/wp\/v2\/categories?post=2316"},{"taxonomy":"post_tag","embeddable":true,"href":"https:\/\/www.vipealo.com\/blog\/wp-json\/wp\/v2\/tags?post=2316"}],"curies":[{"name":"wp","href":"https:\/\/api.w.org\/{rel}","templated":true}]}}