{"id":2291,"date":"2020-11-27T09:11:27","date_gmt":"2020-11-27T08:11:27","guid":{"rendered":"https:\/\/www.vipealo.com\/blog\/?p=2291"},"modified":"2021-05-20T17:05:27","modified_gmt":"2021-05-20T15:05:27","slug":"un-paseo-por-el-barrio-gotico-de-barcelona","status":"publish","type":"post","link":"https:\/\/www.vipealo.com\/blog\/un-paseo-por-el-barrio-gotico-de-barcelona\/","title":{"rendered":"Un paseo por el barrio g\u00f3tico de Barcelona"},"content":{"rendered":"<p><span style=\"font-weight: 400;\">Una vez que comenzamos a hablar del arte de nuestras ciudades espa\u00f1olas, \u00a1no hay quien nos pare! As\u00ed que, este art\u00edculo va dedicado a todos aquellos apasionados de esta manera de vivir e incluso de conocer nuestra historia y patrimonio.<\/span><\/p>\n<p><span style=\"font-weight: 400;\">Por esta misma raz\u00f3n queremos ofrecerte una visi\u00f3n profunda de la etapa art\u00edstica que nos encontramos en el barrio g\u00f3tico de la capital catalana. Sin embargo, no solo va destinada a las personas que se pueden deleitar con la modalidad art\u00edstica, sino tambi\u00e9n con la hist\u00f3rica. \u00a1No hay nada mejor que conocer nuestra historia para predisponernos al futuro!\u00a0<\/span><\/p>\n<p><span style=\"font-weight: 400;\">Muchas de las personas que han tenido la suerte de conocer el barrio g\u00f3tico consideran que verlo es uno de los <\/span><a href=\"https:\/\/www.vipealo.com\/espana\/barcelona\">mejores planes Barcelona<\/a><span style=\"font-weight: 400;\"> que puedes hacer.<\/span><\/p>\n<h3><b>Origen del barrio g\u00f3tico<\/b><\/h3>\n<p><span style=\"font-weight: 400;\">Para empezar, es necesario destacar la importancia de este n\u00facleo urbano, considerado uno de los m\u00e1s antiguos de Barcelona y, por ende, uno de los m\u00e1s importantes.<\/span><\/p>\n<p><span style=\"font-weight: 400;\">\u00bfQu\u00e9 pod\u00edamos encontrarnos en el casco hist\u00f3rico de la ciudad antes de ser considerado <\/span><i><span style=\"font-weight: 400;\">Barrio G\u00f3tico<\/span><\/i><span style=\"font-weight: 400;\">? Pues anteriormente fue un dominio romano que data de los siglos 15-10 aC. Exactamente esta<\/span><span style=\"font-weight: 400;\"> colonia<\/span><span style=\"font-weight: 400;\">, denominada Barcino, tuvo una notoria influencia sobre todo econ\u00f3mica y comercial, siendo la envidia del resto de asentamientos del mar Mediterr\u00e1neo.<\/span><\/p>\n<h3><b>La Catedral de Santa Eulalia<\/b><\/h3>\n<p><span style=\"font-weight: 400;\">El templo cristiano es considerado uno de los mayores exponentes del arte g\u00f3tico catal\u00e1n, diferenciado del t\u00edpico g\u00f3tico franc\u00e9s.\u00a0<\/span><\/p>\n<p><span style=\"font-weight: 400;\">La Catedral se construy\u00f3 entre los siglos XIII y XV llegando a tardar en <\/span><span style=\"font-weight: 400;\">construirse <\/span><span style=\"font-weight: 400;\">alrededor de 150 a\u00f1os. Anteriormente a ella, pod\u00edamos encontramos con su predecesora: la catedral rom\u00e1nica. De esta manera, se continu\u00f3 con la tradici\u00f3n cristiana, dedic\u00e1ndose en este momento a la patrona de Barcelona, Santa Eulalia.<\/span><\/p>\n<p><span style=\"font-weight: 400;\">\u00bfEn qu\u00e9 se diferencia el g\u00f3tico catal\u00e1n del g\u00f3tico franc\u00e9s? Pues b\u00e1sicamente en la verticalidad de este segundo frente al primero, que no busca una altura excesiva y la decoraci\u00f3n tiende a ser sobria en vez de tan cargada como en el caso europeo.<\/span><\/p>\n<p><span style=\"font-weight: 400;\">Si quieres conocer m\u00e1s sobre este estilo art\u00edstico, esta parada ser\u00e1 tu mayor imprescindible en este recorrido de <\/span><a href=\"https:\/\/www.vipealo.com\">ocio y turismo<\/a><span style=\"font-weight: 400;\"> por el centro de la capital de Catalu\u00f1a.<\/span><\/p>\n<p><img loading=\"lazy\" decoding=\"async\" class=\"alignnone wp-image-2294 size-large\" title=\"barrio g\u00f3tico\" src=\"https:\/\/www.vipealo.com\/blog\/wp-content\/uploads\/2020\/11\/AdobeStock_267519276-1-compressed-1024x613.jpg\" alt=\"\" width=\"662\" height=\"396\" srcset=\"https:\/\/www.vipealo.com\/blog\/wp-content\/uploads\/2020\/11\/AdobeStock_267519276-1-compressed-1024x613.jpg 1024w, https:\/\/www.vipealo.com\/blog\/wp-content\/uploads\/2020\/11\/AdobeStock_267519276-1-compressed-300x180.jpg 300w, https:\/\/www.vipealo.com\/blog\/wp-content\/uploads\/2020\/11\/AdobeStock_267519276-1-compressed-768x460.jpg 768w, https:\/\/www.vipealo.com\/blog\/wp-content\/uploads\/2020\/11\/AdobeStock_267519276-1-compressed-1536x919.jpg 1536w, https:\/\/www.vipealo.com\/blog\/wp-content\/uploads\/2020\/11\/AdobeStock_267519276-1-compressed-2048x1225.jpg 2048w, https:\/\/www.vipealo.com\/blog\/wp-content\/uploads\/2020\/11\/AdobeStock_267519276-1-compressed-561x336.jpg 561w, https:\/\/www.vipealo.com\/blog\/wp-content\/uploads\/2020\/11\/AdobeStock_267519276-1-compressed-1122x671.jpg 1122w, https:\/\/www.vipealo.com\/blog\/wp-content\/uploads\/2020\/11\/AdobeStock_267519276-1-compressed-364x218.jpg 364w, https:\/\/www.vipealo.com\/blog\/wp-content\/uploads\/2020\/11\/AdobeStock_267519276-1-compressed-758x454.jpg 758w, https:\/\/www.vipealo.com\/blog\/wp-content\/uploads\/2020\/11\/AdobeStock_267519276-1-compressed-608x364.jpg 608w, https:\/\/www.vipealo.com\/blog\/wp-content\/uploads\/2020\/11\/AdobeStock_267519276-1-compressed-1152x689.jpg 1152w\" sizes=\"auto, (max-width: 662px) 100vw, 662px\" \/><\/p>\n<h3><b>La Plaza Sant Jaume<\/b><\/h3>\n<p><span style=\"font-weight: 400;\">No ha cambiado mucho su finalidad desde sus or\u00edgenes. En sus inicios ocupaba el entorno de la propia calle del Barcino, centro de la colonia romana que llevaba su nombre. Asimismo, siempre ha sido el espacio en el que se situaba el centro sociopol\u00edtico de la vida catalana, destacando edificios como el Ayuntamiento y el Palacio de la Generalitat, o bien en el pasado donde se encontraba el foro romano.\u00a0<\/span><\/p>\n<p><span style=\"font-weight: 400;\">Adem\u00e1s, esta plaza tambi\u00e9n es famosa por albergar fiestas, ceremonias y acontecimientos importantes para la sociedad y vida catalanas.<\/span><\/p>\n<p><img loading=\"lazy\" decoding=\"async\" class=\"alignnone wp-image-2293 size-large\" title=\"barrio g\u00f3tico\" src=\"https:\/\/www.vipealo.com\/blog\/wp-content\/uploads\/2020\/11\/AdobeStock_344178976-1-compressed-1024x683.jpg\" alt=\"\" width=\"662\" height=\"442\" srcset=\"https:\/\/www.vipealo.com\/blog\/wp-content\/uploads\/2020\/11\/AdobeStock_344178976-1-compressed-1024x683.jpg 1024w, https:\/\/www.vipealo.com\/blog\/wp-content\/uploads\/2020\/11\/AdobeStock_344178976-1-compressed-300x200.jpg 300w, https:\/\/www.vipealo.com\/blog\/wp-content\/uploads\/2020\/11\/AdobeStock_344178976-1-compressed-768x512.jpg 768w, https:\/\/www.vipealo.com\/blog\/wp-content\/uploads\/2020\/11\/AdobeStock_344178976-1-compressed-1536x1024.jpg 1536w, https:\/\/www.vipealo.com\/blog\/wp-content\/uploads\/2020\/11\/AdobeStock_344178976-1-compressed-2048x1365.jpg 2048w, https:\/\/www.vipealo.com\/blog\/wp-content\/uploads\/2020\/11\/AdobeStock_344178976-1-compressed-561x374.jpg 561w, https:\/\/www.vipealo.com\/blog\/wp-content\/uploads\/2020\/11\/AdobeStock_344178976-1-compressed-1122x748.jpg 1122w, https:\/\/www.vipealo.com\/blog\/wp-content\/uploads\/2020\/11\/AdobeStock_344178976-1-compressed-364x243.jpg 364w, https:\/\/www.vipealo.com\/blog\/wp-content\/uploads\/2020\/11\/AdobeStock_344178976-1-compressed-758x505.jpg 758w, https:\/\/www.vipealo.com\/blog\/wp-content\/uploads\/2020\/11\/AdobeStock_344178976-1-compressed-608x405.jpg 608w, https:\/\/www.vipealo.com\/blog\/wp-content\/uploads\/2020\/11\/AdobeStock_344178976-1-compressed-1152x768.jpg 1152w\" sizes=\"auto, (max-width: 662px) 100vw, 662px\" \/><\/p>\n<h3><b>La Plaza del Rey del barrio g\u00f3tico<\/b><\/h3>\n<p><span style=\"font-weight: 400;\">\u00bfQuieres respirar la vida medieval? Tiene soluci\u00f3n f\u00e1cil: pl\u00e1ntate en este peque\u00f1o rinc\u00f3n que parece sacado de cualquier pel\u00edcula de la \u00e9poca. En la glorieta podr\u00e1s descubrir al Palacio Real Mayor, que impetuoso se levanta ante tus ojos, \u00a1con torre-mirador incluida! Antiguamente, ejerc\u00eda la funci\u00f3n de residencia para los condes catalanes, al menos hasta el siglo XV y es un edificio con alta dominancia del estilo g\u00f3tico tanto en su estructura como en su interior.<\/span><\/p>\n<p><span style=\"font-weight: 400;\">Sin embargo, en la Pla\u00e7a del Rei no es el \u00fanico monumento medieval que nos podemos encontrar. A un lado del Palacio est\u00e1 situada la Capilla Real de Santa \u00c1gata, edificada sobre la antigua muralla romana. Por otro lado, delante de este templo se encuentra el Palacio del Lugarteniente que data del siglo XVI en el que destaca especialmente su patio de car\u00e1cter renacentista; siendo en la actualidad utilizado como Archivo de la Corona de Arag\u00f3n.<\/span><\/p>\n<p><span style=\"font-weight: 400;\">Para terminar, podemos ver los restos romanos que se conservan en el Museo de la Historia de la Ciudad en la Casa Clariana-Padell\u00e0s, \u00a1no puede haber mejor broche final!<\/span><\/p>\n<p><img loading=\"lazy\" decoding=\"async\" class=\"alignnone wp-image-2295 size-large\" title=\"barrio g\u00f3tico\" src=\"https:\/\/www.vipealo.com\/blog\/wp-content\/uploads\/2020\/11\/AdobeStock_52913734-1-compressed-1024x678.jpg\" alt=\"\" width=\"662\" height=\"438\" srcset=\"https:\/\/www.vipealo.com\/blog\/wp-content\/uploads\/2020\/11\/AdobeStock_52913734-1-compressed-1024x678.jpg 1024w, https:\/\/www.vipealo.com\/blog\/wp-content\/uploads\/2020\/11\/AdobeStock_52913734-1-compressed-300x199.jpg 300w, https:\/\/www.vipealo.com\/blog\/wp-content\/uploads\/2020\/11\/AdobeStock_52913734-1-compressed-768x509.jpg 768w, https:\/\/www.vipealo.com\/blog\/wp-content\/uploads\/2020\/11\/AdobeStock_52913734-1-compressed-1536x1017.jpg 1536w, https:\/\/www.vipealo.com\/blog\/wp-content\/uploads\/2020\/11\/AdobeStock_52913734-1-compressed-2048x1356.jpg 2048w, https:\/\/www.vipealo.com\/blog\/wp-content\/uploads\/2020\/11\/AdobeStock_52913734-1-compressed-561x372.jpg 561w, https:\/\/www.vipealo.com\/blog\/wp-content\/uploads\/2020\/11\/AdobeStock_52913734-1-compressed-1122x743.jpg 1122w, https:\/\/www.vipealo.com\/blog\/wp-content\/uploads\/2020\/11\/AdobeStock_52913734-1-compressed-364x241.jpg 364w, https:\/\/www.vipealo.com\/blog\/wp-content\/uploads\/2020\/11\/AdobeStock_52913734-1-compressed-758x502.jpg 758w, https:\/\/www.vipealo.com\/blog\/wp-content\/uploads\/2020\/11\/AdobeStock_52913734-1-compressed-608x403.jpg 608w, https:\/\/www.vipealo.com\/blog\/wp-content\/uploads\/2020\/11\/AdobeStock_52913734-1-compressed-1152x763.jpg 1152w\" sizes=\"auto, (max-width: 662px) 100vw, 662px\" \/><\/p>\n","protected":false},"excerpt":{"rendered":"<p>Una vez que comenzamos a hablar del arte de nuestras ciudades espa\u00f1olas, \u00a1no hay quien nos pare! As\u00ed que, este art\u00edculo va dedicado a todos aquellos apasionados de esta manera de vivir e incluso de conocer nuestra historia y patrimonio. Por esta misma raz\u00f3n queremos ofrecerte una visi\u00f3n profunda de la etapa art\u00edstica que nos &#8230; <a title=\"Un paseo por el barrio g\u00f3tico de Barcelona\" class=\"read-more\" href=\"https:\/\/www.vipealo.com\/blog\/un-paseo-por-el-barrio-gotico-de-barcelona\/\" aria-label=\"Read more about Un paseo por el barrio g\u00f3tico de Barcelona\">Leer m\u00e1s<\/a><\/p>\n","protected":false},"author":1,"featured_media":2294,"comment_status":"open","ping_status":"open","sticky":false,"template":"","format":"standard","meta":{"footnotes":""},"categories":[57,46],"tags":[114,108],"class_list":["post-2291","post","type-post","status-publish","format-standard","has-post-thumbnail","hentry","category-cataluna","category-espana","tag-barrio-gotico","tag-cataluna"],"_links":{"self":[{"href":"https:\/\/www.vipealo.com\/blog\/wp-json\/wp\/v2\/posts\/2291","targetHints":{"allow":["GET"]}}],"collection":[{"href":"https:\/\/www.vipealo.com\/blog\/wp-json\/wp\/v2\/posts"}],"about":[{"href":"https:\/\/www.vipealo.com\/blog\/wp-json\/wp\/v2\/types\/post"}],"author":[{"embeddable":true,"href":"https:\/\/www.vipealo.com\/blog\/wp-json\/wp\/v2\/users\/1"}],"replies":[{"embeddable":true,"href":"https:\/\/www.vipealo.com\/blog\/wp-json\/wp\/v2\/comments?post=2291"}],"version-history":[{"count":2,"href":"https:\/\/www.vipealo.com\/blog\/wp-json\/wp\/v2\/posts\/2291\/revisions"}],"predecessor-version":[{"id":2296,"href":"https:\/\/www.vipealo.com\/blog\/wp-json\/wp\/v2\/posts\/2291\/revisions\/2296"}],"wp:featuredmedia":[{"embeddable":true,"href":"https:\/\/www.vipealo.com\/blog\/wp-json\/wp\/v2\/media\/2294"}],"wp:attachment":[{"href":"https:\/\/www.vipealo.com\/blog\/wp-json\/wp\/v2\/media?parent=2291"}],"wp:term":[{"taxonomy":"category","embeddable":true,"href":"https:\/\/www.vipealo.com\/blog\/wp-json\/wp\/v2\/categories?post=2291"},{"taxonomy":"post_tag","embeddable":true,"href":"https:\/\/www.vipealo.com\/blog\/wp-json\/wp\/v2\/tags?post=2291"}],"curies":[{"name":"wp","href":"https:\/\/api.w.org\/{rel}","templated":true}]}}