{"id":2240,"date":"2020-11-12T10:54:13","date_gmt":"2020-11-12T09:54:13","guid":{"rendered":"https:\/\/www.vipealo.com\/blog\/?p=2240"},"modified":"2021-05-20T17:07:20","modified_gmt":"2021-05-20T15:07:20","slug":"la-giralda-de-sevilla","status":"publish","type":"post","link":"https:\/\/www.vipealo.com\/blog\/la-giralda-de-sevilla\/","title":{"rendered":"La Giralda de Sevilla"},"content":{"rendered":"<p><span style=\"font-weight: 400;\">Si piensas en <\/span><span style=\"font-weight: 400;\">Sevilla<\/span><span style=\"font-weight: 400;\">, \u00bfqu\u00e9 es lo primero que te cruza la mente? Pues seguramente sea el flamenco, el gazpacho y la manzanilla. Pero, \u00bfy si piensas m\u00e1s concretamente en la ciudad <\/span><span style=\"font-weight: 400;\">sevillana<\/span><span style=\"font-weight: 400;\"> o en su <\/span><span style=\"font-weight: 400;\">historia<\/span><span style=\"font-weight: 400;\"> en vez de en su cultura?\u00a0<\/span><\/p>\n<p><span style=\"font-weight: 400;\">Pues precisamente venimos a hablarte de uno de los imprescindibles de los elementos hist\u00f3ricos de la capital, la Giralda.<\/span><\/p>\n<h3><b>\u00bfPor qu\u00e9 es tan famosa la Giralda?<\/b><\/h3>\n<p><span style=\"font-weight: 400;\">Para empezar, vamos a explicarte qu\u00e9 es la Giralda y por qu\u00e9 es tan importante para la cultura e historia espa\u00f1olas.<\/span><\/p>\n<p><span style=\"font-weight: 400;\">En cuanto a la pregunta sobre qu\u00e9 es la Giralda, este elemento forma parte del conjunto de la Catedral Santa Mar\u00eda de la Sede de la ciudad de Sevilla, en concreto, es la torre del conjunto.<\/span><\/p>\n<h4><b>La Catedral Santa Mar\u00eda de la Sede de Sevilla<\/b><\/h4>\n<p><span style=\"font-weight: 400;\">Por otro lado, es necesario que comentemos las caracter\u00edsticas m\u00e1s especiales de la Catedral para entender su importancia hist\u00f3rica, art\u00edstica y cultural.<\/span><\/p>\n<p><span style=\"font-weight: 400;\">Es<\/span><span style=\"font-weight: 400;\"> la joya m\u00e1s importante de Sevilla es su conjunto monumental, formado por la Catedral, el Real Alc\u00e1zar y el Archivo de Indias.\u00a0<\/span><\/p>\n<p><span style=\"font-weight: 400;\">La Catedral de Santa Mar\u00eda de la Sede es la iglesia de estilo g\u00f3tico m\u00e1s grande a nivel mundial y est\u00e1 construida sobre los cimientos de la Mezquita Mayor, anteriormente levantada por la civilizaci\u00f3n almohade. Sin embargo, con el paso de los a\u00f1os, los \u00fanicos recuerdos que se han mantenido de la \u00e9poca han sido La Giralda y el Patio de los Naranjos.\u00a0<\/span><\/p>\n<p>&nbsp;<\/p>\n<p><img loading=\"lazy\" decoding=\"async\" class=\"alignnone wp-image-2241 size-large\" title=\"La Catedral de Sevilla\" src=\"https:\/\/www.vipealo.com\/blog\/wp-content\/uploads\/2020\/11\/AdobeStock_158082343-1-compressed-1024x591.jpg\" alt=\"\" width=\"662\" height=\"382\" srcset=\"https:\/\/www.vipealo.com\/blog\/wp-content\/uploads\/2020\/11\/AdobeStock_158082343-1-compressed-1024x591.jpg 1024w, https:\/\/www.vipealo.com\/blog\/wp-content\/uploads\/2020\/11\/AdobeStock_158082343-1-compressed-300x173.jpg 300w, https:\/\/www.vipealo.com\/blog\/wp-content\/uploads\/2020\/11\/AdobeStock_158082343-1-compressed-768x443.jpg 768w, https:\/\/www.vipealo.com\/blog\/wp-content\/uploads\/2020\/11\/AdobeStock_158082343-1-compressed-1536x887.jpg 1536w, https:\/\/www.vipealo.com\/blog\/wp-content\/uploads\/2020\/11\/AdobeStock_158082343-1-compressed-2048x1182.jpg 2048w, https:\/\/www.vipealo.com\/blog\/wp-content\/uploads\/2020\/11\/AdobeStock_158082343-1-compressed-561x324.jpg 561w, https:\/\/www.vipealo.com\/blog\/wp-content\/uploads\/2020\/11\/AdobeStock_158082343-1-compressed-1122x648.jpg 1122w, https:\/\/www.vipealo.com\/blog\/wp-content\/uploads\/2020\/11\/AdobeStock_158082343-1-compressed-364x210.jpg 364w, https:\/\/www.vipealo.com\/blog\/wp-content\/uploads\/2020\/11\/AdobeStock_158082343-1-compressed-758x438.jpg 758w, https:\/\/www.vipealo.com\/blog\/wp-content\/uploads\/2020\/11\/AdobeStock_158082343-1-compressed-608x351.jpg 608w, https:\/\/www.vipealo.com\/blog\/wp-content\/uploads\/2020\/11\/AdobeStock_158082343-1-compressed-1152x665.jpg 1152w\" sizes=\"auto, (max-width: 662px) 100vw, 662px\" \/><\/p>\n<h4><b>El Conjunto Monumental de la Catedral de Sevilla, la Giralda, el Real Alc\u00e1zar y el Archivo de Indias<\/b><\/h4>\n<p><span style=\"font-weight: 400;\">A finales del siglo XX el conjunto monumental de la Catedral, la Giralda y el Archivo de Indias fue declarado como Patrimonio de la Humanidad debido a su gran importancia hist\u00f3rica.\u00a0<\/span><\/p>\n<p><span style=\"font-weight: 400;\">Pero, \u00bfpor qu\u00e9 era tan importante a nivel hist\u00f3rico? Porque la Catedral de Sevilla a\u00fana elementos importantes relacionados con las religiones musulmana y cristiana, as\u00ed como con la gran ciudad construida alrededor del Puerto de Indias. En aquella \u00e9poca se quiso construir el Archivo de Indias para dar cobijo a la Lonja de los Mercaderes, pero la utilidad del Archivo no solo iba destinada a la lonja, sino que tambi\u00e9n se centralizaron todos los documentos sobre las colonias espa\u00f1olas.<\/span><\/p>\n<p><span style=\"font-weight: 400;\">Una vez que te hemos explicado el origen de la Giralda, y la importancia de la misma junto con la Catedral de Santa Mar\u00eda de la Sede, vamos a hablar m\u00e1s sobre el arte y la arquitectura propias de la Giralda de Sevilla.<\/span><\/p>\n<figure id=\"attachment_2242\" aria-describedby=\"caption-attachment-2242\" style=\"width: 652px\" class=\"wp-caption alignnone\"><img loading=\"lazy\" decoding=\"async\" class=\"wp-image-2242 size-large\" title=\"la giralda\" src=\"https:\/\/www.vipealo.com\/blog\/wp-content\/uploads\/2020\/11\/AdobeStock_83240284-1-compressed-1024x681.jpg\" alt=\"\" width=\"662\" height=\"440\" srcset=\"https:\/\/www.vipealo.com\/blog\/wp-content\/uploads\/2020\/11\/AdobeStock_83240284-1-compressed-1024x681.jpg 1024w, https:\/\/www.vipealo.com\/blog\/wp-content\/uploads\/2020\/11\/AdobeStock_83240284-1-compressed-300x200.jpg 300w, https:\/\/www.vipealo.com\/blog\/wp-content\/uploads\/2020\/11\/AdobeStock_83240284-1-compressed-768x511.jpg 768w, https:\/\/www.vipealo.com\/blog\/wp-content\/uploads\/2020\/11\/AdobeStock_83240284-1-compressed-1536x1022.jpg 1536w, https:\/\/www.vipealo.com\/blog\/wp-content\/uploads\/2020\/11\/AdobeStock_83240284-1-compressed-2048x1363.jpg 2048w, https:\/\/www.vipealo.com\/blog\/wp-content\/uploads\/2020\/11\/AdobeStock_83240284-1-compressed-561x373.jpg 561w, https:\/\/www.vipealo.com\/blog\/wp-content\/uploads\/2020\/11\/AdobeStock_83240284-1-compressed-1122x747.jpg 1122w, https:\/\/www.vipealo.com\/blog\/wp-content\/uploads\/2020\/11\/AdobeStock_83240284-1-compressed-364x242.jpg 364w, https:\/\/www.vipealo.com\/blog\/wp-content\/uploads\/2020\/11\/AdobeStock_83240284-1-compressed-758x504.jpg 758w, https:\/\/www.vipealo.com\/blog\/wp-content\/uploads\/2020\/11\/AdobeStock_83240284-1-compressed-608x405.jpg 608w, https:\/\/www.vipealo.com\/blog\/wp-content\/uploads\/2020\/11\/AdobeStock_83240284-1-compressed-1152x767.jpg 1152w\" sizes=\"auto, (max-width: 662px) 100vw, 662px\" \/><figcaption id=\"caption-attachment-2242\" class=\"wp-caption-text\">El Patio de las Doncellas del Real Alc\u00e1zar de Sevilla<\/figcaption><\/figure>\n<h3><b>Importancia art\u00edstica y arquitect\u00f3nica de la Giralda.<\/b><\/h3>\n<p><span style=\"font-weight: 400;\">La Giralda es la torre campanario de la Catedral y es famosa por ser una de las im\u00e1genes m\u00e1s conocidas de Andaluc\u00eda, por lo que si <span data-sheets-value=\"{&quot;1&quot;:2,&quot;2&quot;:&quot;ver lo mejor de la giralda &quot;}\" data-sheets-userformat=\"{&quot;2&quot;:513,&quot;3&quot;:{&quot;1&quot;:0},&quot;12&quot;:0}\"><a href=\"https:\/\/vipealo.com\/espana\/sevilla\/tour-por-la-giralda-y-la-catedral-de-sevilla\" target=\"_blank\" rel=\"noopener\">ver lo mejor de la giralda<\/a> deber\u00e1s subir hasta ella<\/span>. \u00bfSab\u00edas que cuando se construy\u00f3 fue la torre m\u00e1s alta del mundo con sus 95,5 metros de altura?<\/span><\/p>\n<p><span style=\"font-weight: 400;\">Esta gran edificaci\u00f3n est\u00e1 formada por dos cuerpos claramente distinguidos: el cuerpo que pertenece a la \u00e9poca musulmana y el de la \u00e9poca cristiana.\u00a0<\/span><\/p>\n<p><span style=\"font-weight: 400;\">La parte musulmana estaba destinada a ser el alminar de la mezquita. Si quieres <\/span><span style=\"font-weight: 400;\">conocer<\/span><span style=\"font-weight: 400;\"> un dato curioso sobre esta zona, debes <\/span><span style=\"font-weight: 400;\">saber<\/span><span style=\"font-weight: 400;\"> que para subir al alminar no hay escaleras, sino que se dise\u00f1aron rampas para que el sult\u00e1n subiera a lo m\u00e1s alto del alminar a lomos de su caballo.<\/span><\/p>\n<p><span style=\"font-weight: 400;\">Cuatro siglos despu\u00e9s, se decidi\u00f3 a\u00f1adir un cuerpo que conform\u00f3 el campanario de la Catedral, finalizando esta parte renacentista con el Giraldillo, una veleta que es uno de los s\u00edmbolos m\u00e1s representativos de la ciudad de Sevilla.<\/span><\/p>\n<p><span style=\"font-weight: 400;\"><img loading=\"lazy\" decoding=\"async\" class=\"alignnone wp-image-2243 size-large\" title=\"giralda\" src=\"https:\/\/www.vipealo.com\/blog\/wp-content\/uploads\/2020\/11\/AdobeStock_289266498-1-compressed-1024x683.jpg\" alt=\"\" width=\"662\" height=\"442\" srcset=\"https:\/\/www.vipealo.com\/blog\/wp-content\/uploads\/2020\/11\/AdobeStock_289266498-1-compressed-1024x683.jpg 1024w, https:\/\/www.vipealo.com\/blog\/wp-content\/uploads\/2020\/11\/AdobeStock_289266498-1-compressed-300x200.jpg 300w, https:\/\/www.vipealo.com\/blog\/wp-content\/uploads\/2020\/11\/AdobeStock_289266498-1-compressed-768x512.jpg 768w, https:\/\/www.vipealo.com\/blog\/wp-content\/uploads\/2020\/11\/AdobeStock_289266498-1-compressed-1536x1025.jpg 1536w, https:\/\/www.vipealo.com\/blog\/wp-content\/uploads\/2020\/11\/AdobeStock_289266498-1-compressed-561x374.jpg 561w, https:\/\/www.vipealo.com\/blog\/wp-content\/uploads\/2020\/11\/AdobeStock_289266498-1-compressed-1122x748.jpg 1122w, https:\/\/www.vipealo.com\/blog\/wp-content\/uploads\/2020\/11\/AdobeStock_289266498-1-compressed-364x243.jpg 364w, https:\/\/www.vipealo.com\/blog\/wp-content\/uploads\/2020\/11\/AdobeStock_289266498-1-compressed-758x506.jpg 758w, https:\/\/www.vipealo.com\/blog\/wp-content\/uploads\/2020\/11\/AdobeStock_289266498-1-compressed-608x406.jpg 608w, https:\/\/www.vipealo.com\/blog\/wp-content\/uploads\/2020\/11\/AdobeStock_289266498-1-compressed-1152x768.jpg 1152w\" sizes=\"auto, (max-width: 662px) 100vw, 662px\" \/><\/span><\/p>\n<p><span style=\"font-weight: 400;\">Si aparte de la Catedral y la Giralda, quieres conocer m\u00e1s a fondo la capital andaluza, te recomendamos que hagas este <a href=\"https:\/\/www.vipealo.com\/espana\/sevilla\/tour-sevilla-encantada-descubre-sus-misterios-y-leyendas\">tour nocturno por sevilla con leyendas y misterios<\/a>. \u00a1No te lo puedes perder!<\/span><\/p>\n","protected":false},"excerpt":{"rendered":"<p>Si piensas en Sevilla, \u00bfqu\u00e9 es lo primero que te cruza la mente? Pues seguramente sea el flamenco, el gazpacho y la manzanilla. Pero, \u00bfy si piensas m\u00e1s concretamente en la ciudad sevillana o en su historia en vez de en su cultura?\u00a0 Pues precisamente venimos a hablarte de uno de los imprescindibles de los &#8230; <a title=\"La Giralda de Sevilla\" class=\"read-more\" href=\"https:\/\/www.vipealo.com\/blog\/la-giralda-de-sevilla\/\" aria-label=\"Read more about La Giralda de Sevilla\">Leer m\u00e1s<\/a><\/p>\n","protected":false},"author":1,"featured_media":2243,"comment_status":"open","ping_status":"open","sticky":false,"template":"","format":"standard","meta":{"footnotes":""},"categories":[51,46],"tags":[126,125],"class_list":["post-2240","post","type-post","status-publish","format-standard","has-post-thumbnail","hentry","category-andalucia","category-espana","tag-giralda","tag-sevilla"],"_links":{"self":[{"href":"https:\/\/www.vipealo.com\/blog\/wp-json\/wp\/v2\/posts\/2240","targetHints":{"allow":["GET"]}}],"collection":[{"href":"https:\/\/www.vipealo.com\/blog\/wp-json\/wp\/v2\/posts"}],"about":[{"href":"https:\/\/www.vipealo.com\/blog\/wp-json\/wp\/v2\/types\/post"}],"author":[{"embeddable":true,"href":"https:\/\/www.vipealo.com\/blog\/wp-json\/wp\/v2\/users\/1"}],"replies":[{"embeddable":true,"href":"https:\/\/www.vipealo.com\/blog\/wp-json\/wp\/v2\/comments?post=2240"}],"version-history":[{"count":2,"href":"https:\/\/www.vipealo.com\/blog\/wp-json\/wp\/v2\/posts\/2240\/revisions"}],"predecessor-version":[{"id":2245,"href":"https:\/\/www.vipealo.com\/blog\/wp-json\/wp\/v2\/posts\/2240\/revisions\/2245"}],"wp:featuredmedia":[{"embeddable":true,"href":"https:\/\/www.vipealo.com\/blog\/wp-json\/wp\/v2\/media\/2243"}],"wp:attachment":[{"href":"https:\/\/www.vipealo.com\/blog\/wp-json\/wp\/v2\/media?parent=2240"}],"wp:term":[{"taxonomy":"category","embeddable":true,"href":"https:\/\/www.vipealo.com\/blog\/wp-json\/wp\/v2\/categories?post=2240"},{"taxonomy":"post_tag","embeddable":true,"href":"https:\/\/www.vipealo.com\/blog\/wp-json\/wp\/v2\/tags?post=2240"}],"curies":[{"name":"wp","href":"https:\/\/api.w.org\/{rel}","templated":true}]}}