{"id":2191,"date":"2020-10-30T09:35:58","date_gmt":"2020-10-30T08:35:58","guid":{"rendered":"https:\/\/www.vipealo.com\/blog\/?p=2191"},"modified":"2021-05-20T17:08:17","modified_gmt":"2021-05-20T15:08:17","slug":"barcelona-la-capital-del-modernismo-de-antoni-gaudi","status":"publish","type":"post","link":"https:\/\/www.vipealo.com\/blog\/barcelona-la-capital-del-modernismo-de-antoni-gaudi\/","title":{"rendered":"Barcelona: la capital del modernismo de Antoni Gaud\u00ed"},"content":{"rendered":"<p>Barcelona no es solamente la capital de Catalu\u00f1a. Barcelona es vida, cultura, tranquilidad, tradici\u00f3n&#8230; Pero si algo es Barcelona es modernista.<\/p>\n<p>Antoni Gaud\u00ed es el m\u00e1ximo representante del modernismo catal\u00e1n, y esto mismo se puede observar en la gran cantidad de zonas y edificios que llevan su firma en la ciudad condal: el barrio de l&#8217;Example, le Passeig de Gracia, la Casa Batll\u00f3, la manzana de discordia, La Pedrera y la Sagrada Familia.<\/p>\n<p>Si lo que quieres es disfrutar de todas las obras maestras de Gaud\u00ed, te recomiendo uno de nuestros <a href=\"https:\/\/www.vipealo.com\/\">planes guays<\/a> para hacer en Barcelona, \u00a1no lo dudes!<\/p>\n<h3>Los barrios de l&#8217;Example.<\/h3>\n<p>Si hay un distrito modernista por excelencia en Barcelona es este, el distrito de l&#8217;Example. Este conjunto de barrios fue creado por el ingeniero Ildefons Cerd\u00e0, siendo su objetivo construir una ciudad que fuera igualitaria. Gracias a la industrializaci\u00f3n de finales del siglo XIX se pudo conseguir formar este distrito, cuya parte central fue el barrio burgu\u00e9s. Fue aqu\u00ed donde se empezaron a cocinar las claves del modernismo.<\/p>\n<p>Por supuesto, en este plan urban\u00edstico particip\u00f3, entre otros arquitectos, Antoni Gaud\u00ed, confeccionando el nuevo distrito modernista<span style=\"font-weight: 400;\">.<\/span><span style=\"font-weight: 400;\"> Para ello combin\u00f3<\/span>\u00a0las nuevas t\u00e9cnicas y los nuevos materiales junto con las t\u00e9cnicas tradicionales del momento.<\/p>\n<h3>Le passeig de Gracia<\/h3>\n<p>\u00bfSabes que esta gran avenida barcelonesa fue en sus or\u00edgenes parte de la Via Augusta? Este hecho nos hace pensar que ya desde sus inicios, el Paseo de Gracia fue concebido para ser nada menos que extraordinario.<\/p>\n<p>En la actualidad, el Paseo de Gracia de Barcelona es la calle m\u00e1s representativa del modernismo, debido a la gran cantidad de edificios modernistas que alberga, entre ellos, la Casa Batl\u00f3, la Pedrera y la Casa Ametller. Adem\u00e1s, es una avenida muy alegre que re\u00fane arte, ocio y compras de lujo.<\/p>\n<h3>La Casa Batll\u00f3 de Antoni Gaud\u00ed<\/h3>\n<p>Esta creaci\u00f3n de <a href=\"https:\/\/www.vipealo.com\/espana\/barcelona\/free-tour-del-modernismo-y-gaudi\">Gaud\u00ed<\/a> fue construida en a\u00f1o y medio gracias al pedido de D. Josep Batll\u00f3 <span style=\"font-weight: 400;\">que, <\/span><span style=\"font-weight: 400;\">adem\u00e1s, le confiri\u00f3 su nombre<\/span>. Pese a lo que pueda parecer, Gaud\u00ed evit\u00f3 que se derrumbase la anterior edificaci\u00f3n y consigui\u00f3, gracias a las formas y colores, convertir a la Casa Batll\u00f3 en uno de los iconos de la nueva Barcelona modernista.<\/p>\n<p>Tambi\u00e9n se la conoce por m\u00faltiples nombres como la casa de los huesos, la casa de las m\u00e1scaras, la casa de los bostezos o la casa del drag\u00f3n. Todo ello debido a las t\u00e9cnicas que utiliz\u00f3 Gaud\u00ed, creando diferentes perspectivas e incluso emociones de un mismo edificio.<\/p>\n<p>En la actualidad esta gran obra de Gaud\u00ed, declarada Patrimonio Mundial por la UNESCO, se puede visitar y es uno de los atractivos tur\u00edsticos m\u00e1s importantes de la ciudad.<\/p>\n<p><img loading=\"lazy\" decoding=\"async\" class=\"alignnone wp-image-2193 size-large\" title=\"Caso Batll\u00f3 de Gaud\u00ed\" src=\"https:\/\/www.vipealo.com\/blog\/wp-content\/uploads\/2020\/10\/AdobeStock_296329621_Editorial_Use_Only-1-compressed-1024x683.jpg\" alt=\"\" width=\"662\" height=\"442\" srcset=\"https:\/\/www.vipealo.com\/blog\/wp-content\/uploads\/2020\/10\/AdobeStock_296329621_Editorial_Use_Only-1-compressed-1024x683.jpg 1024w, https:\/\/www.vipealo.com\/blog\/wp-content\/uploads\/2020\/10\/AdobeStock_296329621_Editorial_Use_Only-1-compressed-300x200.jpg 300w, https:\/\/www.vipealo.com\/blog\/wp-content\/uploads\/2020\/10\/AdobeStock_296329621_Editorial_Use_Only-1-compressed-768x512.jpg 768w, https:\/\/www.vipealo.com\/blog\/wp-content\/uploads\/2020\/10\/AdobeStock_296329621_Editorial_Use_Only-1-compressed-1536x1024.jpg 1536w, https:\/\/www.vipealo.com\/blog\/wp-content\/uploads\/2020\/10\/AdobeStock_296329621_Editorial_Use_Only-1-compressed-2048x1365.jpg 2048w, https:\/\/www.vipealo.com\/blog\/wp-content\/uploads\/2020\/10\/AdobeStock_296329621_Editorial_Use_Only-1-compressed-561x374.jpg 561w, https:\/\/www.vipealo.com\/blog\/wp-content\/uploads\/2020\/10\/AdobeStock_296329621_Editorial_Use_Only-1-compressed-1122x748.jpg 1122w, https:\/\/www.vipealo.com\/blog\/wp-content\/uploads\/2020\/10\/AdobeStock_296329621_Editorial_Use_Only-1-compressed-364x243.jpg 364w, https:\/\/www.vipealo.com\/blog\/wp-content\/uploads\/2020\/10\/AdobeStock_296329621_Editorial_Use_Only-1-compressed-758x505.jpg 758w, https:\/\/www.vipealo.com\/blog\/wp-content\/uploads\/2020\/10\/AdobeStock_296329621_Editorial_Use_Only-1-compressed-608x405.jpg 608w, https:\/\/www.vipealo.com\/blog\/wp-content\/uploads\/2020\/10\/AdobeStock_296329621_Editorial_Use_Only-1-compressed-1152x768.jpg 1152w\" sizes=\"auto, (max-width: 662px) 100vw, 662px\" \/><\/p>\n<h3>La Manzana de la Discordia<\/h3>\n<p>La Manzana de la Discordia de Barcelona es un tramo del Paseo de Gracia donde se re\u00fanen los edificios m\u00e1s modernistas de la capital, formada as\u00ed por la casa Lle\u00f3 Morera, la Casa Amatller y la Casa Batll\u00f3.<\/p>\n<p>\u00bfPor qu\u00e9 se le llama \u00abla Manzana de la Discordia\u00bb a esta zona? Tenemos que acudir a la mitolog\u00eda griega, concretamente a la boda de Peleo y Tetis, para resolver este enigma. A esta boda fueron invitados todos los dioses salvo Eris, la diosa de la Discordia, quien finalmente acudi\u00f3 a la boda con una manzana dorada a modo de regalo. Pero no es oro todo lo que reluce, pues en ella estaba inscrita la palabra Kallisti (a la m\u00e1s bella), lo que cre\u00f3 una gran lucha entre mujeres hasta que Zeus orden\u00f3 a Paris que eligiese a la merecedora del regalo, resultando ser Afrodita.<\/p>\n<p class=\"section-desc\">Es interesante que se denomine as\u00ed debido a este episodio de la mitolog\u00eda griega, ya que en la realidad tambi\u00e9n exist\u00eda una gran rivalidad entre los arquitectos modernistas por conseguir el edificio m\u00e1s bello. Adem\u00e1s, es curioso que el s\u00edmbolo griego fuera una manzana, entendida como fruta, y aqu\u00ed se trate sobre una manzana entendida como espacio urbano.<\/p>\n<h3>La Pedrera de Antoni Gaud\u00ed<\/h3>\n<p>La Pedrera, tambi\u00e9n conocida como la Casa Mil\u00e0, fue un pedido que realiz\u00f3 el matrimonio Mil\u00e0-Segimon a Gaud\u00ed, una vez que se casaron en 1905. Para ello, escogieron una torre de edificios en pleno Paseo de Gracia.<\/p>\n<p>Esta edificaci\u00f3n recibi\u00f3 mucho inter\u00e9s al igual que bastante pol\u00e9mica. Para empezar, Gaud\u00ed quiso aunar funcionalidad con modernidad, consiguiendo el objetivo que persegu\u00eda. Pero la pol\u00e9mica vino de la mano con problemas legales, financieros y en la construcci\u00f3n del edificio.<\/p>\n<p>Gaud\u00ed super\u00f3 el presupuesto previamente acordado, super\u00f3 el volumen establecido por el Ayuntamiento (la azotea superaba el m\u00e1ximo permitido y una de las columnas del edificio se encontraba en parte del Paseo de Gracia). Finalmente estos problemas se solucionaron al indicar que el edificio m\u00e1s que una vivienda com\u00fan ser\u00eda concebido como monumento.<\/p>\n<p>Finalmente, Gaud\u00ed y Mil\u00e0 acabaron en los juzgados debatiendo los honorarios del primero. Como resultado, el se\u00f1or Mil\u00e0 tuvo que indemnizar a Gaud\u00ed quien destin\u00f3 la gran suma de ese dinero a un convento.<\/p>\n<p>De esta manera esta edificaci\u00f3n no solo tiene un gran valor art\u00edstico, sino que cuenta una historia cuanto menos curiosa.<\/p>\n<p><img loading=\"lazy\" decoding=\"async\" class=\"alignnone wp-image-2194 size-large\" title=\"La Pedrera de Gaud\u00ed\" src=\"https:\/\/www.vipealo.com\/blog\/wp-content\/uploads\/2020\/10\/AdobeStock_294251648_Editorial_Use_Only-1-compressed-1024x722.jpg\" alt=\"\" width=\"662\" height=\"467\" srcset=\"https:\/\/www.vipealo.com\/blog\/wp-content\/uploads\/2020\/10\/AdobeStock_294251648_Editorial_Use_Only-1-compressed-1024x722.jpg 1024w, https:\/\/www.vipealo.com\/blog\/wp-content\/uploads\/2020\/10\/AdobeStock_294251648_Editorial_Use_Only-1-compressed-300x212.jpg 300w, https:\/\/www.vipealo.com\/blog\/wp-content\/uploads\/2020\/10\/AdobeStock_294251648_Editorial_Use_Only-1-compressed-768x542.jpg 768w, https:\/\/www.vipealo.com\/blog\/wp-content\/uploads\/2020\/10\/AdobeStock_294251648_Editorial_Use_Only-1-compressed-1536x1084.jpg 1536w, https:\/\/www.vipealo.com\/blog\/wp-content\/uploads\/2020\/10\/AdobeStock_294251648_Editorial_Use_Only-1-compressed-2048x1445.jpg 2048w, https:\/\/www.vipealo.com\/blog\/wp-content\/uploads\/2020\/10\/AdobeStock_294251648_Editorial_Use_Only-1-compressed-561x396.jpg 561w, https:\/\/www.vipealo.com\/blog\/wp-content\/uploads\/2020\/10\/AdobeStock_294251648_Editorial_Use_Only-1-compressed-1122x792.jpg 1122w, https:\/\/www.vipealo.com\/blog\/wp-content\/uploads\/2020\/10\/AdobeStock_294251648_Editorial_Use_Only-1-compressed-364x257.jpg 364w, https:\/\/www.vipealo.com\/blog\/wp-content\/uploads\/2020\/10\/AdobeStock_294251648_Editorial_Use_Only-1-compressed-758x535.jpg 758w, https:\/\/www.vipealo.com\/blog\/wp-content\/uploads\/2020\/10\/AdobeStock_294251648_Editorial_Use_Only-1-compressed-608x429.jpg 608w, https:\/\/www.vipealo.com\/blog\/wp-content\/uploads\/2020\/10\/AdobeStock_294251648_Editorial_Use_Only-1-compressed-1152x813.jpg 1152w\" sizes=\"auto, (max-width: 662px) 100vw, 662px\" \/><\/p>\n<h3>La Sagrada Familia<\/h3>\n<p>Si hay una edificaci\u00f3n barcelonesa conocida a nivel mundial es la Sagrada Familia. \u00bfSabes cu\u00e1nto tiempo le dedic\u00f3 en vida Antoni Gaud\u00ed a su obra maestra? M\u00e1s de 40 a\u00f1os, siendo de todos sus proyectos, el m\u00e1s importante para el arquitecto. Se le encarg\u00f3 la obra cuando ten\u00eda 31 a\u00f1os y estuvo sus \u00faltimos 12 a\u00f1os dedicado en cuerpo y alma a esta original iglesia.<\/p>\n<p>Uno de los aspectos m\u00e1s interesantes en la construcci\u00f3n de este templo es la cantidad de arquitectos que han querido continuar la joya barcelonesa, ya que han sido cinco en total. Adem\u00e1s, debido a diversas dificultades que se han encontrado en la l\u00ednea temporal de su edificaci\u00f3n, hay que pensar en la dificultad de la bas\u00edlica, ya que sus dimensiones son colosales. Esto puede explicar que se pueda tardar en construir un total de 144 a\u00f1os estimados.<\/p>\n<p>El a\u00f1o en el que las obras finalicen se espera que sea 2026, cumpliendo justo con el centenario de la muerte de Gaud\u00ed.<\/p>\n<p>\u00bfNo ser\u00eda la mejor forma de valorar el gran aporte que hizo el arquitecto en la ciudad condal?<\/p>\n<p><img loading=\"lazy\" decoding=\"async\" class=\"alignnone wp-image-2195 size-large\" title=\"La Sagrada Familia de Gaud\u00ed\" src=\"https:\/\/www.vipealo.com\/blog\/wp-content\/uploads\/2020\/10\/AdobeStock_311134116-1-1024x731.jpeg\" alt=\"\" width=\"662\" height=\"473\" srcset=\"https:\/\/www.vipealo.com\/blog\/wp-content\/uploads\/2020\/10\/AdobeStock_311134116-1-1024x731.jpeg 1024w, https:\/\/www.vipealo.com\/blog\/wp-content\/uploads\/2020\/10\/AdobeStock_311134116-1-300x214.jpeg 300w, https:\/\/www.vipealo.com\/blog\/wp-content\/uploads\/2020\/10\/AdobeStock_311134116-1-768x549.jpeg 768w, https:\/\/www.vipealo.com\/blog\/wp-content\/uploads\/2020\/10\/AdobeStock_311134116-1-1536x1097.jpeg 1536w, https:\/\/www.vipealo.com\/blog\/wp-content\/uploads\/2020\/10\/AdobeStock_311134116-1-2048x1463.jpeg 2048w, https:\/\/www.vipealo.com\/blog\/wp-content\/uploads\/2020\/10\/AdobeStock_311134116-1-561x401.jpeg 561w, https:\/\/www.vipealo.com\/blog\/wp-content\/uploads\/2020\/10\/AdobeStock_311134116-1-1122x801.jpeg 1122w, https:\/\/www.vipealo.com\/blog\/wp-content\/uploads\/2020\/10\/AdobeStock_311134116-1-364x260.jpeg 364w, https:\/\/www.vipealo.com\/blog\/wp-content\/uploads\/2020\/10\/AdobeStock_311134116-1-758x541.jpeg 758w, https:\/\/www.vipealo.com\/blog\/wp-content\/uploads\/2020\/10\/AdobeStock_311134116-1-608x434.jpeg 608w, https:\/\/www.vipealo.com\/blog\/wp-content\/uploads\/2020\/10\/AdobeStock_311134116-1-1152x823.jpeg 1152w\" sizes=\"auto, (max-width: 662px) 100vw, 662px\" \/><\/p>\n<p>Adem\u00e1s, si te apetece hacer alg\u00fan tour por el continente europeo, <a href=\"https:\/\/www.vipealo.com\">busca otras actividades en Europa<\/a> por realizar, seguro que te llama alguna de las actividades que tenemos, \u00bfpor qu\u00e9 no pruebas con Italia?<\/p>\n","protected":false},"excerpt":{"rendered":"<p>Barcelona no es solamente la capital de Catalu\u00f1a. Barcelona es vida, cultura, tranquilidad, tradici\u00f3n&#8230; Pero si algo es Barcelona es modernista. Antoni Gaud\u00ed es el m\u00e1ximo representante del modernismo catal\u00e1n, y esto mismo se puede observar en la gran cantidad de zonas y edificios que llevan su firma en la ciudad condal: el barrio de &#8230; <a title=\"Barcelona: la capital del modernismo de Antoni Gaud\u00ed\" class=\"read-more\" href=\"https:\/\/www.vipealo.com\/blog\/barcelona-la-capital-del-modernismo-de-antoni-gaudi\/\" aria-label=\"Read more about Barcelona: la capital del modernismo de Antoni Gaud\u00ed\">Leer m\u00e1s<\/a><\/p>\n","protected":false},"author":1,"featured_media":2195,"comment_status":"open","ping_status":"open","sticky":false,"template":"","format":"standard","meta":{"footnotes":""},"categories":[57,46],"tags":[133,94,132],"class_list":["post-2191","post","type-post","status-publish","format-standard","has-post-thumbnail","hentry","category-cataluna","category-espana","tag-arte","tag-barcelona","tag-gaudi"],"_links":{"self":[{"href":"https:\/\/www.vipealo.com\/blog\/wp-json\/wp\/v2\/posts\/2191","targetHints":{"allow":["GET"]}}],"collection":[{"href":"https:\/\/www.vipealo.com\/blog\/wp-json\/wp\/v2\/posts"}],"about":[{"href":"https:\/\/www.vipealo.com\/blog\/wp-json\/wp\/v2\/types\/post"}],"author":[{"embeddable":true,"href":"https:\/\/www.vipealo.com\/blog\/wp-json\/wp\/v2\/users\/1"}],"replies":[{"embeddable":true,"href":"https:\/\/www.vipealo.com\/blog\/wp-json\/wp\/v2\/comments?post=2191"}],"version-history":[{"count":7,"href":"https:\/\/www.vipealo.com\/blog\/wp-json\/wp\/v2\/posts\/2191\/revisions"}],"predecessor-version":[{"id":2228,"href":"https:\/\/www.vipealo.com\/blog\/wp-json\/wp\/v2\/posts\/2191\/revisions\/2228"}],"wp:featuredmedia":[{"embeddable":true,"href":"https:\/\/www.vipealo.com\/blog\/wp-json\/wp\/v2\/media\/2195"}],"wp:attachment":[{"href":"https:\/\/www.vipealo.com\/blog\/wp-json\/wp\/v2\/media?parent=2191"}],"wp:term":[{"taxonomy":"category","embeddable":true,"href":"https:\/\/www.vipealo.com\/blog\/wp-json\/wp\/v2\/categories?post=2191"},{"taxonomy":"post_tag","embeddable":true,"href":"https:\/\/www.vipealo.com\/blog\/wp-json\/wp\/v2\/tags?post=2191"}],"curies":[{"name":"wp","href":"https:\/\/api.w.org\/{rel}","templated":true}]}}