{"id":21,"date":"2019-08-25T10:29:20","date_gmt":"2019-08-25T08:29:20","guid":{"rendered":"http:\/\/blog.vipealo.com\/?p=21"},"modified":"2021-05-21T11:24:53","modified_gmt":"2021-05-21T09:24:53","slug":"el-madrid-de-los-austrias-una-ruta-de-tapas-por-el-madrid-mas-clasico","status":"publish","type":"post","link":"https:\/\/www.vipealo.com\/blog\/el-madrid-de-los-austrias-una-ruta-de-tapas-por-el-madrid-mas-clasico\/","title":{"rendered":"El Madrid de los Austrias: una ruta de tapas por el Madrid m\u00e1s cl\u00e1sico"},"content":{"rendered":"<p>&nbsp;<\/p>\n<p>Entre los<strong>\u00a0barrios de Madrid,<\/strong>\u00a0ninguno es tan castizo y tan lleno de solera como el\u00a0<strong>Madrid de los Austrias.\u00a0<\/strong>Recibe este nombre porque fueron los primeros monarcas de la\u00a0<strong>Casa de Habsburgo, Carlos I y Felipe II<\/strong>, quienes ordenaron el inicio de la\u00a0<strong>expansi\u00f3n urban\u00edstica<\/strong>\u00a0de la zona, que anteriormente correspond\u00eda a un barrio medieval.<\/p>\n<p>Zona muy animada y llena de de\u00a0<strong>atractivos art\u00edsticos y culturales<\/strong>, no encontrar\u00e1s mejor forma de conocer todos sus tesoros que irte de\u00a0<strong>tapas por Madrid\u00a0<\/strong>por los numeros\u00edsimos\u00a0<strong>restaurantes, bares y tabernas<\/strong>\u00a0que pueblan sus calles. En el Madrid de los Austrias encontrar\u00e1s el aut\u00e9ntico esp\u00edritu de la ciudad, ese que te convierte en un madrile\u00f1o m\u00e1s en cuanto pones el pie en sus calles.<\/p>\n<p>Esta zona no tiene entidad administrativa, su nombre sirve como promoci\u00f3n de los\u00a0<strong>conjuntos monumentales<\/strong>\u00a0de los barrios, estos s\u00ed con entidad administrativa, de\u00a0<strong>Palacio y Sol<\/strong>.<\/p>\n<p>El\u00a0<strong>Madrid de los Austrias\u00a0<\/strong>abarca lo que podr\u00edamos llamar el casco viejo o hist\u00f3rico de la capital de Espa\u00f1a, con \u00e1reas de\u00a0<strong>Las Vistillas, \u00d3pera y La Latina<\/strong>, plazas como las de\u00a0<strong>Oriente, Mayor, la Paja, la Cebada, y la Puerta del Sol<\/strong>\u00a0y calles como la de\u00a0<strong>Toledo, Bail\u00e9n, Segovia, Arenal y Mayor.<\/strong><\/p>\n<p>Prep\u00e1rate para conocer el coraz\u00f3n de Madrid mientras pruebas algunas de las mejores tapas de la ciudad.<\/p>\n<h2><strong>Taberna Puertalsol<\/strong><\/h2>\n<p>Ubicada en la\u00a0<strong>azotea de El Corte Ingl\u00e9s<\/strong>, en la esquina de la\u00a0<strong>Calle Preciados<\/strong>\u00a0con la\u00a0<strong>Puerta del Sol,<\/strong>\u00a0est\u00e1 regentada por el popular\u00a0<strong>Alberto Chicote<\/strong>. Su oferta de\u00a0<strong>tapas<\/strong>\u00a0no puede ser m\u00e1s castiza, con sus\u00a0<strong>ahumados, patatas alioli y bravas o productos ib\u00e9ricos.<\/strong><\/p>\n<p>Desde all\u00ed podr\u00e1s disfrutar de una espectacular vista de Sol, con la\u00a0<strong>Casa de Correos<\/strong>,\u00a0<strong>el Oso y el Madro\u00f1o<\/strong>,\u00a0<strong>la estatua de Carlos III\u00a0<\/strong>y, por supuesto, el m\u00edtico cartel de\u00a0<strong>T\u00edo Pepe.<\/strong><\/p>\n<h2><strong>Taberna El Anciano Rey de los Vinos<\/strong><\/h2>\n<p><strong><img loading=\"lazy\" decoding=\"async\" class=\"alignnone wp-image-205 size-full\" src=\"http:\/\/blog.vipealo.com\/wp-content\/uploads\/2019\/08\/Austrias2.jpeg\" alt=\"\" width=\"850\" height=\"563\" srcset=\"https:\/\/www.vipealo.com\/blog\/wp-content\/uploads\/2019\/08\/Austrias2.jpeg 850w, https:\/\/www.vipealo.com\/blog\/wp-content\/uploads\/2019\/08\/Austrias2-300x199.jpeg 300w, https:\/\/www.vipealo.com\/blog\/wp-content\/uploads\/2019\/08\/Austrias2-768x509.jpeg 768w, https:\/\/www.vipealo.com\/blog\/wp-content\/uploads\/2019\/08\/Austrias2-561x372.jpeg 561w, https:\/\/www.vipealo.com\/blog\/wp-content\/uploads\/2019\/08\/Austrias2-364x241.jpeg 364w, https:\/\/www.vipealo.com\/blog\/wp-content\/uploads\/2019\/08\/Austrias2-758x502.jpeg 758w, https:\/\/www.vipealo.com\/blog\/wp-content\/uploads\/2019\/08\/Austrias2-608x403.jpeg 608w\" sizes=\"auto, (max-width: 850px) 100vw, 850px\" \/><\/strong><\/p>\n<p>Entrando, o saliendo, de la\u00a0<strong>Plaza de Oriente<\/strong>, y al lado del\u00a0<strong>Palacio de Oriente<\/strong>\u00a0y la\u00a0<strong>Catedral de la Almudena<\/strong>, desde 1909 es un cl\u00e1sico de la hora del\u00a0<strong>vermut<\/strong>\u00a0madrile\u00f1o, que aqu\u00ed lo sirven de grifo, con rodaja de naranja y aceituna en todo lo alto, como mandan los c\u00e1nones y las buenas costumbres. Sus\u00a0<strong>tapas de croquetas o gambas<\/strong>\u00a0son de las que te har\u00e1n soltar una lagrimilla de pura emoci\u00f3n.<\/p>\n<h2><strong>La Musa Latina<\/strong><\/h2>\n<p>Situada en la castiza y siempre animada\u00a0<strong>Plaza de la Paja<\/strong>, con sus hist\u00f3ricos edificios como\u00a0<strong>la Capilla del Obispo y el Palacio de los Vargas<\/strong>.<\/p>\n<p>Es un\u00a0<strong>local de lo m\u00e1s chic,<\/strong>\u00a0con una\u00a0<strong>terraza<\/strong>\u00a0para disfrutar de la noche madrile\u00f1a y con unas tapas de esc\u00e1ndalo divididas en tres tipos:\u00a0<strong>tapas Josper o al carb\u00f3n<\/strong>, como la de coliflor con yogur de s\u00e9samo, granada y c\u00farcuma;\u00a0<strong>tapas World<\/strong>, como las empanadillas japonesas de pollo al ponzu;\u00a0y\u00a0<strong>tapas Made in Spain<\/strong>, como las de tortilla espa\u00f1ola con guiso de jam\u00f3n ib\u00e9rico.<\/p>\n<p>Ah\u00ed queda eso.<\/p>\n<h2><strong>Taberna La Buha<\/strong><\/h2>\n<p>En la\u00a0<strong>Plaza de la Cebada<\/strong>, donde junto a la\u00a0<strong>calle Toledo<\/strong>\u00a0se encuentra el renovado\u00a0<strong>Mercado de la Cebada<\/strong>.<\/p>\n<p>Es una taberna de dos plantas en las que te ponen unas\u00a0<strong>tortillas rellenas\u00a0<\/strong>m\u00e1s grandes que las ruedas de un carro y unas<strong>\u00a0tapas<\/strong>con las que ya te puedes dar por cenado a la hora del vermut.<\/p>\n<h2><strong>Restaurante Los Galayos<\/strong><\/h2>\n<p>Para terminar tu\u00a0<em>tourn\u00e9e\u00a0<\/em>tapero, no puedes dejar de ir a la\u00a0<strong>Plaza Mayor,<\/strong>\u00a0que no es como perderse la Torre Eiffel cuando vas a Par\u00eds, pero casi. El\u00a0<strong>restaurante Los Galayos<\/strong>\u00a0es parte de la historia de Madrid desde el siglo XIX, y ya los\u00a0<strong>poetas del 27<\/strong>\u00a0recitaban all\u00ed sus versos entre tapa y tapa. En un marco incomparable, con\u00a0<strong>el Arco de Cuchilleros, la Casa de la Panader\u00eda y la estatua de Felipe II<\/strong>, podr\u00e1s disfrutar de un ambiente que nunca decae ni de d\u00eda ni de noche.<\/p>\n","protected":false},"excerpt":{"rendered":"<p>&nbsp; Entre los\u00a0barrios de Madrid,\u00a0ninguno es tan castizo y tan lleno de solera como el\u00a0Madrid de los Austrias.\u00a0Recibe este nombre porque fueron los primeros monarcas de la\u00a0Casa de Habsburgo, Carlos I y Felipe II, quienes ordenaron el inicio de la\u00a0expansi\u00f3n urban\u00edstica\u00a0de la zona, que anteriormente correspond\u00eda a un barrio medieval. Zona muy animada y llena &#8230; <a title=\"El Madrid de los Austrias: una ruta de tapas por el Madrid m\u00e1s cl\u00e1sico\" class=\"read-more\" href=\"https:\/\/www.vipealo.com\/blog\/el-madrid-de-los-austrias-una-ruta-de-tapas-por-el-madrid-mas-clasico\/\" aria-label=\"Read more about El Madrid de los Austrias: una ruta de tapas por el Madrid m\u00e1s cl\u00e1sico\">Leer m\u00e1s<\/a><\/p>\n","protected":false},"author":1,"featured_media":204,"comment_status":"closed","ping_status":"open","sticky":false,"template":"","format":"standard","meta":{"footnotes":""},"categories":[46,56],"tags":[306,28,26,102,307],"class_list":["post-21","post","type-post","status-publish","format-standard","has-post-thumbnail","hentry","category-espana","category-madrid","tag-austrias","tag-comida","tag-gastronomia","tag-restaurantes","tag-tapas"],"_links":{"self":[{"href":"https:\/\/www.vipealo.com\/blog\/wp-json\/wp\/v2\/posts\/21","targetHints":{"allow":["GET"]}}],"collection":[{"href":"https:\/\/www.vipealo.com\/blog\/wp-json\/wp\/v2\/posts"}],"about":[{"href":"https:\/\/www.vipealo.com\/blog\/wp-json\/wp\/v2\/types\/post"}],"author":[{"embeddable":true,"href":"https:\/\/www.vipealo.com\/blog\/wp-json\/wp\/v2\/users\/1"}],"replies":[{"embeddable":true,"href":"https:\/\/www.vipealo.com\/blog\/wp-json\/wp\/v2\/comments?post=21"}],"version-history":[{"count":3,"href":"https:\/\/www.vipealo.com\/blog\/wp-json\/wp\/v2\/posts\/21\/revisions"}],"predecessor-version":[{"id":203,"href":"https:\/\/www.vipealo.com\/blog\/wp-json\/wp\/v2\/posts\/21\/revisions\/203"}],"wp:featuredmedia":[{"embeddable":true,"href":"https:\/\/www.vipealo.com\/blog\/wp-json\/wp\/v2\/media\/204"}],"wp:attachment":[{"href":"https:\/\/www.vipealo.com\/blog\/wp-json\/wp\/v2\/media?parent=21"}],"wp:term":[{"taxonomy":"category","embeddable":true,"href":"https:\/\/www.vipealo.com\/blog\/wp-json\/wp\/v2\/categories?post=21"},{"taxonomy":"post_tag","embeddable":true,"href":"https:\/\/www.vipealo.com\/blog\/wp-json\/wp\/v2\/tags?post=21"}],"curies":[{"name":"wp","href":"https:\/\/api.w.org\/{rel}","templated":true}]}}