{"id":19,"date":"2019-08-25T10:29:33","date_gmt":"2019-08-25T08:29:33","guid":{"rendered":"http:\/\/blog.vipealo.com\/?p=19"},"modified":"2021-05-21T11:24:10","modified_gmt":"2021-05-21T09:24:10","slug":"rapa-das-bestas-un-espectaculo-en-todos-los-sentidos","status":"publish","type":"post","link":"https:\/\/www.vipealo.com\/blog\/rapa-das-bestas-un-espectaculo-en-todos-los-sentidos\/","title":{"rendered":"Rapa das bestas: un espect\u00e1culo en todos los sentidos"},"content":{"rendered":"<div class=\"page\">\n<div class=\"page-main\">\n<div class=\"my-3 my-md-5\">\n<div class=\"container\">\n<div class=\"row\">\n<div class=\"col-lg-9 col-md-12 col-sm-12\">\n<div class=\"card\">\n<div class=\"card-body articleview\">\n<p>&nbsp;<\/p>\n<p>Se denomina\u00a0<strong>Rapa das Bestas<\/strong>\u00a0a la conocida<strong>\u00a0fiesta tur\u00edstica y cultural<\/strong>\u00a0que se celebra en\u00a0<strong>diferentes pueblos gallegos durante el verano<\/strong>, y que consiste en\u00a0<strong>cortar las crines de los caballos<\/strong>, adem\u00e1s de curar las posibles heridas que pudieran tener y desparasitarlos.<\/p>\n<p>Recogidos por los montes de los alrededores en los d\u00edas anteriores a la celebraci\u00f3n, son conducidos a los curros, que son recintos cerrados donde son metidos los caballos, donde los potros son separados de sus mayores y enviados a un corral para evitar que puedan sufrir da\u00f1os.<\/p>\n<p>Posteriormente, 3 personas inmovilizan al equino, uno sujet\u00e1ndole la cola para evitar coces y los otros dos tap\u00e1ndole los ojos para que no se asuste, para a continuaci\u00f3n iniciar las\u00a0<strong>curas, desparasitaciones y rapas<\/strong>. Una vez hecho el trabajo, los caballos son dejados en libertad por los montes.<\/p>\n<p>Desde el 2018 se ha empezado a colocar\u00a0<strong>GPS<\/strong>\u00a0localizadores a yeguas y caballos para el estudio de sus costumbres y de la relevancia de estos<strong>\u00a0en Galicia<\/strong>,\u00a0 y para el control de los habituales incendios forestales que asolan sus comarcas en los veranos, entre otras cosas.<\/p>\n<p>Los caballos a los que se les practica la rapa son tanto\u00a0<strong>de pura sangre gallega como de razas mixtas.<\/strong><\/p>\n<p>La\u00a0<strong>Rapa das Bestas<\/strong>\u00a0m\u00e1s popular es la de la localidad pontevedresa de\u00a0<strong>Sabucedo,<\/strong>\u00a0que se celebra el\u00a0<strong>primer viernes de julio<\/strong>\u00a0y que dura 4 d\u00edas. De hecho es la\u00a0<strong>Rapa de Sabucedo<\/strong>\u00a0la que da nombre a esta celebraci\u00f3n, siendo denominada como\u00a0<strong>curros<\/strong>\u00a0en la mayor\u00eda de las otras localidades donde se celebran.<\/p>\n<h2>Actividades en la Rapa das Bestas<\/h2>\n<p>Cada localidad que celebra las rapas o curros programan sus propias actividades, que abarcan muchas m\u00e1s\u00a0<strong>atracciones<\/strong>\u00a0que las relativas a los propios caballos.<\/p>\n<p>Por ejemplo, en\u00a0<strong>Sabucedo<\/strong>, donde la fiesta tiene su origen en el\u00a0<strong>siglo XVIII<\/strong>\u00a0y est\u00e1 catalogada como de<strong>\u00a0Inter\u00e9s Tur\u00edstico Internacional<\/strong>, este mismo 2019 programaron hasta\u00a0<strong>25 diferentes actividades.<\/strong><\/p>\n<p>La\u00a0<strong>presentaci\u00f3n oficial<\/strong>\u00a0de la fiesta normalmente se realizar en el\u00a0<strong>Centro Galego de Madrid<\/strong>\u00a0y cuenta con la presencia de numerosas autoridades, touroperadores, agencias de turismo y medios de comunicaci\u00f3n, lo que da una impresi\u00f3n de la importancia y relevancia que esta celebraci\u00f3n est\u00e1 adquiriendo a\u00f1o tras a\u00f1o.<\/p>\n<p>Las fiestas incluyeron\u00a0<strong>homenajes a los aloitadores, misas, conciertos en el Festival Rapasons, charangas, verbenas y juegos para los ni\u00f1os.<\/strong>\u00a0Todo ello, por supuesto, regado con buenos\u00a0<strong>vinos Ribeiro, R\u00edas Baixas y Valdeorras<\/strong>, con unas espectaculares\u00a0<strong>empanadas gallegas\u00a0<\/strong>y todo tipo de exquisitos manjares de la rica gastronom\u00eda de la tierra. El buen comer nunca te falta en el norte de Espa\u00f1a, sea con fiesta o sin fiesta.<\/p>\n<h2>D\u00f3nde se celebra la Rapa das Bestas<\/h2>\n<p><img loading=\"lazy\" decoding=\"async\" class=\"alignnone wp-image-192 size-full\" src=\"http:\/\/blog.vipealo.com\/wp-content\/uploads\/2019\/08\/RapaBestas2.jpg\" alt=\"\" width=\"812\" height=\"609\" srcset=\"https:\/\/www.vipealo.com\/blog\/wp-content\/uploads\/2019\/08\/RapaBestas2.jpg 812w, https:\/\/www.vipealo.com\/blog\/wp-content\/uploads\/2019\/08\/RapaBestas2-300x225.jpg 300w, https:\/\/www.vipealo.com\/blog\/wp-content\/uploads\/2019\/08\/RapaBestas2-768x576.jpg 768w, https:\/\/www.vipealo.com\/blog\/wp-content\/uploads\/2019\/08\/RapaBestas2-192x144.jpg 192w, https:\/\/www.vipealo.com\/blog\/wp-content\/uploads\/2019\/08\/RapaBestas2-384x288.jpg 384w, https:\/\/www.vipealo.com\/blog\/wp-content\/uploads\/2019\/08\/RapaBestas2-90x68.jpg 90w, https:\/\/www.vipealo.com\/blog\/wp-content\/uploads\/2019\/08\/RapaBestas2-180x135.jpg 180w, https:\/\/www.vipealo.com\/blog\/wp-content\/uploads\/2019\/08\/RapaBestas2-561x421.jpg 561w, https:\/\/www.vipealo.com\/blog\/wp-content\/uploads\/2019\/08\/RapaBestas2-364x273.jpg 364w, https:\/\/www.vipealo.com\/blog\/wp-content\/uploads\/2019\/08\/RapaBestas2-758x569.jpg 758w, https:\/\/www.vipealo.com\/blog\/wp-content\/uploads\/2019\/08\/RapaBestas2-608x456.jpg 608w\" sizes=\"auto, (max-width: 812px) 100vw, 812px\" \/><\/p>\n<p>Tradici\u00f3n extendida por la totalidad de las verdes tierras gallegas, \u00e9stas son algunas de las rapas y curros m\u00e1s importantes:<\/p>\n<p>En\u00a0<strong>Pontevedra<\/strong>, aparte de la ya mencionada Rapa de Sabucedo, se celebran las de\u00a0<strong>Paradanta, Gali\u00f1eiro, Monte Castelo, San Cibr\u00e1n y Moug\u00e1s<\/strong>, entre otras.<\/p>\n<p>En la provincia de<strong>\u00a0Lugo<\/strong>\u00a0son muy conocidas las de\u00a0<strong>San Tom\u00e9, Campo do Oso y Candaoso.<\/strong><\/p>\n<p>En\u00a0<strong>La Coru\u00f1a<\/strong>\u00a0destacan las de\u00a0<strong>Campo de Areosa, As Canizadas y A Capelada<\/strong>.<\/p>\n<h2>Cu\u00e1ndo se celebra la Rapa das Bestas<\/h2>\n<p>Estas populares celebraciones se celebran en distintas fechas, dependiendo de la localidad, y abarcan en su totalidad los meses de\u00a0<strong>junio, julio y agosto.<\/strong><\/p>\n<p>Si, como la mayor\u00eda de los mortales en Espa\u00f1a, no puedes coger vacaciones en julio, puedes disfrutar de la rapa das bestas en las localidades de\u00a0<strong>Valle de Oro, La Ca\u00f1iza, Gondomar y Cotobade<\/strong>, que las celebran en el mes de<strong>\u00a0agosto<\/strong>.<\/p>\n<\/div>\n<\/div>\n<\/div>\n<\/div>\n<\/div>\n<\/div>\n<\/div>\n<\/div>\n<footer class=\"footer\">\n<div class=\"container\">\n<div class=\"row align-items-center flex-row-reverse\"><\/div>\n<\/div>\n<\/footer>\n","protected":false},"excerpt":{"rendered":"<p>&nbsp; Se denomina\u00a0Rapa das Bestas\u00a0a la conocida\u00a0fiesta tur\u00edstica y cultural\u00a0que se celebra en\u00a0diferentes pueblos gallegos durante el verano, y que consiste en\u00a0cortar las crines de los caballos, adem\u00e1s de curar las posibles heridas que pudieran tener y desparasitarlos. Recogidos por los montes de los alrededores en los d\u00edas anteriores a la celebraci\u00f3n, son conducidos a &#8230; <a title=\"Rapa das bestas: un espect\u00e1culo en todos los sentidos\" class=\"read-more\" href=\"https:\/\/www.vipealo.com\/blog\/rapa-das-bestas-un-espectaculo-en-todos-los-sentidos\/\" aria-label=\"Read more about Rapa das bestas: un espect\u00e1culo en todos los sentidos\">Leer m\u00e1s<\/a><\/p>\n","protected":false},"author":1,"featured_media":191,"comment_status":"open","ping_status":"open","sticky":false,"template":"","format":"standard","meta":{"footnotes":""},"categories":[46,50],"tags":[301,302,155,300,299],"class_list":["post-19","post","type-post","status-publish","format-standard","has-post-thumbnail","hentry","category-espana","category-galicia","tag-espectaculo","tag-fiesta","tag-pontevedra","tag-rapa-das-bestas","tag-sabucedo"],"_links":{"self":[{"href":"https:\/\/www.vipealo.com\/blog\/wp-json\/wp\/v2\/posts\/19","targetHints":{"allow":["GET"]}}],"collection":[{"href":"https:\/\/www.vipealo.com\/blog\/wp-json\/wp\/v2\/posts"}],"about":[{"href":"https:\/\/www.vipealo.com\/blog\/wp-json\/wp\/v2\/types\/post"}],"author":[{"embeddable":true,"href":"https:\/\/www.vipealo.com\/blog\/wp-json\/wp\/v2\/users\/1"}],"replies":[{"embeddable":true,"href":"https:\/\/www.vipealo.com\/blog\/wp-json\/wp\/v2\/comments?post=19"}],"version-history":[{"count":3,"href":"https:\/\/www.vipealo.com\/blog\/wp-json\/wp\/v2\/posts\/19\/revisions"}],"predecessor-version":[{"id":193,"href":"https:\/\/www.vipealo.com\/blog\/wp-json\/wp\/v2\/posts\/19\/revisions\/193"}],"wp:featuredmedia":[{"embeddable":true,"href":"https:\/\/www.vipealo.com\/blog\/wp-json\/wp\/v2\/media\/191"}],"wp:attachment":[{"href":"https:\/\/www.vipealo.com\/blog\/wp-json\/wp\/v2\/media?parent=19"}],"wp:term":[{"taxonomy":"category","embeddable":true,"href":"https:\/\/www.vipealo.com\/blog\/wp-json\/wp\/v2\/categories?post=19"},{"taxonomy":"post_tag","embeddable":true,"href":"https:\/\/www.vipealo.com\/blog\/wp-json\/wp\/v2\/tags?post=19"}],"curies":[{"name":"wp","href":"https:\/\/api.w.org\/{rel}","templated":true}]}}