{"id":176,"date":"2019-08-25T10:26:37","date_gmt":"2019-08-25T08:26:37","guid":{"rendered":"http:\/\/blog.vipealo.com\/?p=176"},"modified":"2021-05-21T12:52:18","modified_gmt":"2021-05-21T10:52:18","slug":"como-visitar-la-isla-de-la-cabrera","status":"publish","type":"post","link":"https:\/\/www.vipealo.com\/blog\/como-visitar-la-isla-de-la-cabrera\/","title":{"rendered":"C\u00f3mo visitar la Isla de la Cabrera"},"content":{"rendered":"<div class=\"page\">\n<div class=\"page-main\">\n<div class=\"my-3 my-md-5\">\n<div class=\"container\">\n<div class=\"row\">\n<div class=\"col-lg-9 col-md-12 col-sm-12\">\n<div class=\"card\">\n<div class=\"card-body articleview\">\n<p>&nbsp;<\/p>\n<p>La\u00a0<strong>isla de Cabrera<\/strong>\u00a0se sit\u00faa al sur de<strong>\u00a0Mallorca<\/strong>\u00a0y forma parte desde 1991 del\u00a0<strong>Parque nacional mar\u00edtimo-terrestre del Archipi\u00e9lago de Cabrera.<\/strong><\/p>\n<p>Con una peque\u00f1a poblaci\u00f3n en tiempos del Imperio Romano, estuvo deshabitada durante la Edad Media, cuando era refugio de piratas. Usada como prisi\u00f3n durante la Guerra de Independencia, en el siglo XX fue utilizada para realizar maniobras militares por el ej\u00e9rcito espa\u00f1ol, hasta su conversi\u00f3n en\u00a0<strong>paraje natural protegido.<\/strong><\/p>\n<h2><strong>Normas para visitar la isla de Cabrera<\/strong><\/h2>\n<p>Al igual que en el resto del Parque Nacional, est\u00e1\u00a0<strong>prohibido cualquier tipo de pesca<\/strong>, tanto deportiva como submarina.<\/p>\n<p>El \u00fanico<strong>\u00a0lugar habilitado para desembarcar es el muelle principal\u00a0<\/strong>de la isla. Si vas a visitar la Cabrera en una\u00a0<strong>embarcaci\u00f3n propia<\/strong>\u00a0deber\u00e1s solicitar una\u00a0<strong>autorizaci\u00f3n<\/strong>\u00a0de navegaci\u00f3n, y en su caso, de fondeo. En el caso de visitar la isla en alguno de los\u00a0<strong>transportes colectivos<\/strong>\u00a0que parten desde los puertos de<strong>\u00a0Porto Colom o la Colonia de Sant Jordi<\/strong>, ser\u00e1 necesario que reserves\u00a0<strong>plaza con antelaci\u00f3n.<\/strong><\/p>\n<p>Animales y plantas deben ser respetados, y al carecer\u00a0<strong>la Cabrera\u00a0<\/strong>de cualquier tipo de papelera, cuando la visites debes guardar cualquier desperdicio que generes, que deber\u00e1s depositar al final de tu excursi\u00f3n en alguno de los contenedores habilitados en los puertos de salida.<\/p>\n<p>Es necesario que lleves<strong>\u00a0tu propia comida<\/strong>, ya que\u00a0<strong>la Cabrera<\/strong>\u00a0carece de restaurantes, contando \u00fanicamente con una peque\u00f1a cantina que s\u00f3lo vende bebidas.<\/p>\n<p>Es recomendable que lleves el material habitual que se lleva a una excursi\u00f3n de monta\u00f1a, como\u00a0<strong>mochila, gafas de sol, protecci\u00f3n solar<\/strong>, etc. Tambi\u00e9n es buena idea que lleves unos\u00a0<strong>prism\u00e1ticos<\/strong>\u00a0para disfrutar a\u00fan m\u00e1s de las espectaculares vistas que ofrece la isla.<\/p>\n<h2><strong>Qu\u00e9 ver en Cabrera<\/strong><\/h2>\n<p><img loading=\"lazy\" decoding=\"async\" class=\"alignnone wp-image-467 size-full\" src=\"http:\/\/blog.vipealo.com\/wp-content\/uploads\/2019\/08\/Cabrera2.jpg\" alt=\"\" width=\"850\" height=\"638\" srcset=\"https:\/\/www.vipealo.com\/blog\/wp-content\/uploads\/2019\/08\/Cabrera2.jpg 850w, https:\/\/www.vipealo.com\/blog\/wp-content\/uploads\/2019\/08\/Cabrera2-300x225.jpg 300w, https:\/\/www.vipealo.com\/blog\/wp-content\/uploads\/2019\/08\/Cabrera2-768x576.jpg 768w, https:\/\/www.vipealo.com\/blog\/wp-content\/uploads\/2019\/08\/Cabrera2-192x144.jpg 192w, https:\/\/www.vipealo.com\/blog\/wp-content\/uploads\/2019\/08\/Cabrera2-384x288.jpg 384w, https:\/\/www.vipealo.com\/blog\/wp-content\/uploads\/2019\/08\/Cabrera2-90x68.jpg 90w, https:\/\/www.vipealo.com\/blog\/wp-content\/uploads\/2019\/08\/Cabrera2-180x135.jpg 180w, https:\/\/www.vipealo.com\/blog\/wp-content\/uploads\/2019\/08\/Cabrera2-561x421.jpg 561w, https:\/\/www.vipealo.com\/blog\/wp-content\/uploads\/2019\/08\/Cabrera2-364x273.jpg 364w, https:\/\/www.vipealo.com\/blog\/wp-content\/uploads\/2019\/08\/Cabrera2-758x569.jpg 758w, https:\/\/www.vipealo.com\/blog\/wp-content\/uploads\/2019\/08\/Cabrera2-608x456.jpg 608w\" sizes=\"auto, (max-width: 850px) 100vw, 850px\" \/><\/p>\n<p><strong>La Cabrera<\/strong>\u00a0no es una isla muy grande, y s\u00f3lo cuenta con un puesto de la Guardia Civil, una cantina con bebidas y un peque\u00f1o\u00a0<strong>albergue\u00a0<\/strong>con 12 habitaciones con ba\u00f1o, que es la mejor opci\u00f3n si quieres disfrutar de la isla durante m\u00e1s de un d\u00eda.<\/p>\n<h3><strong>Castillo de Cabrera<\/strong><\/h3>\n<p>Construcci\u00f3n medieval del siglo XV que serv\u00eda de\u00a0<strong>fortaleza<\/strong>\u00a0frente a los ataques de los piratas y desde el cual se alertaba de su presencia a la<strong>\u00a0isla de Mallorca<\/strong>\u00a0mediante se\u00f1ales hechas con fuego.<\/p>\n<p>Es una ascensi\u00f3n de un kil\u00f3metro y medio desde el muelle, y desde la altura tendr\u00e1s unas preciosas\u00a0<strong>vistas de la bah\u00eda<\/strong>\u00a0y de las mallorquinas monta\u00f1as de\u00a0<strong>Tramuntana y Art\u00e1.<\/strong><\/p>\n<h3><strong>Playas de Cabrera<\/strong><\/h3>\n<p>A 20 minutos caminando desde el muelle te encontrar\u00e1s con la\u00a0<strong>playa de Cabrera<\/strong>, y si caminas otros 20 m\u00e1s, podr\u00e1s darte un chapuz\u00f3n en la\u00a0<strong>playa de S\u2019Espalmador<\/strong>, cuyas aguas muestran una excepcional transparencia. Si te gusta practicar el\u00a0<strong>snorkel,<\/strong>podr\u00e1s contemplar nacras, estrellas de mar, corvinas, meros y pulpos que se te acercar\u00e1n sin ning\u00fan tipo de temor.<\/p>\n<h3><strong>Faro de Ensiola<\/strong><\/h3>\n<p>Para llegar hasta el faro ya hay que ser un andariego entrenado. Son\u00a0<strong>11 kil\u00f3metros desde el muelle\u00a0<\/strong>y puedes tardar unas 5 horas en completar la caminata. Durante el trayecto te acompa\u00f1ar\u00e1n las lagartijas baleares y numerosas aves, y desde la cumbre tendr\u00e1s una alucinante vista de un mar infinito.<\/p>\n<h3><strong>Colina de la Miranda<\/strong><\/h3>\n<p>Un paseo con historia, en cuyo trayecto pasar\u00e1s por la\u00a0<strong>casa de los Feli\u00fa<\/strong>, \u00faltimos propietarios de la Isla hasta que en 1916 fue expropiada por el Estado espa\u00f1ol, el\u00a0<strong>museo etnogr\u00e1fico\u00a0<\/strong>instalado en la cercana bodega de los mismos y el\u00a0<strong>monumento en memoria de los soldados franceses<\/strong>\u00a0que sufrieron prisi\u00f3n y muerte en la isla durante las guerras napole\u00f3nicas. Una vez en la cumbre. Tendr\u00e1s unas fant\u00e1sticas vistas del este y del norte de la isla, as\u00ed como del puerto.<\/p>\n<h3><strong>Sa Cova Blava<\/strong><\/h3>\n<p>La\u00a0<strong>Cueva Azul de Cabrera<\/strong>\u00a0es una gruta que el mar ha ido excavando a lo largo de eones en la roca calc\u00e1rea. Situada al norte de la isla, cuando el sol ilumina la cueva a media tarde produce unos e<strong>spectaculares efectos de color y luz<\/strong>, que provocan que las aguas parezcan estar pintadas en un azul el\u00e9ctrico.<\/p>\n<\/div>\n<\/div>\n<\/div>\n<\/div>\n<\/div>\n<\/div>\n<\/div>\n<\/div>\n<footer class=\"footer\">\n<div class=\"container\">\n<div class=\"row align-items-center flex-row-reverse\"><\/div>\n<\/div>\n<\/footer>\n","protected":false},"excerpt":{"rendered":"<p>&nbsp; La\u00a0isla de Cabrera\u00a0se sit\u00faa al sur de\u00a0Mallorca\u00a0y forma parte desde 1991 del\u00a0Parque nacional mar\u00edtimo-terrestre del Archipi\u00e9lago de Cabrera. Con una peque\u00f1a poblaci\u00f3n en tiempos del Imperio Romano, estuvo deshabitada durante la Edad Media, cuando era refugio de piratas. Usada como prisi\u00f3n durante la Guerra de Independencia, en el siglo XX fue utilizada para realizar &#8230; <a title=\"C\u00f3mo visitar la Isla de la Cabrera\" class=\"read-more\" href=\"https:\/\/www.vipealo.com\/blog\/como-visitar-la-isla-de-la-cabrera\/\" aria-label=\"Read more about C\u00f3mo visitar la Isla de la Cabrera\">Leer m\u00e1s<\/a><\/p>\n","protected":false},"author":1,"featured_media":466,"comment_status":"closed","ping_status":"open","sticky":false,"template":"","format":"standard","meta":{"footnotes":""},"categories":[46,62],"tags":[392,135],"class_list":["post-176","post","type-post","status-publish","format-standard","has-post-thumbnail","hentry","category-espana","category-islas-baleares","tag-cabrera","tag-isla"],"_links":{"self":[{"href":"https:\/\/www.vipealo.com\/blog\/wp-json\/wp\/v2\/posts\/176","targetHints":{"allow":["GET"]}}],"collection":[{"href":"https:\/\/www.vipealo.com\/blog\/wp-json\/wp\/v2\/posts"}],"about":[{"href":"https:\/\/www.vipealo.com\/blog\/wp-json\/wp\/v2\/types\/post"}],"author":[{"embeddable":true,"href":"https:\/\/www.vipealo.com\/blog\/wp-json\/wp\/v2\/users\/1"}],"replies":[{"embeddable":true,"href":"https:\/\/www.vipealo.com\/blog\/wp-json\/wp\/v2\/comments?post=176"}],"version-history":[{"count":3,"href":"https:\/\/www.vipealo.com\/blog\/wp-json\/wp\/v2\/posts\/176\/revisions"}],"predecessor-version":[{"id":468,"href":"https:\/\/www.vipealo.com\/blog\/wp-json\/wp\/v2\/posts\/176\/revisions\/468"}],"wp:featuredmedia":[{"embeddable":true,"href":"https:\/\/www.vipealo.com\/blog\/wp-json\/wp\/v2\/media\/466"}],"wp:attachment":[{"href":"https:\/\/www.vipealo.com\/blog\/wp-json\/wp\/v2\/media?parent=176"}],"wp:term":[{"taxonomy":"category","embeddable":true,"href":"https:\/\/www.vipealo.com\/blog\/wp-json\/wp\/v2\/categories?post=176"},{"taxonomy":"post_tag","embeddable":true,"href":"https:\/\/www.vipealo.com\/blog\/wp-json\/wp\/v2\/tags?post=176"}],"curies":[{"name":"wp","href":"https:\/\/api.w.org\/{rel}","templated":true}]}}