{"id":168,"date":"2019-08-25T10:26:37","date_gmt":"2019-08-25T08:26:37","guid":{"rendered":"http:\/\/blog.vipealo.com\/?p=168"},"modified":"2021-05-21T12:53:02","modified_gmt":"2021-05-21T10:53:02","slug":"plasencia-que-no-debes-perderte","status":"publish","type":"post","link":"https:\/\/www.vipealo.com\/blog\/plasencia-que-no-debes-perderte\/","title":{"rendered":"Plasencia: qu\u00e9 no debes perderte"},"content":{"rendered":"<div class=\"page\">\n<div class=\"page-main\">\n<div class=\"my-3 my-md-5\">\n<div class=\"container\">\n<div class=\"row\">\n<div class=\"col-lg-9 col-md-12 col-sm-12\">\n<div class=\"card\">\n<div class=\"card-body articleview\">\n<p>&nbsp;<\/p>\n<p>La cacere\u00f1a ciudad de\u00a0<strong>Plasencia<\/strong>\u00a0est\u00e1 ubicada en el norte de\u00a0<strong>Extremadura<\/strong>. Cuenta con una poblaci\u00f3n aproximada de 40 000 habitantes, siendo la segunda m\u00e1s habitada de la provincia y la cuarta de la comunidad aut\u00f3noma.<\/p>\n<p>Fundada en 1186 por el rey de Castilla Alfonso VIII en el contexto de la Reconquista, su econom\u00eda se basa principalmente en el sector terciario, teniendo el\u00a0<strong>turismo<\/strong>\u00a0un fuerte peso debido a su impresionante<strong>\u00a0riqueza monumental y arquitect\u00f3nica<\/strong>, considerada como\u00a0<strong>bien de inter\u00e9s cultural<\/strong>. Sus dos festividades m\u00e1s importantes son la\u00a0<strong>Semana Santa y el Martes Mayor<\/strong>, ambas declaradas\u00a0<strong>de inter\u00e9s tur\u00edstico<\/strong>. \u200b<\/p>\n<h2><strong>Qu\u00e9 ver en Plasencia<\/strong><\/h2>\n<p><img loading=\"lazy\" decoding=\"async\" class=\"alignnone wp-image-482 size-full\" src=\"http:\/\/blog.vipealo.com\/wp-content\/uploads\/2019\/08\/plasencia2.jpg\" alt=\"\" width=\"850\" height=\"638\" srcset=\"https:\/\/www.vipealo.com\/blog\/wp-content\/uploads\/2019\/08\/plasencia2.jpg 850w, https:\/\/www.vipealo.com\/blog\/wp-content\/uploads\/2019\/08\/plasencia2-300x225.jpg 300w, https:\/\/www.vipealo.com\/blog\/wp-content\/uploads\/2019\/08\/plasencia2-768x576.jpg 768w, https:\/\/www.vipealo.com\/blog\/wp-content\/uploads\/2019\/08\/plasencia2-192x144.jpg 192w, https:\/\/www.vipealo.com\/blog\/wp-content\/uploads\/2019\/08\/plasencia2-384x288.jpg 384w, https:\/\/www.vipealo.com\/blog\/wp-content\/uploads\/2019\/08\/plasencia2-90x68.jpg 90w, https:\/\/www.vipealo.com\/blog\/wp-content\/uploads\/2019\/08\/plasencia2-180x135.jpg 180w, https:\/\/www.vipealo.com\/blog\/wp-content\/uploads\/2019\/08\/plasencia2-561x421.jpg 561w, https:\/\/www.vipealo.com\/blog\/wp-content\/uploads\/2019\/08\/plasencia2-364x273.jpg 364w, https:\/\/www.vipealo.com\/blog\/wp-content\/uploads\/2019\/08\/plasencia2-758x569.jpg 758w, https:\/\/www.vipealo.com\/blog\/wp-content\/uploads\/2019\/08\/plasencia2-608x456.jpg 608w\" sizes=\"auto, (max-width: 850px) 100vw, 850px\" \/><\/p>\n<p><strong>Plasencia\u00a0<\/strong>es un monumento en s\u00ed misma y es imposible pasear por sus calle sin admirar cada dos pasos alguna de sus venerables piedras. Estos son algunos de los puntos de inter\u00e9s que no puedes perderte:<\/p>\n<ul>\n<li><strong>La Catedral Vieja<\/strong>. Construida en el siglo XII en estilo rom\u00e1nico, sus posteriores reformas del siglo XIV fueron realizadas en estilo g\u00f3tico.<\/li>\n<li><strong>La Catedral Nueva<\/strong>. La iglesia m\u00e1s grande de toda Extremadura, su construcci\u00f3n comenz\u00f3 en 1498 con un estilo renacentista salpicado de detalles g\u00f3ticos.<\/li>\n<li><strong>La Plaza Mayor<\/strong>. Coraz\u00f3n del casco hist\u00f3rico de\u00a0<strong>Plasencia<\/strong>, alberga\u00a0<strong>el Palacio Municipal, el Ayuntamiento y su Abuelo Mayorga.<\/strong><\/li>\n<li><strong>La Muralla medieval<\/strong>. En 1178 se inici\u00f3 su construcci\u00f3n, que rodea totalmente el casco hist\u00f3rico de la ciudad. La puedes visitar de forma gratuita, recorriendo buena parte de su recorrido y subiendo a sus espectaculares torres semicirculares. Las vistas de la ciudad son de aut\u00e9ntica postal. Es interesante pararse en sus diferentes\u00a0<strong>puertas (Sol, Trujillo y Berrozana)<\/strong>, y contemplar sus arcos y escudos.<\/li>\n<li><strong>Acueducto<\/strong>. Curiosamente su origen no es romano, como es habitual en estas obras de ingenier\u00eda civil, sino medieval. Fue construido en el siglo XVI, y cuenta con 300 metros de largo y una altura m\u00e1xima de 18 metros.<\/li>\n<li><strong>Palacio de los Marqueses de Mirabel<\/strong>. Situado en la\u00a0<strong>Plaza de San Vicente Ferrer<\/strong>, fue construido en el siglo XV con una mezcla de estilos renacentistas y g\u00f3ticos.<\/li>\n<li><strong>Iglesia de San Nicol\u00e1s<\/strong>. Ubicado en la\u00a0<strong>Plaza de San Nicol\u00e1s<\/strong>, este templo del siglo XIII de estilo rom\u00e1nico tard\u00edo fue transform\u00e1ndose en g\u00f3tico en sucesivas reformas.<\/li>\n<li><strong>Palacio de los Monroy.<\/strong>\u00a0Mansi\u00f3n se\u00f1orial de mayor antig\u00fcedad de\u00a0<strong>Plasencia<\/strong>, se encuentra igualmente en la Plaza de San Nicol\u00e1s.<\/li>\n<li><strong>Convento de Santo Domingo<\/strong>. En la actualidad es el\u00a0<strong>Parador de Plasencia<\/strong>. Del siglo XV, destaca la gran belleza de su claustro.<\/li>\n<li><strong>Puente de San L\u00e1zaro<\/strong>. Al lado de la\u00a0<strong>Ermita de San L\u00e1zaro<\/strong>, sobre el r\u00edo Jerte, este puente g\u00f3tico del siglo XVI, el m\u00e1s antiguo de la ciudad cacere\u00f1a, representa uno sus rincones de mayor encanto.<\/li>\n<li><strong>Parque de la Isla<\/strong>. En la ribera del\u00a0<strong>r\u00edo Jerte<\/strong>, sus\u00a0<strong>piscinas naturales<\/strong>\u00a0son ideales para los chapuzones de verano. Est\u00e1 unido a un\u00a0<strong>paseo fluvial\u00a0<\/strong>de 15 kil\u00f3metros de longitud, lo que convierte este paraje en un para\u00edso para andariegos, runners y amantes de la bicicleta.<\/li>\n<\/ul>\n<h2><strong>D\u00f3nde comer en Plasencia<\/strong><\/h2>\n<p>La\u00a0<strong>gastronom\u00eda extreme\u00f1a<\/strong>\u00a0es de las que hacen saltar l\u00e1grimas de emoci\u00f3n con sus benditos\u00a0<strong>productos porcinos<\/strong>, su\u00a0<strong>cordero<\/strong>\u00a0y sus espectaculares\u00a0<strong>quesos.<\/strong><\/p>\n<p><strong>Plasencia<\/strong>\u00a0tiene fama de ser uno de los lugares donde mejor se come de Extremadura.\u00a0<strong>Alrededor de su Plaza Mayor\u00a0<\/strong>ser\u00e1 complicado que los est\u00f3magos m\u00e1s exigentes no se den por satisfechos. Estos son algunos de sus restaurantes:<\/p>\n<ul>\n<li><strong>Bar Espa\u00f1ol.<\/strong>\u00a0Un cl\u00e1sico placentino decorado con espa\u00f1ol\u00edsimos motivos taurinos y con una amplia carta en la que destaca su\u00a0<strong>morcilla<\/strong>, su\u00a0<strong>h\u00edgado encebollado<\/strong>\u00a0y su tapa m\u00e1s caracter\u00edstica: la\u00a0<strong>Palomita<\/strong>, una corteza de trigo rellena de ensaladilla rusa.<\/li>\n<li><strong>La Pitanza del Gordo<\/strong>. Los\u00a0<strong>jamones\u00a0<\/strong>abarrotan su interior, lo que atrae a la gente como si el flautista de Hamelin estuviera dentro tocando un concierto. Su tapa estrella es la\u00a0<strong>morcilla patatera<\/strong>, cuyo exquisito sabor se realza con los buenos\u00a0<strong>vinos dulces<\/strong>\u00a0de la zona.<\/li>\n<li><strong>Cafeter\u00eda Succo<\/strong>. Con una decoraci\u00f3n m\u00e1s moderna, es un sitio estupendo para tomar las tapas de pie, entre las que destaca el\u00a0<strong>zorongollo extreme\u00f1o<\/strong>, tapa compuesta de patata, cebolla, jam\u00f3n y pimiento.<\/li>\n<\/ul>\n<\/div>\n<\/div>\n<\/div>\n<\/div>\n<\/div>\n<\/div>\n<\/div>\n<\/div>\n<footer class=\"footer\">\n<div class=\"container\">\n<div class=\"row align-items-center flex-row-reverse\"><\/div>\n<\/div>\n<\/footer>\n","protected":false},"excerpt":{"rendered":"<p>&nbsp; La cacere\u00f1a ciudad de\u00a0Plasencia\u00a0est\u00e1 ubicada en el norte de\u00a0Extremadura. Cuenta con una poblaci\u00f3n aproximada de 40 000 habitantes, siendo la segunda m\u00e1s habitada de la provincia y la cuarta de la comunidad aut\u00f3noma. Fundada en 1186 por el rey de Castilla Alfonso VIII en el contexto de la Reconquista, su econom\u00eda se basa principalmente &#8230; <a title=\"Plasencia: qu\u00e9 no debes perderte\" class=\"read-more\" href=\"https:\/\/www.vipealo.com\/blog\/plasencia-que-no-debes-perderte\/\" aria-label=\"Read more about Plasencia: qu\u00e9 no debes perderte\">Leer m\u00e1s<\/a><\/p>\n","protected":false},"author":1,"featured_media":481,"comment_status":"closed","ping_status":"open","sticky":false,"template":"","format":"standard","meta":{"footnotes":""},"categories":[46,54],"tags":[235,394],"class_list":["post-168","post","type-post","status-publish","format-standard","has-post-thumbnail","hentry","category-espana","category-extremadura","tag-caceres","tag-plasencia"],"_links":{"self":[{"href":"https:\/\/www.vipealo.com\/blog\/wp-json\/wp\/v2\/posts\/168","targetHints":{"allow":["GET"]}}],"collection":[{"href":"https:\/\/www.vipealo.com\/blog\/wp-json\/wp\/v2\/posts"}],"about":[{"href":"https:\/\/www.vipealo.com\/blog\/wp-json\/wp\/v2\/types\/post"}],"author":[{"embeddable":true,"href":"https:\/\/www.vipealo.com\/blog\/wp-json\/wp\/v2\/users\/1"}],"replies":[{"embeddable":true,"href":"https:\/\/www.vipealo.com\/blog\/wp-json\/wp\/v2\/comments?post=168"}],"version-history":[{"count":3,"href":"https:\/\/www.vipealo.com\/blog\/wp-json\/wp\/v2\/posts\/168\/revisions"}],"predecessor-version":[{"id":483,"href":"https:\/\/www.vipealo.com\/blog\/wp-json\/wp\/v2\/posts\/168\/revisions\/483"}],"wp:featuredmedia":[{"embeddable":true,"href":"https:\/\/www.vipealo.com\/blog\/wp-json\/wp\/v2\/media\/481"}],"wp:attachment":[{"href":"https:\/\/www.vipealo.com\/blog\/wp-json\/wp\/v2\/media?parent=168"}],"wp:term":[{"taxonomy":"category","embeddable":true,"href":"https:\/\/www.vipealo.com\/blog\/wp-json\/wp\/v2\/categories?post=168"},{"taxonomy":"post_tag","embeddable":true,"href":"https:\/\/www.vipealo.com\/blog\/wp-json\/wp\/v2\/tags?post=168"}],"curies":[{"name":"wp","href":"https:\/\/api.w.org\/{rel}","templated":true}]}}