{"id":164,"date":"2019-08-25T10:26:37","date_gmt":"2019-08-25T08:26:37","guid":{"rendered":"http:\/\/blog.vipealo.com\/?p=164"},"modified":"2021-05-21T12:55:08","modified_gmt":"2021-05-21T10:55:08","slug":"cavalls-del-vent-la-mejor-ruta-por-los-pirineos","status":"publish","type":"post","link":"https:\/\/www.vipealo.com\/blog\/cavalls-del-vent-la-mejor-ruta-por-los-pirineos\/","title":{"rendered":"Cavalls del Vent: la mejor ruta por los pirineos"},"content":{"rendered":"<div class=\"page\">\n<div class=\"page-main\">\n<div class=\"my-3 my-md-5\">\n<div class=\"container\">\n<div class=\"row\">\n<div class=\"col-lg-9 col-md-12 col-sm-12\">\n<div class=\"card\">\n<div class=\"card-body articleview\">\n<p>&nbsp;<\/p>\n<p>Si eres\u00a0<strong>amante de las caminatas y el senderismo<\/strong>, pero todav\u00eda no te atreves con rutas muy complejas, la traves\u00eda que te ofrece la ruta de\u00a0<strong>Cavalls de Vent es perfecta para ti<\/strong>.<\/p>\n<p>Situada entre las provincias de Barcelona, Girona y Lleida \u2014concretamente en el\u00a0<strong>Parque Natural del Cad\u00ed-Moixer\u00f3, en el centro del Pirineo Catal\u00e1n<\/strong>\u2014, aunque se prefiere una preparaci\u00f3n f\u00edsica razonable antes de hacerla, es de las rutas por los Pirineos, o Ultra Pirineus, m\u00e1s\u00a0<strong>asequibles para un tipo de p\u00fablico todav\u00eda no excesivamente experimentado<\/strong>. Adem\u00e1s, si te cansas o decides abandonar, tienen buenas comunicaciones durante todo el trayecto.<\/p>\n<p>Desde luego, solo por las\u00a0<strong>impresionantes vistas de los paisajes y la naturaleza<\/strong>\u00a0que puedes disfrutar durante la traves\u00eda,\u00a0<strong>merece la pena aventurarse.<\/strong><\/p>\n<h2><strong>Caballos del viento<\/strong><\/h2>\n<p>Inaugurada en el 2003, la ruta fue\u00a0<strong>bautizada como Cavalls del Vent por los 8 guardas de los refugios\u00a0<\/strong>del parque natural donde se sit\u00faa. Nombre que extrajeron de las banderas tibetanas de oraci\u00f3n que se colocan en las cimas de las monta\u00f1as del Himalaya.<\/p>\n<h2><strong>Etapas y jornadas en Cavalls del Vent<br \/>\n<\/strong><\/h2>\n<p><strong><img loading=\"lazy\" decoding=\"async\" class=\"alignnone wp-image-498 size-full\" src=\"http:\/\/blog.vipealo.com\/wp-content\/uploads\/2019\/08\/Pirineo2b.jpg\" alt=\"\" width=\"850\" height=\"566\" srcset=\"https:\/\/www.vipealo.com\/blog\/wp-content\/uploads\/2019\/08\/Pirineo2b.jpg 850w, https:\/\/www.vipealo.com\/blog\/wp-content\/uploads\/2019\/08\/Pirineo2b-300x200.jpg 300w, https:\/\/www.vipealo.com\/blog\/wp-content\/uploads\/2019\/08\/Pirineo2b-768x511.jpg 768w, https:\/\/www.vipealo.com\/blog\/wp-content\/uploads\/2019\/08\/Pirineo2b-561x374.jpg 561w, https:\/\/www.vipealo.com\/blog\/wp-content\/uploads\/2019\/08\/Pirineo2b-364x242.jpg 364w, https:\/\/www.vipealo.com\/blog\/wp-content\/uploads\/2019\/08\/Pirineo2b-758x505.jpg 758w, https:\/\/www.vipealo.com\/blog\/wp-content\/uploads\/2019\/08\/Pirineo2b-608x405.jpg 608w\" sizes=\"auto, (max-width: 850px) 100vw, 850px\" \/><\/strong><\/p>\n<p>La traves\u00eda completa gira\u00a0<strong>en torno a los 90 kil\u00f3metros<\/strong>, y las etapas est\u00e1n\u00a0<strong>planificadas para que sean 8<\/strong>, desde el primer refugio hasta el \u00faltimo, pasando por todos los dem\u00e1s. Normalmente se estipulan unos\u00a0<strong>5 d\u00edas<\/strong>\u00a0para realizar todo el trayecto, sin embargo,\u00a0<strong>cada uno puede planificar el tiempo<\/strong>\u00a0de las etapas y su distribuci\u00f3n seg\u00fan su situaci\u00f3n.<\/p>\n<p>Adem\u00e1s, la traves\u00eda\u00a0<strong>puede iniciarse desde cualquiera de los refugios<\/strong>, al ser una ruta circular no hay problema con el sentido en que se realice la caminata. Del mismo modo,\u00a0<strong>todo el camino va a estar muy bien se\u00f1alizado<\/strong>, lo cual va a ayudar a que sea m\u00e1s f\u00e1cil seguir la ruta sin desviarnos ni perdernos.<\/p>\n<p>Si no te atreves a ir por tu cuenta, existen multitud de agencias que te planifican la ruta bas\u00e1ndose en tus preferencias, y adem\u00e1s te ofrecen un gu\u00eda que te acompa\u00f1a durante la traves\u00eda.<\/p>\n<h2><strong>D\u00f3nde dormir durante la ruta de Cavalls del Vent<br \/>\n<\/strong><\/h2>\n<p>Vamos a tener que dormir en una serie de\u00a0<strong>refugios de monta\u00f1a<\/strong>, concretamente en los 8 refugios con los que cuenta el parque natural donde se encuentra, compartiendo habitaci\u00f3n principalmente; puesto que si hacemos la traves\u00eda completa, habr\u00e1 que hacer noche en estos diferentes refugios, llamados: Rebost, Niu de l&#8217;\u00c0liga, Serrat de les Esposes, Cortals de l&#8217;Ingla, Prat d&#8217;Aguil\u00f3, Llu\u00eds Estasen, Gresolet y Sant Jordi.<\/p>\n<p>No es necesario parar en los 8 refugios, pues eso depender\u00e1 del nivel que se tenga como senderista, as\u00ed como de lo largas que planifiques las etapas.<\/p>\n<h2><strong>D\u00f3nde comer durante la ruta por Cavalls del Vent<br \/>\n<\/strong><\/h2>\n<p>Vas a tener que llevarte\u00a0<strong>provisiones para cada etapa<\/strong>, pero una vez que llegues al\u00a0<strong>refugio<\/strong>\u00a0que te toque ese d\u00eda, all\u00ed\u00a0<strong>vas a encontrar de todo para reponer fuerzas<\/strong>, y los que ya han hecho la ruta hablan de que con hambre no te quedas cuando est\u00e1s en cualquiera de ellos. Algunas\u00a0<strong>agencias<\/strong>, a la hora de planificar toda la ruta, te incluyen tambi\u00e9n en el precio si quieres contratar pensi\u00f3n completa, lo cual\u00a0<strong>facilita mucho la hora de planear<\/strong>\u00a0el viaje.<\/p>\n<p>&nbsp;<\/p>\n<\/div>\n<\/div>\n<\/div>\n<\/div>\n<\/div>\n<\/div>\n<\/div>\n<\/div>\n<footer class=\"footer\">\n<div class=\"container\">\n<div class=\"row align-items-center flex-row-reverse\"><\/div>\n<\/div>\n<\/footer>\n","protected":false},"excerpt":{"rendered":"<p>&nbsp; Si eres\u00a0amante de las caminatas y el senderismo, pero todav\u00eda no te atreves con rutas muy complejas, la traves\u00eda que te ofrece la ruta de\u00a0Cavalls de Vent es perfecta para ti. Situada entre las provincias de Barcelona, Girona y Lleida \u2014concretamente en el\u00a0Parque Natural del Cad\u00ed-Moixer\u00f3, en el centro del Pirineo Catal\u00e1n\u2014, aunque se &#8230; <a title=\"Cavalls del Vent: la mejor ruta por los pirineos\" class=\"read-more\" href=\"https:\/\/www.vipealo.com\/blog\/cavalls-del-vent-la-mejor-ruta-por-los-pirineos\/\" aria-label=\"Read more about Cavalls del Vent: la mejor ruta por los pirineos\">Leer m\u00e1s<\/a><\/p>\n","protected":false},"author":1,"featured_media":497,"comment_status":"closed","ping_status":"open","sticky":false,"template":"","format":"standard","meta":{"footnotes":""},"categories":[57,46],"tags":[94,398,106,191,400],"class_list":["post-164","post","type-post","status-publish","format-standard","has-post-thumbnail","hentry","category-cataluna","category-espana","tag-barcelona","tag-cavalls-vent","tag-gerona","tag-lerida","tag-pirineos"],"_links":{"self":[{"href":"https:\/\/www.vipealo.com\/blog\/wp-json\/wp\/v2\/posts\/164","targetHints":{"allow":["GET"]}}],"collection":[{"href":"https:\/\/www.vipealo.com\/blog\/wp-json\/wp\/v2\/posts"}],"about":[{"href":"https:\/\/www.vipealo.com\/blog\/wp-json\/wp\/v2\/types\/post"}],"author":[{"embeddable":true,"href":"https:\/\/www.vipealo.com\/blog\/wp-json\/wp\/v2\/users\/1"}],"replies":[{"embeddable":true,"href":"https:\/\/www.vipealo.com\/blog\/wp-json\/wp\/v2\/comments?post=164"}],"version-history":[{"count":3,"href":"https:\/\/www.vipealo.com\/blog\/wp-json\/wp\/v2\/posts\/164\/revisions"}],"predecessor-version":[{"id":499,"href":"https:\/\/www.vipealo.com\/blog\/wp-json\/wp\/v2\/posts\/164\/revisions\/499"}],"wp:featuredmedia":[{"embeddable":true,"href":"https:\/\/www.vipealo.com\/blog\/wp-json\/wp\/v2\/media\/497"}],"wp:attachment":[{"href":"https:\/\/www.vipealo.com\/blog\/wp-json\/wp\/v2\/media?parent=164"}],"wp:term":[{"taxonomy":"category","embeddable":true,"href":"https:\/\/www.vipealo.com\/blog\/wp-json\/wp\/v2\/categories?post=164"},{"taxonomy":"post_tag","embeddable":true,"href":"https:\/\/www.vipealo.com\/blog\/wp-json\/wp\/v2\/tags?post=164"}],"curies":[{"name":"wp","href":"https:\/\/api.w.org\/{rel}","templated":true}]}}