{"id":1559,"date":"2019-10-15T11:14:25","date_gmt":"2019-10-15T09:14:25","guid":{"rendered":"http:\/\/blog.vipealo.com\/?p=1559"},"modified":"2021-05-20T17:28:51","modified_gmt":"2021-05-20T15:28:51","slug":"catedral-de-jaen-te-sorprendera","status":"publish","type":"post","link":"https:\/\/www.vipealo.com\/blog\/catedral-de-jaen-te-sorprendera\/","title":{"rendered":"Catedral de Ja\u00e9n, te sorprender\u00e1"},"content":{"rendered":"<p>&nbsp;<\/p>\n<p>En cualquier rinc\u00f3n de Espa\u00f1a nos podemos encontrar con excelentes muestras de arquitectura y arte religioso. Pero en esta ocasi\u00f3n quiero darte a conocer uno de mis \u00faltimos descubrimientos, la <strong>catedral de Ja\u00e9n<\/strong>, un espectacular edificio que bien merece una visita.<\/p>\n<h2><strong>Historia de la catedral de Ja\u00e9n<\/strong><\/h2>\n<p>En el <strong>siglo XVI<\/strong> se decidi\u00f3 construir en la <strong>plaza de Santa Mar\u00eda de Ja\u00e9n<\/strong> una catedral que sustituyera a la catedral g\u00f3tica que hab\u00eda en su momento. Las obras llevaron varios siglos, pero el resultado final fue una de las<strong> obras renacentistas m\u00e1s importantes que hay en Espa\u00f1a<\/strong>.<\/p>\n<p><img loading=\"lazy\" decoding=\"async\" src=\"http:\/\/blog.vipealo.com\/wp-content\/uploads\/2019\/10\/catedral-jaen-5.jpg\" width=\"850\" height=\"567\" \/><\/p>\n<p>Una vez finalizadas las obras exteriores todav\u00eda hubo que dedicar muchos a\u00f1os a la construcci\u00f3n y decoraci\u00f3n del interior y sus capillas. Incluso tuvo que pasar por un proceso de consolidaci\u00f3n de su fachada norte despu\u00e9s del terremoto de Lisboa de 1755.<\/p>\n<p>En 2012, despu\u00e9s de un proceso de varios a\u00f1os, fue inscrita en la <strong>Lista Indicativa de Espa\u00f1a del Patrimonio de la Humanidad como bien cultural<\/strong>.<\/p>\n<h2><strong>Un exterior espectacular<\/strong><\/h2>\n<p>En cuanto veas la catedral de Ja\u00e9n por fuera te vas a dar cuenta que no es como otros edificios religiosos que hayas visto con anterioridad. Las <strong>dos torres y la balaustrada<\/strong> de la Iglesia de Santa Mar\u00eda llaman inmediatamente la atenci\u00f3n del visitante.<\/p>\n<p>Es una de las pocas construcciones de este tipo que tenemos en Espa\u00f1a que tiene <strong>balcones<\/strong>. En total tiene 62 rodeando todo el per\u00edmetro, y todos ellos est\u00e1n conectados a trav\u00e9s de un <strong>pasillo central que da la vuelta completa al templo<\/strong> y que vas a poder recorrer tranquilamente, lo que te permitir\u00e1 ver a la vez tanto el interior como el exterior.<\/p>\n<h2><strong><img loading=\"lazy\" decoding=\"async\" src=\"http:\/\/blog.vipealo.com\/wp-content\/uploads\/2019\/10\/catedral-jaen-3.jpg\" width=\"850\" height=\"567\" \/><\/strong><\/h2>\n<h2><strong>El Santo Rostro<\/strong><\/h2>\n<p>La raz\u00f3n de la curiosa arquitectura de esta catedral es que se quer\u00edan usar los balcones para mostrar a los fieles el <strong>relicario del Santo Rostro<\/strong>, un pa\u00f1o impregnado con el sudor y las l\u00e1grimas de Jes\u00fas mientras iba de camino al calvario y en el que qued\u00f3 reflejada su cara.<\/p>\n<p>Este relicario se guarda normalmente en una caja fuerte bajo siete llaves en la Capilla Mayor, pero <strong>los fieles pueden verlo cada viernes en la capilla de El Camar\u00edn<\/strong>. Y si la imagen es impactante, desde luego el marco de oro que la rodea no es para menos, con cientos de esmeraldas, rub\u00edes y diamantes.<\/p>\n<h2><strong><img loading=\"lazy\" decoding=\"async\" src=\"http:\/\/blog.vipealo.com\/wp-content\/uploads\/2019\/10\/catedral-jaen-2.jpg\" width=\"850\" height=\"558\" \/><\/strong><\/h2>\n<h2><strong>Un \u00f3rgano con historia<\/strong><\/h2>\n<p>Otro elemento destacable de la catedral de Ja\u00e9n es su \u00f3rgano. En abril de 1937 la Legi\u00f3n C\u00f3ndor alemana bombarde\u00f3 Ja\u00e9n, causando una gran devastaci\u00f3n. Sin embargo, la catedral no se vio afectada.<\/p>\n<p>Esto se debe en parte a que se encerr\u00f3 dentro a los presos del bando nacional y a que los republicanos usaron los <strong>tubos del \u00f3rgano para que desde el cielo parecieran bater\u00edas antia\u00e9reas<\/strong> instaladas en lo alto de la catedral.<\/p>\n<p><img loading=\"lazy\" decoding=\"async\" src=\"http:\/\/blog.vipealo.com\/wp-content\/uploads\/2019\/10\/catedral-jaen-4.jpg\" width=\"850\" height=\"548\" \/><\/p>\n<p>Este edificio tiene muchos rincones que te van a sorprender y que est\u00e1n llenos de historia. Si quieres conocerlo, el <strong>horario de la catedral de Ja\u00e9n<\/strong> es de lunes a domingo de 8:30 a 14:00 horas y de 17:00 a 20:00 horas, con un precio de 5 \u20ac por entrada (para adultos) con audiogu\u00eda.<\/p>\n<p>Y si est\u00e1s por all\u00ed, no dudes en esperar a que anochezca y disfrutar de las vistas de la <strong>catedral de Ja\u00e9n de noche<\/strong>. \u00a1Merece la pena!<\/p>\n","protected":false},"excerpt":{"rendered":"<p>&nbsp; En cualquier rinc\u00f3n de Espa\u00f1a nos podemos encontrar con excelentes muestras de arquitectura y arte religioso. Pero en esta ocasi\u00f3n quiero darte a conocer uno de mis \u00faltimos descubrimientos, la catedral de Ja\u00e9n, un espectacular edificio que bien merece una visita. Historia de la catedral de Ja\u00e9n En el siglo XVI se decidi\u00f3 construir &#8230; <a title=\"Catedral de Ja\u00e9n, te sorprender\u00e1\" class=\"read-more\" href=\"https:\/\/www.vipealo.com\/blog\/catedral-de-jaen-te-sorprendera\/\" aria-label=\"Read more about Catedral de Ja\u00e9n, te sorprender\u00e1\">Leer m\u00e1s<\/a><\/p>\n","protected":false},"author":1,"featured_media":1554,"comment_status":"open","ping_status":"open","sticky":false,"template":"","format":"standard","meta":{"footnotes":""},"categories":[51,46],"tags":[119,90],"class_list":["post-1559","post","type-post","status-publish","format-standard","has-post-thumbnail","hentry","category-andalucia","category-espana","tag-catedral","tag-jaen"],"_links":{"self":[{"href":"https:\/\/www.vipealo.com\/blog\/wp-json\/wp\/v2\/posts\/1559","targetHints":{"allow":["GET"]}}],"collection":[{"href":"https:\/\/www.vipealo.com\/blog\/wp-json\/wp\/v2\/posts"}],"about":[{"href":"https:\/\/www.vipealo.com\/blog\/wp-json\/wp\/v2\/types\/post"}],"author":[{"embeddable":true,"href":"https:\/\/www.vipealo.com\/blog\/wp-json\/wp\/v2\/users\/1"}],"replies":[{"embeddable":true,"href":"https:\/\/www.vipealo.com\/blog\/wp-json\/wp\/v2\/comments?post=1559"}],"version-history":[{"count":1,"href":"https:\/\/www.vipealo.com\/blog\/wp-json\/wp\/v2\/posts\/1559\/revisions"}],"predecessor-version":[{"id":1633,"href":"https:\/\/www.vipealo.com\/blog\/wp-json\/wp\/v2\/posts\/1559\/revisions\/1633"}],"wp:featuredmedia":[{"embeddable":true,"href":"https:\/\/www.vipealo.com\/blog\/wp-json\/wp\/v2\/media\/1554"}],"wp:attachment":[{"href":"https:\/\/www.vipealo.com\/blog\/wp-json\/wp\/v2\/media?parent=1559"}],"wp:term":[{"taxonomy":"category","embeddable":true,"href":"https:\/\/www.vipealo.com\/blog\/wp-json\/wp\/v2\/categories?post=1559"},{"taxonomy":"post_tag","embeddable":true,"href":"https:\/\/www.vipealo.com\/blog\/wp-json\/wp\/v2\/tags?post=1559"}],"curies":[{"name":"wp","href":"https:\/\/api.w.org\/{rel}","templated":true}]}}