{"id":146,"date":"2019-08-25T10:26:38","date_gmt":"2019-08-25T08:26:38","guid":{"rendered":"http:\/\/blog.vipealo.com\/?p=146"},"modified":"2021-05-21T12:51:16","modified_gmt":"2021-05-21T10:51:16","slug":"10-cosas-para-ver-en-gran-canaria","status":"publish","type":"post","link":"https:\/\/www.vipealo.com\/blog\/10-cosas-para-ver-en-gran-canaria\/","title":{"rendered":"10 cosas para ver en Gran Canaria"},"content":{"rendered":"<div class=\"page\">\n<div class=\"page-main\">\n<div class=\"my-3 my-md-5\">\n<div class=\"container\">\n<div class=\"row\">\n<div class=\"col-lg-9 col-md-12 col-sm-12\">\n<div class=\"card\">\n<div class=\"card-body articleview\">\n<p><strong>\u00a0<\/strong><\/p>\n<p><strong>Gran Canaria<\/strong>\u00a0es la segunda isla m\u00e1s poblada de las\u00a0<strong>islas Canarias<\/strong>, despu\u00e9s de Tenerife, y la tercera en extensi\u00f3n y altitud, teniendo como punto m\u00e1s alto el\u00a0<strong>Morro de la Agujereada<\/strong>. Su capital,\u00a0<strong>Las Palmas de Gran Canaria<\/strong>, es la ciudad m\u00e1s poblada del archipi\u00e9lago, con casi 40 000 habitantes, adem\u00e1s de uno de los destinos tur\u00edsticos m\u00e1s importantes del pa\u00eds.<\/p>\n<p>Fundada en 1478, la ciudad cuenta con uno de los puertos m\u00e1s importantes. Pero hay mucho\u00a0<strong>que ver en Gran Canaria<\/strong>, m\u00e1s all\u00e1 de su capital. No en vano acoge a alrededor de 4 millones de turistas al a\u00f1o, atra\u00eddos por su importante\u00a0<strong>patrimonio art\u00edstico, hist\u00f3rico y cultural<\/strong>. En cuanto a su riqueza natural, s\u00f3lo decir que buena parte del sector occidental de la isla ha sido declarada\u00a0<strong>Reserva de la Biosfera.<\/strong><\/p>\n<p>A continuaci\u00f3n te mostramos algunos de los rincones m\u00e1s bellos\u00a0<strong>que visitar en Gran Canaria.<\/strong><\/p>\n<h2><strong>Dunas de Maspalomas<\/strong><\/h2>\n<p>Uno de los lugares imprescindibles que ver en\u00a0<strong>Gran Canaria<\/strong>.\u00a0<strong>Reserva Natural<\/strong>\u00a0situada al sur de la isla, en sus m\u00e1s de 400 hect\u00e1reas alberga sus fant\u00e1sticas dunas de doradas arenas, un palmeral, una laguna salobre y, en su extremo oriental, la famosa\u00a0<strong>Playa del Ingl\u00e9s<\/strong>. Los atardeceres en la zona son de una belleza incomparable.<\/p>\n<p><img loading=\"lazy\" decoding=\"async\" class=\"alignnone wp-image-447 size-full\" src=\"http:\/\/blog.vipealo.com\/wp-content\/uploads\/2019\/08\/GCanaria2.jpg\" alt=\"\" width=\"850\" height=\"1133\" srcset=\"https:\/\/www.vipealo.com\/blog\/wp-content\/uploads\/2019\/08\/GCanaria2.jpg 850w, https:\/\/www.vipealo.com\/blog\/wp-content\/uploads\/2019\/08\/GCanaria2-225x300.jpg 225w, https:\/\/www.vipealo.com\/blog\/wp-content\/uploads\/2019\/08\/GCanaria2-768x1024.jpg 768w, https:\/\/www.vipealo.com\/blog\/wp-content\/uploads\/2019\/08\/GCanaria2-561x748.jpg 561w, https:\/\/www.vipealo.com\/blog\/wp-content\/uploads\/2019\/08\/GCanaria2-749x999.jpg 749w, https:\/\/www.vipealo.com\/blog\/wp-content\/uploads\/2019\/08\/GCanaria2-364x485.jpg 364w, https:\/\/www.vipealo.com\/blog\/wp-content\/uploads\/2019\/08\/GCanaria2-758x1010.jpg 758w, https:\/\/www.vipealo.com\/blog\/wp-content\/uploads\/2019\/08\/GCanaria2-608x810.jpg 608w\" sizes=\"auto, (max-width: 850px) 100vw, 850px\" \/><\/p>\n<h2><strong>Puerto de Mog\u00e1n<\/strong><\/h2>\n<p>Peque\u00f1o pueblo ubicado\u00a0<strong>al final de la GC-1<\/strong>, es un pueblo con cierto estilo andaluz en el que por las fachadas reptan las buganvillas d\u00e1ndole un aspecto m\u00e1gico. Tiene adem\u00e1s\u00a0<strong>un peque\u00f1o puerto y una playa encantadora<\/strong>. Totalmente enfocado al turismo, la poblaci\u00f3n cuenta con todos los servicios, un buen n\u00famero de\u00a0<strong>bares y restaurantes y muchas tiendas<\/strong>\u00a0de souvenirs, moda y complementos. Uno de los rincones m\u00e1s bonitos y divertidos de\u00a0<strong>Gran Canaria.<\/strong><\/p>\n<h2><strong>Molino Quemado<\/strong><\/h2>\n<p>En el\u00a0<strong>Barranco de Mog\u00e1n<\/strong>, cerca del pueblo, se levanta este\u00a0<strong>molino harinero<\/strong>\u00a0del siglo XIX. Recibi\u00f3 el nombre porque durante d\u00e9cadas no fueron reparados los da\u00f1os que le provoc\u00f3 un incendio. En 1997 fue al fin restaurado y hoy es una de las construcciones m\u00e1s singulares de la isla. A su alrededor hay un precioso<strong>\u00a0jard\u00edn de cactus y adelfas.<\/strong>\u00a0Puede visitarse de forma gratuita.<\/p>\n<h2><strong>Roque Nublo<\/strong><\/h2>\n<p>Aut\u00e9ntico\u00a0<strong>s\u00edmbolo de la isla<\/strong>, se trata de un\u00a0<strong>monolito volc\u00e1nico<\/strong>\u00a0con una altura de unos 80 metros desde la base. Puedes ir hasta la misma roca, a ser posible con un calzado adecuado, o bien verlo desde el\u00a0<strong>Mirador de La Goleta<\/strong>, a unos 3 kil\u00f3metros, y hasta donde puedes llegar con el coche. Tiene un c\u00f3modo aparcamiento.<\/p>\n<h2><strong>Tejeda<\/strong><\/h2>\n<p>Considerado uno de los pueblos de mayor belleza de Espa\u00f1a, est\u00e1 situado en el\u00a0<strong>centro geogr\u00e1fico de la isla<\/strong>, con unas\u00a0<strong>casas blancas<\/strong>\u00a0que se recortan contra las monta\u00f1as circundantes. Entre sus estrechas calles descubrir\u00e1s monumentos muy interesantes como la\u00a0<strong>Iglesia de Nuestra Se\u00f1ora del Socorro<\/strong>, y desde lo\u00a0<strong>miradores\u00a0<\/strong>de la zona gozar\u00e1s de unas excelentes vistas, incluyendo la que da al<strong>\u00a0Roque Bentayga<\/strong>.<\/p>\n<p>El pueblo cuenta con una\u00a0<strong>Oficina de Turismo<\/strong>, as\u00ed como con algunas\u00a0<strong>casas rurales y restaurantes.<\/strong><\/p>\n<h2><strong>Mirador de El Balc\u00f3n<\/strong><\/h2>\n<p>Situado sobre un acantilado en la\u00a0<strong>Aldea de San Nicol\u00e1s<\/strong>, se llega por la\u00a0<strong>carretera GC-200<\/strong>. Cuenta con un peque\u00f1o<strong>\u00a0parking<\/strong>. Aparte de sus\u00a0<strong>vistas al Atl\u00e1ntico<\/strong>, si miras hacia el interior tendr\u00e1s tambi\u00e9n unas impresionantes vistas al valle y al\u00a0<strong>Barranco de la Arena.<\/strong><\/p>\n<h2><strong>Arucas<\/strong><\/h2>\n<p>Ubicado en la falda del\u00a0<strong>volc\u00e1n Arucas<\/strong>, esta localidad es una de las m\u00e1s animadas y bellas\u00a0<strong>que ver en Gran Canaria<\/strong>. Entre sus atractivos est\u00e1 la\u00a0<strong>Iglesia de san Juan Bautista<\/strong>, conocida como la\u00a0<strong>Catedral de Arucas<\/strong>. Tambi\u00e9n puedes hacer una visita a la\u00a0<strong>Destiler\u00eda Arehucas<\/strong>, donde podr\u00e1s aprender el proceso de elaboraci\u00f3n del famoso ron canario.<\/p>\n<h2><strong>Caldera de Bandama<\/strong><\/h2>\n<p><strong>Entre Las Palmas y Telde,\u00a0<\/strong>la<strong>\u00a0Caldera de Bandama<\/strong>\u00a0est\u00e1 calificada como\u00a0<strong>Monumento Natural<\/strong>. Con 1000 metros de di\u00e1metro y 216 de profundidad, esta caldera volc\u00e1nica tuvo su origen hace m\u00e1s de 5000 a\u00f1os. Puede recorrerse en una\u00a0<strong>ruta de senderismo<\/strong>, aunque hay que ser un andariego entrenado para poder superar su gran desnivel.<\/p>\n<h2><strong>Bufadero de la Garita<\/strong><\/h2>\n<p>Todo un espect\u00e1culo natural en\u00a0<strong>Telde<\/strong>. Cuando hay fuerte oleaje el agua sale disparada por los\u00a0<strong>g\u00e9iseres\u00a0<\/strong>con un sonido similar al de un animal salvaje. Digno de verse (y de o\u00edrse).<\/p>\n<h2><strong>Playa de Las Canteras<\/strong><\/h2>\n<p>Y no vamos a terminar nuestro recorrido si pararnos en la maravillosa ciudad de\u00a0<strong>Las Palmas de Gran Canaria<\/strong>. La\u00a0<strong>Playa de Las Canteras<\/strong>\u00a0es su playa urbana, de la que se sienten muy orgullosos todos los palme\u00f1os.<\/p>\n<\/div>\n<\/div>\n<\/div>\n<\/div>\n<\/div>\n<\/div>\n<\/div>\n<\/div>\n<footer class=\"footer\">\n<div class=\"container\">\n<div class=\"row align-items-center flex-row-reverse\"><\/div>\n<\/div>\n<\/footer>\n","protected":false},"excerpt":{"rendered":"<p>\u00a0 Gran Canaria\u00a0es la segunda isla m\u00e1s poblada de las\u00a0islas Canarias, despu\u00e9s de Tenerife, y la tercera en extensi\u00f3n y altitud, teniendo como punto m\u00e1s alto el\u00a0Morro de la Agujereada. Su capital,\u00a0Las Palmas de Gran Canaria, es la ciudad m\u00e1s poblada del archipi\u00e9lago, con casi 40 000 habitantes, adem\u00e1s de uno de los destinos tur\u00edsticos &#8230; <a title=\"10 cosas para ver en Gran Canaria\" class=\"read-more\" href=\"https:\/\/www.vipealo.com\/blog\/10-cosas-para-ver-en-gran-canaria\/\" aria-label=\"Read more about 10 cosas para ver en Gran Canaria\">Leer m\u00e1s<\/a><\/p>\n","protected":false},"author":1,"featured_media":446,"comment_status":"closed","ping_status":"open","sticky":false,"template":"","format":"standard","meta":{"footnotes":""},"categories":[46,63],"tags":[385],"class_list":["post-146","post","type-post","status-publish","format-standard","has-post-thumbnail","hentry","category-espana","category-islas-canarias","tag-gran-canaria"],"_links":{"self":[{"href":"https:\/\/www.vipealo.com\/blog\/wp-json\/wp\/v2\/posts\/146","targetHints":{"allow":["GET"]}}],"collection":[{"href":"https:\/\/www.vipealo.com\/blog\/wp-json\/wp\/v2\/posts"}],"about":[{"href":"https:\/\/www.vipealo.com\/blog\/wp-json\/wp\/v2\/types\/post"}],"author":[{"embeddable":true,"href":"https:\/\/www.vipealo.com\/blog\/wp-json\/wp\/v2\/users\/1"}],"replies":[{"embeddable":true,"href":"https:\/\/www.vipealo.com\/blog\/wp-json\/wp\/v2\/comments?post=146"}],"version-history":[{"count":3,"href":"https:\/\/www.vipealo.com\/blog\/wp-json\/wp\/v2\/posts\/146\/revisions"}],"predecessor-version":[{"id":448,"href":"https:\/\/www.vipealo.com\/blog\/wp-json\/wp\/v2\/posts\/146\/revisions\/448"}],"wp:featuredmedia":[{"embeddable":true,"href":"https:\/\/www.vipealo.com\/blog\/wp-json\/wp\/v2\/media\/446"}],"wp:attachment":[{"href":"https:\/\/www.vipealo.com\/blog\/wp-json\/wp\/v2\/media?parent=146"}],"wp:term":[{"taxonomy":"category","embeddable":true,"href":"https:\/\/www.vipealo.com\/blog\/wp-json\/wp\/v2\/categories?post=146"},{"taxonomy":"post_tag","embeddable":true,"href":"https:\/\/www.vipealo.com\/blog\/wp-json\/wp\/v2\/tags?post=146"}],"curies":[{"name":"wp","href":"https:\/\/api.w.org\/{rel}","templated":true}]}}