{"id":1220,"date":"2019-10-02T17:09:49","date_gmt":"2019-10-02T15:09:49","guid":{"rendered":"http:\/\/blog.vipealo.com\/?p=1220"},"modified":"2021-05-20T17:55:33","modified_gmt":"2021-05-20T15:55:33","slug":"potes-la-puerta-de-los-picos-de-europa","status":"publish","type":"post","link":"https:\/\/www.vipealo.com\/blog\/potes-la-puerta-de-los-picos-de-europa\/","title":{"rendered":"Potes, la puerta de los Picos de Europa"},"content":{"rendered":"<p>&nbsp;<\/p>\n<p>\u00bfVas a hacer pronto una visita a <strong>Potes en Los Picos de Europa<\/strong>? Aqu\u00ed te contamos todo <strong>lo que puedes ver y hacer en Potes,<\/strong> as\u00ed tu visita ser\u00e1 inolvidable.<\/p>\n<h2><strong>Qu\u00e9 ver en Potes<\/strong><\/h2>\n<h3><strong>Iglesia de San Vicente<\/strong><\/h3>\n<p>La <strong>Iglesia de San Vicente<\/strong> fue construida en el siglo XIV y remodelada en el siglo XIX debido a su estado ruinoso y que se hab\u00eda quedado peque\u00f1a para el tama\u00f1o del pueblo. En su interior encontraremos antiguos tesoros como sus <strong>retablos barrocos<\/strong>, que proceden del antiguo convento de San Raimundo que antiguamente exist\u00eda en el lugar. De entre todos sus retablos destaca <strong>la representaci\u00f3n de la Conversi\u00f3n de San Pablo<\/strong> y el que representa <strong>la imagen del Cristo de Burgos<\/strong>.<\/p>\n<h3><strong><img loading=\"lazy\" decoding=\"async\" src=\"http:\/\/blog.vipealo.com\/wp-content\/uploads\/2019\/10\/vistas-potes.jpg\" width=\"850\" height=\"567\" \/><\/strong><\/h3>\n<h3><strong>Antiguo Convento de San Raimundo<\/strong><\/h3>\n<p>El <strong>Antiguo Convento de San Raimundo<\/strong> fue <strong>construido en el siglo XVII por orden de Fray Toribio V\u00e9lez<\/strong>, y hasta el fin de la congregaci\u00f3n religiosa en 1837, alberg\u00f3 los retablos que hoy est\u00e1n en la Iglesia de San Vicente.<\/p>\n<p>En la actualidad solo se conserva la fachada y el claustro de la edificaci\u00f3n original, y en su interior acoge una <strong>exposici\u00f3n permanente sobre Los Picos de Europa y la comarca de Li\u00e9bana<\/strong>.<\/p>\n<h3><strong><img loading=\"lazy\" decoding=\"async\" src=\"http:\/\/blog.vipealo.com\/wp-content\/uploads\/2019\/10\/potes-rio.jpg\" width=\"850\" height=\"567\" \/><\/strong><\/h3>\n<h3><strong>Casco Hist\u00f3rico de Potes<\/strong><\/h3>\n<p>Esta es una de las visitas obligatorias en el pueblo de Potes. Aqu\u00ed pasearemos por un <strong>pintoresco conjunto de callejuelas<\/strong> rodeadas por casas construidas con la arquitectura tradicional de la zona. Tambi\u00e9n impresionan sus <strong>dos puentes<\/strong> que unen las dos partes de su casco hist\u00f3rico: <strong>el de San Cayetano y el de la C\u00e1rcel<\/strong>.<\/p>\n<h3><strong><img loading=\"lazy\" decoding=\"async\" src=\"http:\/\/blog.vipealo.com\/wp-content\/uploads\/2019\/10\/potes-torre.jpg\" width=\"850\" height=\"567\" \/><\/strong><\/h3>\n<h3><strong>Torre del Infantado<\/strong><\/h3>\n<p>La <strong>Torre del Infantado<\/strong> es uno de los principales s\u00edmbolos de potes y <strong>una de las edificaciones m\u00e1s reconocidas de Cantabria<\/strong>. Se trata de una casa-torre que se construy\u00f3 en el siglo XIV y que <strong>perteneci\u00f3 al Se\u00f1or de Li\u00e9bana, Don Tello<\/strong>.<\/p>\n<p>La torre est\u00e1 ubicada en el <strong>centro del casco hist\u00f3rico<\/strong> y para llegar hasta ella tendremos que subir una <strong>imponente escalinata<\/strong>. Podemos visitar su interior por un precio de 3 euros por adulto.<\/p>\n<h2><strong>Telef\u00e9rico a los Picos de Europa desde Fuente D\u00e9<\/strong><\/h2>\n<p>Pasando la localidad de Potes accederemos al <strong>telef\u00e9rico de Fuente D\u00e9<\/strong>, que nos llevar\u00e1 <strong>a una de las ubicaciones con las mejores vistas de la comarca de Li\u00e9bana<\/strong>. El trayecto de este telef\u00e9rico tarda 4 minutos y nos dejar\u00e1 a una altura de casi 1900 metros. En la parte de arriba del telef\u00e9rico encontraremos una cafeter\u00eda y un mirador desde donde podremos tener <strong>una vista panor\u00e1mica de todo el valle<\/strong>.<\/p>\n<p><strong>El precio<\/strong> del telef\u00e9rico ser\u00e1 de <strong>17 euros para adultos y 11 para ni\u00f1os<\/strong>. Es recomendable llevarlos reservado, ya que suele haber cola para comprar los tickets.<\/p>\n<h2><img loading=\"lazy\" decoding=\"async\" src=\"http:\/\/blog.vipealo.com\/wp-content\/uploads\/2019\/10\/fuente-de.jpg\" width=\"850\" height=\"567\" \/><\/h2>\n<h2><strong>Rutas a los Picos de Europa<\/strong><\/h2>\n<p>Siguiendo la carretera de <strong>Potes<\/strong> en direcci\u00f3n hacia Fuente D\u00e9 encontramos <strong>diversas traves\u00edas de senderismo hacia Los Picos de Europa<\/strong>:<\/p>\n<ul>\n<li><strong>Traves\u00eda de Horcados Rojos:<\/strong> en esta traves\u00eda subiremos hasta la cumbre de Horcados Rojos. Se inicia desde donde nos deja el telef\u00e9rico y tiene una distancia de 11 Km.<\/li>\n<li><strong>Traves\u00eda por los puertos de \u00c1vila:<\/strong> esta es una de las rutas preferidas por los senderistas que visitan esta zona. Esta es la opci\u00f3n para subir y bajar a pie el recorrido del telef\u00e9rico y recorre una distancia de 14,5 kil\u00f3metros, pero no tiene mucha dificultad.<\/li>\n<\/ul>\n<p>Como hemos podido ver, si nos gusta <strong>el senderismo y los entornos naturales<\/strong> una visita a <strong>Potes<\/strong> puede ser la opci\u00f3n perfecta para nosotros. Una vez all\u00ed seguro que no querremos irnos.<\/p>\n","protected":false},"excerpt":{"rendered":"<p>&nbsp; \u00bfVas a hacer pronto una visita a Potes en Los Picos de Europa? Aqu\u00ed te contamos todo lo que puedes ver y hacer en Potes, as\u00ed tu visita ser\u00e1 inolvidable. Qu\u00e9 ver en Potes Iglesia de San Vicente La Iglesia de San Vicente fue construida en el siglo XIV y remodelada en el siglo &#8230; <a title=\"Potes, la puerta de los Picos de Europa\" class=\"read-more\" href=\"https:\/\/www.vipealo.com\/blog\/potes-la-puerta-de-los-picos-de-europa\/\" aria-label=\"Read more about Potes, la puerta de los Picos de Europa\">Leer m\u00e1s<\/a><\/p>\n","protected":false},"author":1,"featured_media":1215,"comment_status":"open","ping_status":"open","sticky":false,"template":"","format":"standard","meta":{"footnotes":""},"categories":[59,46],"tags":[247,248],"class_list":["post-1220","post","type-post","status-publish","format-standard","has-post-thumbnail","hentry","category-cantabria","category-espana","tag-picos-de-europa","tag-potes"],"_links":{"self":[{"href":"https:\/\/www.vipealo.com\/blog\/wp-json\/wp\/v2\/posts\/1220","targetHints":{"allow":["GET"]}}],"collection":[{"href":"https:\/\/www.vipealo.com\/blog\/wp-json\/wp\/v2\/posts"}],"about":[{"href":"https:\/\/www.vipealo.com\/blog\/wp-json\/wp\/v2\/types\/post"}],"author":[{"embeddable":true,"href":"https:\/\/www.vipealo.com\/blog\/wp-json\/wp\/v2\/users\/1"}],"replies":[{"embeddable":true,"href":"https:\/\/www.vipealo.com\/blog\/wp-json\/wp\/v2\/comments?post=1220"}],"version-history":[{"count":1,"href":"https:\/\/www.vipealo.com\/blog\/wp-json\/wp\/v2\/posts\/1220\/revisions"}],"predecessor-version":[{"id":1302,"href":"https:\/\/www.vipealo.com\/blog\/wp-json\/wp\/v2\/posts\/1220\/revisions\/1302"}],"wp:featuredmedia":[{"embeddable":true,"href":"https:\/\/www.vipealo.com\/blog\/wp-json\/wp\/v2\/media\/1215"}],"wp:attachment":[{"href":"https:\/\/www.vipealo.com\/blog\/wp-json\/wp\/v2\/media?parent=1220"}],"wp:term":[{"taxonomy":"category","embeddable":true,"href":"https:\/\/www.vipealo.com\/blog\/wp-json\/wp\/v2\/categories?post=1220"},{"taxonomy":"post_tag","embeddable":true,"href":"https:\/\/www.vipealo.com\/blog\/wp-json\/wp\/v2\/tags?post=1220"}],"curies":[{"name":"wp","href":"https:\/\/api.w.org\/{rel}","templated":true}]}}