{"id":1029,"date":"2019-10-09T11:24:33","date_gmt":"2019-10-09T09:24:33","guid":{"rendered":"http:\/\/blog.vipealo.com\/?p=1029"},"modified":"2021-05-20T17:34:47","modified_gmt":"2021-05-20T15:34:47","slug":"peniscola-enclave-templario","status":"publish","type":"post","link":"https:\/\/www.vipealo.com\/blog\/peniscola-enclave-templario\/","title":{"rendered":"Pe\u00f1\u00edscola: Enclave templario"},"content":{"rendered":"<p>&nbsp;<\/p>\n<p><strong>Pe\u00f1\u00edscola<\/strong> es un precioso pueblo costero (no en vano pertenece a la red <strong>\u201cLos pueblos m\u00e1s bonitos de Espa\u00f1a\u201d<\/strong>), de la provincia de <strong>Castell\u00f3n<\/strong>. Importante centro tur\u00edstico por su incomparable marco geogr\u00e1fico, sus playas y su gran oferta cultural, tiene adem\u00e1s un importante <strong>patrimonio arquitect\u00f3nico<\/strong>, en el que destacan sus <strong>murallas<\/strong> y, especialmente, el famoso <strong>Castillo de Pe\u00f1\u00edscola<\/strong>.<\/p>\n<h2><strong><img loading=\"lazy\" decoding=\"async\" src=\"http:\/\/blog.vipealo.com\/wp-content\/uploads\/2019\/09\/peniscola-1.jpg\" width=\"850\" height=\"567\" \/><\/strong><\/h2>\n<h2><strong>El Castillo de los templarios de Pe\u00f1\u00edscola<\/strong><\/h2>\n<p>El <strong>Castillo Palacio<\/strong>, tambi\u00e9n conocido como el <strong>Castillo del Papa Luna<\/strong> <strong>de Pe\u00f1\u00edscola<\/strong>, fue construido por la <strong>Orden de los Templarios<\/strong> entre finales del siglo XIII y principios del XIV. Dominando toda la ciudad desde lo alto del pe\u00f1\u00f3n, esta fortaleza de <strong>estilo rom\u00e1nico<\/strong> es el gran emblema de esta localidad mediterr\u00e1nea.<\/p>\n<p>En 1411, el controvertido <strong>Benedicto XIII<\/strong>, el conocido <strong>Papa Luna<\/strong>, \u00faltimo de los papas investidos en <strong>Avi\u00f1\u00f3n<\/strong>, en oposici\u00f3n al <strong>Vaticano<\/strong>, traslad\u00f3 su residencia al<strong> Castillo de Pe\u00f1\u00edscola<\/strong>, convirti\u00e9ndolo en palacio pontificio hasta su muerte en 1423.<\/p>\n<p>Del <strong>Castillo de Pe\u00f1\u00edscola<\/strong> destaca su solidez y sobriedad, tanto en las dependencias templarias como en las pontificias que orden\u00f3 construir el Papa Luna. Destaca especialmente la <strong>b\u00f3veda del Cuerpo de Guardia<\/strong> y la <strong>Bas\u00edlica de los Templarios<\/strong>, donde llegaron a reposar los restos de este antipapa durante un tiempo.<\/p>\n<p>Entre los a\u00f1os 1519 y 1521, la \u00e9poca de las<strong> German\u00edas<\/strong>, la localidad castellonense fue sede de las fuerzas militares que se opon\u00edan a los agermanados, comandadas por el <strong>Virrey Diego Hurtado de Mendoza y Lemos.<\/strong><\/p>\n<p>Durante el reinado de <strong>Felipe II<\/strong>, entre los a\u00f1os 1556 y 1598. el <strong>Castillo de Pe\u00f1\u00edscola<\/strong> fue reforzado con<strong> nuevas defensas para la artiller\u00eda<\/strong>, ante los continuos ataques de los piratas berberiscos.<\/p>\n<h2><strong><img loading=\"lazy\" decoding=\"async\" src=\"http:\/\/blog.vipealo.com\/wp-content\/uploads\/2019\/09\/papa-luna.jpg\" width=\"850\" height=\"567\" \/><\/strong><\/h2>\n<h2><strong>El legado templario del Castillo de Pe\u00f1\u00edscola<\/strong><\/h2>\n<p>La <strong>Orden del Temple<\/strong> (1119-1312), mezcla de guerreros y monjes, llevaban un estilo de vida austero marcado por sus votos de obediencia, castidad y pobreza. Parad\u00f3jicamente, tambi\u00e9n administraban bienes de reyes, pr\u00edncipes y papas, por lo que pose\u00edan <strong>extraordinarias riquezas en todo el territorio de la Cristiandad<\/strong>, que inclu\u00edan numerosos castillos y feudos. <strong>Felipe IV<\/strong>, rey de Francia entre 1285 y 1314, vio la oportunidad de saldar sus numerosas deudas \u201cexpropiando\u201d a esta particular y poderosa orden, lo que<strong> precipit\u00f3 su disoluci\u00f3n.<\/strong><\/p>\n<p>Cuenta la leyenda que, viendo como se acercaba su final, los <strong>caballeros templarios<\/strong> trasladaron los tesoros que guardaban en el <strong>Temple de Par\u00eds al Castillo de Pe\u00f1\u00edscola<\/strong>, y que all\u00ed sigue enterrado. Hasta el momento no ha sido encontrado, aunque lo que s\u00ed es cierto es que cuando Felipe IV fue a incautar el <strong>tesoro templario de Par\u00eds<\/strong>, s\u00f3lo encontr\u00f3 telara\u00f1as.<\/p>\n<h2><strong><img loading=\"lazy\" decoding=\"async\" src=\"http:\/\/blog.vipealo.com\/wp-content\/uploads\/2019\/09\/peniscola-4.jpg\" width=\"850\" height=\"570\" \/><\/strong><\/h2>\n<h2><strong>C\u00f3mo llegar al Castillo de Pe\u00f1\u00edscola<\/strong><\/h2>\n<p>Llegar al castillo no es complicado, ya que es visible desde toda la ciudad. Desde el mismo <strong>casco viejo de Pe\u00f1\u00edscola<\/strong>, subiendo unas peque\u00f1as escaleras, llegar\u00e1s a la <strong>Bater\u00eda del Calvario<\/strong> y al <strong>Parque de Artiller\u00eda<\/strong>, donde podr\u00e1s adquirir las entradas.<\/p>\n<h2><strong><img loading=\"lazy\" decoding=\"async\" src=\"http:\/\/blog.vipealo.com\/wp-content\/uploads\/2019\/09\/peniscola-2.jpg\" width=\"850\" height=\"550\" \/><\/strong><\/h2>\n<h2><strong>Las entradas al Castillo de Pe\u00f1\u00edscola<\/strong><\/h2>\n<p>Una <strong>entrada de adulto<\/strong> cuesta 5 euros, a excepci\u00f3n de desempleados, menores de entre 9 y 16 a\u00f1os y mayores de 60, que s\u00f3lo deben pagar 3,50 euros. Los <strong>ni\u00f1os menores de 9 a\u00f1os<\/strong> tienen acceso gratuito al castillo.<\/p>\n<p>Los <strong>horarios de invierno<\/strong>, del 15 de octubre hasta el Domingo de Ramos, son desde las 10:30 hasta las 17:30 horas. El <strong>resto del a\u00f1o<\/strong> es de 09:30 hasta las 21:30 horas.<\/p>\n<p>&nbsp;<\/p>\n","protected":false},"excerpt":{"rendered":"<p>&nbsp; Pe\u00f1\u00edscola es un precioso pueblo costero (no en vano pertenece a la red \u201cLos pueblos m\u00e1s bonitos de Espa\u00f1a\u201d), de la provincia de Castell\u00f3n. Importante centro tur\u00edstico por su incomparable marco geogr\u00e1fico, sus playas y su gran oferta cultural, tiene adem\u00e1s un importante patrimonio arquitect\u00f3nico, en el que destacan sus murallas y, especialmente, el &#8230; <a title=\"Pe\u00f1\u00edscola: Enclave templario\" class=\"read-more\" href=\"https:\/\/www.vipealo.com\/blog\/peniscola-enclave-templario\/\" aria-label=\"Read more about Pe\u00f1\u00edscola: Enclave templario\">Leer m\u00e1s<\/a><\/p>\n","protected":false},"author":1,"featured_media":1024,"comment_status":"open","ping_status":"open","sticky":false,"template":"","format":"standard","meta":{"footnotes":""},"categories":[52,46],"tags":[170,171],"class_list":["post-1029","post","type-post","status-publish","format-standard","has-post-thumbnail","hentry","category-comunidad-valenciana","category-espana","tag-castellon","tag-peniscola"],"_links":{"self":[{"href":"https:\/\/www.vipealo.com\/blog\/wp-json\/wp\/v2\/posts\/1029","targetHints":{"allow":["GET"]}}],"collection":[{"href":"https:\/\/www.vipealo.com\/blog\/wp-json\/wp\/v2\/posts"}],"about":[{"href":"https:\/\/www.vipealo.com\/blog\/wp-json\/wp\/v2\/types\/post"}],"author":[{"embeddable":true,"href":"https:\/\/www.vipealo.com\/blog\/wp-json\/wp\/v2\/users\/1"}],"replies":[{"embeddable":true,"href":"https:\/\/www.vipealo.com\/blog\/wp-json\/wp\/v2\/comments?post=1029"}],"version-history":[{"count":1,"href":"https:\/\/www.vipealo.com\/blog\/wp-json\/wp\/v2\/posts\/1029\/revisions"}],"predecessor-version":[{"id":1522,"href":"https:\/\/www.vipealo.com\/blog\/wp-json\/wp\/v2\/posts\/1029\/revisions\/1522"}],"wp:featuredmedia":[{"embeddable":true,"href":"https:\/\/www.vipealo.com\/blog\/wp-json\/wp\/v2\/media\/1024"}],"wp:attachment":[{"href":"https:\/\/www.vipealo.com\/blog\/wp-json\/wp\/v2\/media?parent=1029"}],"wp:term":[{"taxonomy":"category","embeddable":true,"href":"https:\/\/www.vipealo.com\/blog\/wp-json\/wp\/v2\/categories?post=1029"},{"taxonomy":"post_tag","embeddable":true,"href":"https:\/\/www.vipealo.com\/blog\/wp-json\/wp\/v2\/tags?post=1029"}],"curies":[{"name":"wp","href":"https:\/\/api.w.org\/{rel}","templated":true}]}}